{"id":37034,"date":"2015-09-25T09:37:57","date_gmt":"2015-09-25T12:37:57","guid":{"rendered":"http:\/\/argentinamunicipal.com.ar\/argentina\/?p=37034"},"modified":"2015-09-25T09:37:57","modified_gmt":"2015-09-25T12:37:57","slug":"rafaela-inauguro-una-biblioteca-en-braille","status":"publish","type":"post","link":"http:\/\/argentinamunicipal.com.ar\/argentina\/rafaela-inauguro-una-biblioteca-en-braille\/","title":{"rendered":"Rafaela inaugur\u00f3 una Biblioteca en Braille"},"content":{"rendered":"<p><a href=\"http:\/\/argentinamunicipal.com.ar\/argentina\/wp-content\/uploads\/2015\/09\/47669-0000.jpg\"><img loading=\"lazy\" decoding=\"async\" class=\"aligncenter  wp-image-37035\" src=\"http:\/\/argentinamunicipal.com.ar\/argentina\/wp-content\/uploads\/2015\/09\/47669-0000.jpg\" alt=\"47669-0000\" width=\"642\" height=\"428\" srcset=\"http:\/\/argentinamunicipal.com.ar\/argentina\/wp-content\/uploads\/2015\/09\/47669-0000.jpg 950w, http:\/\/argentinamunicipal.com.ar\/argentina\/wp-content\/uploads\/2015\/09\/47669-0000-300x200.jpg 300w\" sizes=\"auto, (max-width: 642px) 100vw, 642px\" \/><\/a><br \/>\nEl espacio es una extensi\u00f3n de la Editora Nacional Braille y Libro Parlante que ponen al alcance de personas disminuidas en su visi\u00f3n o ciegas, obras de literatura universal, argentina, y latinoamericana; inter\u00e9s general; publicaciones cient\u00edficas y textos infantiles, entre otros.<\/p>\n<p>La Editora Nacional Braille y Libro Parlante fue fundada en 1941 y es la \u00fanica imprenta oficial para personas ciegas en todo el pa\u00eds. Su personal -que en un 70 por ciento est\u00e1 integrado por personas con discapacidades visuales- transcribe libros al sistema Braille, edita las revistas Correo del Sur, de inter\u00e9s general; Nosotras ahora, dirigida a mujeres, y presta gratuitamente a lectores de todo el pa\u00eds y del exterior los t\u00edtulos que posee que abarcan m\u00e1s de 50 g\u00e9neros.<\/p>\n<p>La Editora est\u00e1 compuesta por dos bibliotecas: la Juli\u00e1n Baquero, que cuenta con 4.000 libros en sistema braille, y Libro Parlante, con 1.500 audiolibros (textos grabados en formato anal\u00f3gico y digital).<\/p>\n<p>El Ministerio de Desarrollo Social de Naci\u00f3n es el organismo que se encarga de su sostenimiento con el fin de facilitar el acceso a la educaci\u00f3n, la informaci\u00f3n, la cultura y el esparcimiento, adaptando distintos tipos de materiales de lectura.<\/p>\n<p>La presentaci\u00f3n en sociedad de estas nuevas posibilidades se realiz\u00f3 durante la Semana del Libro, una agenda de propuestas organizada desde la Secretar\u00eda de Educaci\u00f3n municipal a partir del programa Rafaela Lee.<\/p>\n<p>Fue, precisamente, la coordinadora de este programa, Claudia Manera, quien destac\u00f3 la satisfacci\u00f3n por haber logrado la llegada de la biblioteca para discapacitados visuales al se\u00f1alar que \u201c\u00e9ste es un proyecto que estaba pendiente y pensamos que iba a ser complejo, pero se dieron las energ\u00edas y las ganas de tenerlo. Y esto implica permitirle la lectura a otras personas iguales, que leen de otro modo\u201d.<\/p>\n<p>Por su parte, el secretario de Educaci\u00f3n, Guillermo S\u00e1enz, defini\u00f3 que hablar de inclusi\u00f3n implica tomar medidas concretas. \u201cHoy, se habla mucho de la inclusi\u00f3n y de su contrafigura que es la exclusi\u00f3n y, quiz\u00e1s, una de las formas m\u00e1s dolorosas de exclusi\u00f3n es no tener garantizado el acceso a los bienes culturales. En la sociedad del conocimiento, no poder leer, no poder disfrutar de los libros, de una pel\u00edcula, de un concierto, realmente es privarnos de bienes que son muy ricos y que, espiritualmente, nos hacen sentir m\u00e1s plenos\u201d.<\/p>\n<p>Otra revoluci\u00f3n<\/p>\n<p>La Semana del Libro se desarroll\u00f3 del 13 al 20 de septiembre y tuvo una intensa agenda de actividades que incluy\u00f3 conferencias de escritores, talleres literarios, espect\u00e1culos para toda la familia, propuestas especiales para las escuelas, presentaciones de libros y de editoriales alternativas, proyecciones audiovisuales, exposiciones y Feria del libro, con el fin de promover el h\u00e1bito de lectura en la ciudadan\u00eda.<\/p>\n<p>El Centro Cultural Viejo Mercado fue el epicentro de esta actividad, con la Biblioteca P\u00fablica, el Archivo Municipal y sus numerosas salas, transformadas para la ocasi\u00f3n y la constante fue la numerosa y permanente presencia de alumnos y p\u00fablico.<\/p>\n<p>Asimismo, se sucedieron visitas de lujo durante toda la semana, las que le dieron relieve a la programaci\u00f3n con conferencias, presentaciones y talleres de escritores de la talla de Alfredo Zaiat, Carlos G\u00f3mez, Carlos Antognazzi, Beatriz Actis, Reynaldo Jim\u00e9nez, Nora Didier, Oscar Ag\u00fa, Irma Verol\u00edn, Ang\u00e9lica Gorodischer, Gloria Casa\u00f1as y Mar\u00eda Teresa Andruetto.<\/p>\n<p>En suma, m\u00e1s de 3.000 rafaelinos y rafaelinas de todas las edades desfilaron por el Centro Cultural Viejo Mercado y confirmaron que el inter\u00e9s por la lectura es grande en la ciudad y alienta a hacer crecer la propuesta.<\/p>\n<h6>Fuente: El Litoral, Santa Fe<\/h6>\n","protected":false},"excerpt":{"rendered":"<p>El espacio es una extensi\u00f3n de la Editora Nacional Braille y Libro Parlante que ponen al alcance de personas disminuidas en su visi\u00f3n o ciegas, obras de literatura universal, argentina, y latinoamericana; inter\u00e9s general; publicaciones cient\u00edficas y textos infantiles, entre otros. La Editora Nacional Braille y Libro Parlante fue fundada en 1941 y es la<\/p>\n","protected":false},"author":2,"featured_media":37035,"comment_status":"closed","ping_status":"closed","sticky":false,"template":"","format":"standard","meta":{"footnotes":""},"categories":[2],"tags":[10],"class_list":["post-37034","post","type-post","status-publish","format-standard","has-post-thumbnail","hentry","category-informe-municipal","tag-santa-fe"],"_links":{"self":[{"href":"http:\/\/argentinamunicipal.com.ar\/argentina\/wp-json\/wp\/v2\/posts\/37034","targetHints":{"allow":["GET"]}}],"collection":[{"href":"http:\/\/argentinamunicipal.com.ar\/argentina\/wp-json\/wp\/v2\/posts"}],"about":[{"href":"http:\/\/argentinamunicipal.com.ar\/argentina\/wp-json\/wp\/v2\/types\/post"}],"author":[{"embeddable":true,"href":"http:\/\/argentinamunicipal.com.ar\/argentina\/wp-json\/wp\/v2\/users\/2"}],"replies":[{"embeddable":true,"href":"http:\/\/argentinamunicipal.com.ar\/argentina\/wp-json\/wp\/v2\/comments?post=37034"}],"version-history":[{"count":0,"href":"http:\/\/argentinamunicipal.com.ar\/argentina\/wp-json\/wp\/v2\/posts\/37034\/revisions"}],"wp:featuredmedia":[{"embeddable":true,"href":"http:\/\/argentinamunicipal.com.ar\/argentina\/wp-json\/wp\/v2\/media\/37035"}],"wp:attachment":[{"href":"http:\/\/argentinamunicipal.com.ar\/argentina\/wp-json\/wp\/v2\/media?parent=37034"}],"wp:term":[{"taxonomy":"category","embeddable":true,"href":"http:\/\/argentinamunicipal.com.ar\/argentina\/wp-json\/wp\/v2\/categories?post=37034"},{"taxonomy":"post_tag","embeddable":true,"href":"http:\/\/argentinamunicipal.com.ar\/argentina\/wp-json\/wp\/v2\/tags?post=37034"}],"curies":[{"name":"wp","href":"https:\/\/api.w.org\/{rel}","templated":true}]}}