{"id":37040,"date":"2015-09-25T09:43:55","date_gmt":"2015-09-25T12:43:55","guid":{"rendered":"http:\/\/argentinamunicipal.com.ar\/argentina\/?p=37040"},"modified":"2015-09-25T09:43:55","modified_gmt":"2015-09-25T12:43:55","slug":"brindaron-reconocimiento-a-trabajadores-municipales-de-rafaela","status":"publish","type":"post","link":"http:\/\/argentinamunicipal.com.ar\/argentina\/brindaron-reconocimiento-a-trabajadores-municipales-de-rafaela\/","title":{"rendered":"Brindaron reconocimiento a trabajadores municipales de Rafaela"},"content":{"rendered":"<p><a href=\"http:\/\/argentinamunicipal.com.ar\/argentina\/wp-content\/uploads\/2015\/09\/multimedia.normal.be4cf8c98451dd02.6e6f726d616c2e6a7067.jpg\"><img loading=\"lazy\" decoding=\"async\" class=\"aligncenter size-full wp-image-37041\" src=\"http:\/\/argentinamunicipal.com.ar\/argentina\/wp-content\/uploads\/2015\/09\/multimedia.normal.be4cf8c98451dd02.6e6f726d616c2e6a7067.jpg\" alt=\"multimedia.normal.be4cf8c98451dd02.6e6f726d616c2e6a7067\" width=\"600\" height=\"449\" srcset=\"http:\/\/argentinamunicipal.com.ar\/argentina\/wp-content\/uploads\/2015\/09\/multimedia.normal.be4cf8c98451dd02.6e6f726d616c2e6a7067.jpg 600w, http:\/\/argentinamunicipal.com.ar\/argentina\/wp-content\/uploads\/2015\/09\/multimedia.normal.be4cf8c98451dd02.6e6f726d616c2e6a7067-300x225.jpg 300w\" sizes=\"auto, (max-width: 600px) 100vw, 600px\" \/><\/a><br \/>\nSe llev\u00f3 a cabo en la Sala Auditorio de SEOM, el acto en reconocimiento a los agentes que cumplen 25 y 35 a\u00f1os de labor en la Municipalidad de Rafaela.<\/p>\n<p>Adem\u00e1s de los empleados agasajados, estuvieron presentes en el acto la Comisi\u00f3n Directiva de SEOM, el intendente municipal Luis Castellano y otros representantes del Ejecutivo Local, integrantes del Concejo encabezados por su presidente, Silvio Bonafede, el presidente de C.A.E.P.A.M, Edgardo Sorbellini e integrantes de su Directorio.<br \/>\nLa apertura del acto estuvo a cargo del secretario general de SEOM, Dar\u00edo Cocco, quien expres\u00f3 la \u00abenorme satisfacci\u00f3n que sentimos por poder generar estas instancias de reconocimiento a la labor de todos los trabajadores municipales, que tanto hacen por el desarrollo local\u00bb.<\/p>\n<p>Para cerrar el acto, el intendente Luis Castellano se dirigi\u00f3 a los presentes: \u00abLas transformaciones de una ciudad no se hacen de un a\u00f1o para el otro. Las transformaciones de una ciudad llevan su tiempo y tienen que ver con pol\u00edticas de estado, y tienen que ver con la labor de los ejecutores de esas pol\u00edticas, y esos ejecutores son los empleados municipales\u00bb.<\/p>\n<p><strong>LOS HOMENAJEADOS<\/strong><\/p>\n<p>Con 25 a\u00f1os de labor: Gustavo Sella, Ricardo Schmithalter, Marcela Cattaneo, Ana Mar\u00eda Falchini, Graciela Ch\u00e1vez y Carlos Saavedra.<\/p>\n<p>Con 35 a\u00f1os de labor: Hugo Villarruel, Diana Bl\u00e1zquez, Arnaldo Ram\u00edrez, Francisco Banderel, Eduardo Herrero, Omar Volken, Omar G\u00f3mez, Horacio Quiroga, Ra\u00fal Mart\u00ednez, Anal\u00eda Volz, Arnoldo Bravo, Santiago Ram\u00edrez, Beatriz Gabotti, Carlos Ledesma, M\u00f3nica Vinet, Remo Pignoni, Graciela Tomasso, Marcela Bailetti, Dar\u00edo Almaraz, Cleto Vargas, Dionisio Almaraz, Carlos Alvarez, Sonia Pirola, Julia Gramajo, Carlos Gorosito y Gabriela Culzoni.<\/p>\n<h6>Fuente: La Opini\u00f3n<\/h6>\n","protected":false},"excerpt":{"rendered":"<p>Se llev\u00f3 a cabo en la Sala Auditorio de SEOM, el acto en reconocimiento a los agentes que cumplen 25 y 35 a\u00f1os de labor en la Municipalidad de Rafaela. Adem\u00e1s de los empleados agasajados, estuvieron presentes en el acto la Comisi\u00f3n Directiva de SEOM, el intendente municipal Luis Castellano y otros representantes del Ejecutivo<\/p>\n","protected":false},"author":2,"featured_media":37041,"comment_status":"closed","ping_status":"closed","sticky":false,"template":"","format":"standard","meta":{"footnotes":""},"categories":[7],"tags":[10],"class_list":["post-37040","post","type-post","status-publish","format-standard","has-post-thumbnail","hentry","category-informe-sindical","tag-santa-fe"],"_links":{"self":[{"href":"http:\/\/argentinamunicipal.com.ar\/argentina\/wp-json\/wp\/v2\/posts\/37040","targetHints":{"allow":["GET"]}}],"collection":[{"href":"http:\/\/argentinamunicipal.com.ar\/argentina\/wp-json\/wp\/v2\/posts"}],"about":[{"href":"http:\/\/argentinamunicipal.com.ar\/argentina\/wp-json\/wp\/v2\/types\/post"}],"author":[{"embeddable":true,"href":"http:\/\/argentinamunicipal.com.ar\/argentina\/wp-json\/wp\/v2\/users\/2"}],"replies":[{"embeddable":true,"href":"http:\/\/argentinamunicipal.com.ar\/argentina\/wp-json\/wp\/v2\/comments?post=37040"}],"version-history":[{"count":0,"href":"http:\/\/argentinamunicipal.com.ar\/argentina\/wp-json\/wp\/v2\/posts\/37040\/revisions"}],"wp:featuredmedia":[{"embeddable":true,"href":"http:\/\/argentinamunicipal.com.ar\/argentina\/wp-json\/wp\/v2\/media\/37041"}],"wp:attachment":[{"href":"http:\/\/argentinamunicipal.com.ar\/argentina\/wp-json\/wp\/v2\/media?parent=37040"}],"wp:term":[{"taxonomy":"category","embeddable":true,"href":"http:\/\/argentinamunicipal.com.ar\/argentina\/wp-json\/wp\/v2\/categories?post=37040"},{"taxonomy":"post_tag","embeddable":true,"href":"http:\/\/argentinamunicipal.com.ar\/argentina\/wp-json\/wp\/v2\/tags?post=37040"}],"curies":[{"name":"wp","href":"https:\/\/api.w.org\/{rel}","templated":true}]}}