{"id":37046,"date":"2015-09-25T08:51:43","date_gmt":"2015-09-25T11:51:43","guid":{"rendered":"http:\/\/argentinamunicipal.com.ar\/argentina\/?p=37046"},"modified":"2015-09-25T09:53:41","modified_gmt":"2015-09-25T12:53:41","slug":"santa-fe-avanza-hacia-el-debate-obligatorio-de-candidatos-a-gobernador","status":"publish","type":"post","link":"http:\/\/argentinamunicipal.com.ar\/argentina\/santa-fe-avanza-hacia-el-debate-obligatorio-de-candidatos-a-gobernador\/","title":{"rendered":"Santa Fe\u00a0avanza hacia el debate obligatorio de candidatos a gobernador"},"content":{"rendered":"<div id=\"attachment_37047\" style=\"width: 631px\" class=\"wp-caption aligncenter\"><a href=\"http:\/\/argentinamunicipal.com.ar\/argentina\/wp-content\/uploads\/2015\/09\/09-25-POT1001-HECTOR_RIO.jpg_88717827.jpg\"><img loading=\"lazy\" decoding=\"async\" aria-describedby=\"caption-attachment-37047\" class=\"size-full wp-image-37047\" src=\"http:\/\/argentinamunicipal.com.ar\/argentina\/wp-content\/uploads\/2015\/09\/09-25-POT1001-HECTOR_RIO.jpg_88717827.jpg\" alt=\"Los candidatos a gobernador de Santa Fe protagonizaron en junio pasado un debate signado por la moderaci\u00f3n.\" width=\"621\" height=\"465\" srcset=\"http:\/\/argentinamunicipal.com.ar\/argentina\/wp-content\/uploads\/2015\/09\/09-25-POT1001-HECTOR_RIO.jpg_88717827.jpg 621w, http:\/\/argentinamunicipal.com.ar\/argentina\/wp-content\/uploads\/2015\/09\/09-25-POT1001-HECTOR_RIO.jpg_88717827-300x225.jpg 300w\" sizes=\"auto, (max-width: 621px) 100vw, 621px\" \/><\/a><p id=\"caption-attachment-37047\" class=\"wp-caption-text\">Los candidatos a gobernador de Santa Fe protagonizaron en junio pasado un debate signado por la moderaci\u00f3n.<\/p><\/div>\n<p>La iniciativa busca aplacar el creciente marketing pol\u00edtico y contempla fuertes sanciones a los partidos que la incumplan. El Senado debe refrendar un proyecto con media sanci\u00f3n de Diputados.<\/p>\n<p>&nbsp;<\/p>\n<p>Con la premisa de potenciar las propuestas de gesti\u00f3n por sobre el creciente marketing pol\u00edtico, la C\u00e1mara de Diputados provincial acaba de aprobar \u2014por unanimidad\u2014 un proyecto que establece el debate obligatorio entre los tres principales candidatos a gobernador que alumbren las primarias abiertas (Paso). La iniciativa, ahora a discutir en el Senado, deja la organizaci\u00f3n, emisi\u00f3n y transmisi\u00f3n en manos de la Radio y Televisi\u00f3n Santafesina Sociedad del Estado (RTS) y fija una fuerte multa para los postulantes que incumplan la confrontaci\u00f3n de ideas.<\/p>\n<p>En plena cuenta regresiva para la confrontaci\u00f3n entre los aspirantes a la Casa Rosada (ver p\u00e1gina 11), el proyecto del diputado provincial Leandro Busatto (Frente para la Victoria, FpV) busca incorporarse como art\u00edculo a la ley N\u00ba 13.461, que regula espacios de publicidad electoral en los medios de comunicaci\u00f3n audiovisual. La iniciativa toma como antecedente una norma que proclama el debate de postulantes en Chaco.<\/p>\n<p>\u00abEl detonante es lo que venimos viendo en los \u00faltimos comicios: fuerzas pol\u00edticas y candidatos, como Miguel Del Sel (PRO), que se negaron a hablar de propuestas y especularon con las distancias entre adversarios\u00bb, explic\u00f3 a La Capital el autor del proyecto.<\/p>\n<p>Seg\u00fan la iniciativa del diputado kirchnerista, participar\u00e1n del debate, a realizarse entre 15 y 20 d\u00edas antes de la fecha de los comicios, los tres principales postulantes surgidos de las internas.<\/p>\n<p>Por su parte, la Radio y Televisi\u00f3n Santafesina (sociedad del Estado a\u00fan en proceso de formaci\u00f3n) encarar\u00e1 su organizaci\u00f3n, al tiempo que podr\u00e1 ser retransmitido por los canales de aire y radios de la provincia.<\/p>\n<p>Asimismo, el proyecto sancionado por la C\u00e1mara baja santafesina prev\u00e9 para los candidatos y partidos pol\u00edticos que peguen el faltazo \u00abla no inclusi\u00f3n en la distribuci\u00f3n de espacios en radio y televisi\u00f3n que compra el Estado y otorga a los participantes de los comicios\u00bb, resalt\u00f3 Busatto.<\/p>\n<p>Tambi\u00e9n perder\u00e1n el derecho a recibir contribuciones, subsidios y cualquier otro recurso de financiamiento p\u00fablico o monto que les correspondiere para las campa\u00f1as electorales por un plazo de uno a cuatro a\u00f1os.<\/p>\n<p>Incluso, el proyecto estipula que \u00ablas emisoras de radiodifusi\u00f3n sonora, televisiva abierta o por suscripci\u00f3n no podr\u00e1n emitir publicidad electoral\u00bb de la fuerza pol\u00edtica castigada, con el riesgo de ser sancionadas con la exclusi\u00f3n en las siguientes citas en las urnas del listado de medios de comunicaci\u00f3n audiovisual habilitados.<\/p>\n<p>Busatto, en tanto, advirti\u00f3 que \u00abla sociedad viene pidiendo a los partidos pol\u00edticos que brinden la mayor informaci\u00f3n posible de cada candidato al momento de elegir autoridades\u00bb y, en ese sentido, consider\u00f3 al debate como \u00abun espacio adecuado para la confrontaci\u00f3n de propuestas y una pr\u00e1ctica efectiva para consolidar el sistema democr\u00e1tico\u00bb.<\/p>\n<p>\u00abSi bien suena imperativo obligar a los postulantes a confrontar, tambi\u00e9n es cierto que el tinte marketinero y la ausencia de propuestas caracterizaron las recientes campa\u00f1as proselitistas en la provincia. Por eso, el debate tiene que ser una carga p\u00fablica. El pol\u00edtico debe explicarles a los santafesinos qu\u00e9 es lo que pretende hacer en caso de acceder al poder, mientras es interpelado por sus rivales\u00bb, argument\u00f3 el legislador.<\/p>\n<p>En lo inmediato, el 6 de junio pasado los candidatos a gobernador ofrecieron un debate cargado de propuestas pero con escasos cruces. Al igual que lo ocurrido una semana antes con los aspirantes a intendente de Rosario, el encuentro fue organizado por Televisi\u00f3n Litoral, Telef\u00e9 y La Capital Medios, y transmitido en directo y en simult\u00e1neo por los canales 3, 5 y 13 (Santa Fe) y La Ocho, LT3 y Radio Dos.<\/p>\n<p>Busatto tambi\u00e9n enmarc\u00f3 el proyecto de debate obligatorio de postulantes \u00aben la necesidad de avanzar en la provincia con un conjunto de normas destinadas a aportar mayor institucionalidad a trav\u00e9s de modificaciones al sistema de votaci\u00f3n y la creaci\u00f3n de un fuero electoral santafesino\u00bb.<\/p>\n<p><strong>Reforzar\u00e1n controles fronterizos para los comicios<\/strong><\/p>\n<p>La C\u00e1mara Nacional Electoral (CNE) anunci\u00f3 ayer que reforzar\u00e1 el control transfronterizo para las elecciones presidenciales del 25 de octubre pr\u00f3ximo con el objetivo de \u00abfortalecer la transparencia\u00bb.<\/p>\n<p>El tribunal convoc\u00f3 a las autoridades del Comando General Electoral, Prefectura Naval y Gendarmer\u00eda Nacional Argentina con el objeto de intensificar la labor de control fronterizo, especialmente en los cruces informales, a los efectos de impedir que sufraguen personas que no se encuentren habilitadas para hacerlo.<\/p>\n<p>En un comunicado, la CNE se\u00f1al\u00f3 que \u00abviene llevando a cabo tareas a tal fin que incluyen, gracias a la cooperaci\u00f3n de las autoridades de Paraguay, el control de padrones que posibilita detectar los supuestos en los que se pretende ejercer los derechos pol\u00edticos en los dos pa\u00edses\u00bb.<\/p>\n<p>Al respecto, el texto enfatiz\u00f3: \u00abEste control no excluye a los otros pa\u00edses con los que la Argentina comparte una extensa frontera terrestre y fluvial\u00bb.<\/p>\n<p>\u00abDesde hace varios a\u00f1os se viene realizando una tarea conjunta con Paraguay y todos aquellos delitos que fueron detectados se encuentran en tr\u00e1mite ante la Justicia federal\u00bb, sostuvo el tribunal integrado por Santiago Corcuera, Alberto Dalla Via y Rodolfo Munne.<\/p>\n<p>La C\u00e1mara se\u00f1al\u00f3 que \u00abel d\u00eda de la elecci\u00f3n las fiscal\u00edas federales electorales de todo el pa\u00eds, en los 24 distritos electorales, estar\u00e1n habilitadas para recibir las denuncias que los ciudadanos expongan respecto de los comicios nacionales\u00bb.<\/p>\n<p>La semana pasada la CNE dispuso una veintena de medidas que apuntan a reforzar el control de los comicios generales, que incluyen una fiscalizaci\u00f3n de la disponibilidad de boletas cada diez votantes y la habilitaci\u00f3n de un cuarto oscuro extra.<\/p>\n<p>\u00abSe habilitar\u00e1 en los lugares de votaci\u00f3n un cuarto oscuro complementario en la medida en que las posibilidades edilicias lo permitan, que permanecer\u00e1 bajo llave o con acceso rigurosamente controlado, en el que se dispondr\u00e1n ejemplares de boletas de todas las agrupaciones\u00bb, afirm\u00f3 el tribunal.<\/p>\n<h6>Fuente: La Capital, Rosario<\/h6>\n","protected":false},"excerpt":{"rendered":"<p>La iniciativa busca aplacar el creciente marketing pol\u00edtico y contempla fuertes sanciones a los partidos que la incumplan. El Senado debe refrendar un proyecto con media sanci\u00f3n de Diputados. &nbsp; Con la premisa de potenciar las propuestas de gesti\u00f3n por sobre el creciente marketing pol\u00edtico, la C\u00e1mara de Diputados provincial acaba de aprobar \u2014por unanimidad\u2014<\/p>\n","protected":false},"author":2,"featured_media":37047,"comment_status":"closed","ping_status":"closed","sticky":false,"template":"","format":"standard","meta":{"footnotes":""},"categories":[4],"tags":[10],"class_list":["post-37046","post","type-post","status-publish","format-standard","has-post-thumbnail","hentry","category-informe-politico","tag-santa-fe"],"_links":{"self":[{"href":"http:\/\/argentinamunicipal.com.ar\/argentina\/wp-json\/wp\/v2\/posts\/37046","targetHints":{"allow":["GET"]}}],"collection":[{"href":"http:\/\/argentinamunicipal.com.ar\/argentina\/wp-json\/wp\/v2\/posts"}],"about":[{"href":"http:\/\/argentinamunicipal.com.ar\/argentina\/wp-json\/wp\/v2\/types\/post"}],"author":[{"embeddable":true,"href":"http:\/\/argentinamunicipal.com.ar\/argentina\/wp-json\/wp\/v2\/users\/2"}],"replies":[{"embeddable":true,"href":"http:\/\/argentinamunicipal.com.ar\/argentina\/wp-json\/wp\/v2\/comments?post=37046"}],"version-history":[{"count":0,"href":"http:\/\/argentinamunicipal.com.ar\/argentina\/wp-json\/wp\/v2\/posts\/37046\/revisions"}],"wp:featuredmedia":[{"embeddable":true,"href":"http:\/\/argentinamunicipal.com.ar\/argentina\/wp-json\/wp\/v2\/media\/37047"}],"wp:attachment":[{"href":"http:\/\/argentinamunicipal.com.ar\/argentina\/wp-json\/wp\/v2\/media?parent=37046"}],"wp:term":[{"taxonomy":"category","embeddable":true,"href":"http:\/\/argentinamunicipal.com.ar\/argentina\/wp-json\/wp\/v2\/categories?post=37046"},{"taxonomy":"post_tag","embeddable":true,"href":"http:\/\/argentinamunicipal.com.ar\/argentina\/wp-json\/wp\/v2\/tags?post=37046"}],"curies":[{"name":"wp","href":"https:\/\/api.w.org\/{rel}","templated":true}]}}