{"id":37068,"date":"2015-09-25T10:14:56","date_gmt":"2015-09-25T13:14:56","guid":{"rendered":"http:\/\/argentinamunicipal.com.ar\/argentina\/?p=37068"},"modified":"2015-09-25T10:14:56","modified_gmt":"2015-09-25T13:14:56","slug":"las-inversiones-en-la-industria-textil-crecieron-mas-de-150-por-ciento-en-los-ultimos-doce-anos","status":"publish","type":"post","link":"http:\/\/argentinamunicipal.com.ar\/argentina\/las-inversiones-en-la-industria-textil-crecieron-mas-de-150-por-ciento-en-los-ultimos-doce-anos\/","title":{"rendered":"Las inversiones en la industria textil crecieron m\u00e1s de 150 por ciento en los \u00faltimos doce a\u00f1os"},"content":{"rendered":"<p><a href=\"http:\/\/argentinamunicipal.com.ar\/argentina\/wp-content\/uploads\/2015\/09\/industria-evoluciono-confeccion-amigables-ambiente_MILIMA20140315_0435_1.jpg\"><img loading=\"lazy\" decoding=\"async\" class=\"aligncenter  wp-image-37069\" src=\"http:\/\/argentinamunicipal.com.ar\/argentina\/wp-content\/uploads\/2015\/09\/industria-evoluciono-confeccion-amigables-ambiente_MILIMA20140315_0435_1.jpg\" alt=\"industria-evoluciono-confeccion-amigables-ambiente_MILIMA20140315_0435_1\" width=\"680\" height=\"459\" srcset=\"http:\/\/argentinamunicipal.com.ar\/argentina\/wp-content\/uploads\/2015\/09\/industria-evoluciono-confeccion-amigables-ambiente_MILIMA20140315_0435_1.jpg 976w, http:\/\/argentinamunicipal.com.ar\/argentina\/wp-content\/uploads\/2015\/09\/industria-evoluciono-confeccion-amigables-ambiente_MILIMA20140315_0435_1-300x203.jpg 300w\" sizes=\"auto, (max-width: 680px) 100vw, 680px\" \/><\/a><br \/>\nLos industriales textiles resaltaron el nivel de inversiones del sector desde el 2003 en adelante, que se ubicar\u00e1 a fines de 2015 con un acumulado total de 3 mil millones de pesos, con un crecimiento de 156 por ciento en doce a\u00f1os.<\/p>\n<p>En tanto estimaron que su objetivo es producir 9 mil millones de pesos anuales hacia 2022, para lo cual pidieron pol\u00edticas destinadas a fortalecer la administraci\u00f3n del comercio, facilitar el acceso al cr\u00e9dito y corregir desequilibrios de la cadena de producci\u00f3n, entre otras medidas.<\/p>\n<p>El panorama del sector fue resumido hoy durante la presentaci\u00f3n de la d\u00e9cimo primera Convenci\u00f3n de la Agroindustria Textil y de Confecci\u00f3n, organizado por la Fundaci\u00f3n Pro Tejer en el porte\u00f1o hotel Hilton, donde acudieron empresarios de la cadena y de otros sectores industriales.<\/p>\n<p>De acuerdo con los datos de la entidad, la industria textil tuvo en el \u00faltimo a\u00f1o una ca\u00edda de 8,4 por ciento y una reducci\u00f3n de las inversiones de 18 por ciento entre enero y julio en relaci\u00f3n a igual per\u00edodo de 2014, mientras que las exportaciones se contrajeron 22 por ciento, arrastradas por 32 por ciento menos de ventas a Brasil, y las importaciones 4,4 por ciento.<\/p>\n<p>El director ejecutivo y la economista de la entidad, Ariel Schale, y Julieta Loustau, encargados de presentar el informe, resaltaron que si bien en base a estos datos el panorama es negativo, las encuestas realizadas por la fundaci\u00f3n, 54 por ciento de los empresarios consultados espera para el cierre del tercer trimestre aumento de la producci\u00f3n, en tanto 26 por ciento estima que crecer\u00e1 su capacidad instalada y otro 25 cree que contratar\u00e1 m\u00e1s personal.<\/p>\n<p>Pero, adem\u00e1s, relevaron que entre 2002 y 2014, el sector gener\u00f3 200 mil puestos de trabajo, mientras que al finalizar 2015 estima que habr\u00e1 invertido 3 mil millones de pesos, es decir un crecimiento de 156 por ciento en el per\u00edodo.<\/p>\n<p>De cara a los pr\u00f3ximos diez a\u00f1os, la industria textil estima que tiene potencial para una producci\u00f3n anual de 9 mil millones de pesos y generar 500 mil puestos de trabajo, para lo cual Schale enumer\u00f3 las l\u00edneas que deber\u00eda tener la agenda de pol\u00edticas para el sector.<\/p>\n<p>Uno de los puntos de m\u00e1s insistencia fue profundizar la pol\u00edtica de administraci\u00f3n de comercio, para controlar, entre otras variables, las importaciones provenientes de pa\u00edses con mano de obra barata o esclava, como China o el sudeste asi\u00e1tico.<\/p>\n<p>\u00abDe 1.400 millones de d\u00f3lares de textiles que se importan por a\u00f1o, mil millones se pueden sustituir por industria nacional\u00bb, precis\u00f3 Schale, quien enumer\u00f3, entre las medidas esperadas por el sector, el establecimiento de medidas no arancelarias, como las licencias no autom\u00e1ticas, mayor control fiscal de las importaciones, y alinear al Poder Judicial, que \u00absigue bypaseando los procedimientos del Poder Ejecutivo concediendo amparos\u00bb para el ingreso de mercader\u00eda por parte de jugadores marginales sin peso econ\u00f3mico a los que llam\u00f3 contrabandistas.<\/p>\n<p>El ejecutivo destac\u00f3, ademas, que la industria se financia principalemente con fondos propios, por lo que reclam\u00f3 instrumentos de financiaci\u00f3n de la banca privada para importar bienes de capital y lineas de cr\u00e9dito para capital de trabajo.<\/p>\n<p>Durante la presentaci\u00f3n se resalt\u00f3 tambi\u00e9n la necesidad de mejorar la competitividad mediante el alivio de la carga tributaria a las pymes, como la eliminaci\u00f3n de los derechos de exportaci\u00f3n en relaci\u00f3n al mercado externo, o el control de la distribuci\u00f3n de la rentabilidad de la cadena de producci\u00f3n.<\/p>\n<p>Al respecto, se\u00f1al\u00f3 que de un ticket de mil pesos por la venta de un art\u00edculo de confecci\u00f3n, solo 140 pesos quedan para la industria nacional, mientras que el resto se va a impuestos y servicios (tarjetas de cr\u00e9dito, publicidad, alquiler).<\/p>\n<p>Por \u00faltimo, postul\u00f3 la creaci\u00f3n de parques industriales de la confecci\u00f3n para terminar con los talleres clandestinos y garantizar los derechos laborales y el valor del salarios, que en Argentina es de un m\u00ednimo de 1.600 d\u00f3lares en el sector textil, frente a los 300 d\u00f3lares en el sudeste asi\u00e1tico o los 1.100 d\u00f3lares en Corea, y que determina sobre todo \u00abla fuerza del mercado interno\u00bb.<\/p>\n<p>La convenci\u00f3n fue clausurada por el gobernador bonaerense Daniel Scioli y el presidente de Pro Tejer, Jorge Sorabilla, y cont\u00f3 con la exposici\u00f3n de los referentes econ\u00f3micos de los tres principales candidatos presidenciales: la ministra de Econom\u00eda de la provincia de Buenos Aires, Silvina Batakis, el ministro de Desarrollo Econ\u00f3mico de la Ciudad de Buenos Aires, Francisco Cabrera, y el candidato a diputado nacional por el Frente Renovador Marco Lavagna.<\/p>\n<h6>Fuente: T\u00e9lam<\/h6>\n","protected":false},"excerpt":{"rendered":"<p>Los industriales textiles resaltaron el nivel de inversiones del sector desde el 2003 en adelante, que se ubicar\u00e1 a fines de 2015 con un acumulado total de 3 mil millones de pesos, con un crecimiento de 156 por ciento en doce a\u00f1os. En tanto estimaron que su objetivo es producir 9 mil millones de pesos<\/p>\n","protected":false},"author":2,"featured_media":37069,"comment_status":"closed","ping_status":"closed","sticky":false,"template":"","format":"standard","meta":{"footnotes":""},"categories":[8],"tags":[21],"class_list":["post-37068","post","type-post","status-publish","format-standard","has-post-thumbnail","hentry","category-informe-nacional","tag-argentina"],"_links":{"self":[{"href":"http:\/\/argentinamunicipal.com.ar\/argentina\/wp-json\/wp\/v2\/posts\/37068","targetHints":{"allow":["GET"]}}],"collection":[{"href":"http:\/\/argentinamunicipal.com.ar\/argentina\/wp-json\/wp\/v2\/posts"}],"about":[{"href":"http:\/\/argentinamunicipal.com.ar\/argentina\/wp-json\/wp\/v2\/types\/post"}],"author":[{"embeddable":true,"href":"http:\/\/argentinamunicipal.com.ar\/argentina\/wp-json\/wp\/v2\/users\/2"}],"replies":[{"embeddable":true,"href":"http:\/\/argentinamunicipal.com.ar\/argentina\/wp-json\/wp\/v2\/comments?post=37068"}],"version-history":[{"count":0,"href":"http:\/\/argentinamunicipal.com.ar\/argentina\/wp-json\/wp\/v2\/posts\/37068\/revisions"}],"wp:featuredmedia":[{"embeddable":true,"href":"http:\/\/argentinamunicipal.com.ar\/argentina\/wp-json\/wp\/v2\/media\/37069"}],"wp:attachment":[{"href":"http:\/\/argentinamunicipal.com.ar\/argentina\/wp-json\/wp\/v2\/media?parent=37068"}],"wp:term":[{"taxonomy":"category","embeddable":true,"href":"http:\/\/argentinamunicipal.com.ar\/argentina\/wp-json\/wp\/v2\/categories?post=37068"},{"taxonomy":"post_tag","embeddable":true,"href":"http:\/\/argentinamunicipal.com.ar\/argentina\/wp-json\/wp\/v2\/tags?post=37068"}],"curies":[{"name":"wp","href":"https:\/\/api.w.org\/{rel}","templated":true}]}}