{"id":37087,"date":"2015-09-26T09:51:14","date_gmt":"2015-09-26T12:51:14","guid":{"rendered":"http:\/\/argentinamunicipal.com.ar\/argentina\/?p=37087"},"modified":"2015-09-26T09:51:14","modified_gmt":"2015-09-26T12:51:14","slug":"jesus-maria-creo-un-area-para-cuidar-su-patrimonio-historico","status":"publish","type":"post","link":"http:\/\/argentinamunicipal.com.ar\/argentina\/jesus-maria-creo-un-area-para-cuidar-su-patrimonio-historico\/","title":{"rendered":"Jes\u00fas Mar\u00eda cre\u00f3 un \u00e1rea para cuidar su patrimonio hist\u00f3rico"},"content":{"rendered":"<div id=\"attachment_37088\" style=\"width: 652px\" class=\"wp-caption aligncenter\"><a href=\"http:\/\/argentinamunicipal.com.ar\/argentina\/wp-content\/uploads\/2015\/09\/aa_jesus_amria.jpg\"><img loading=\"lazy\" decoding=\"async\" aria-describedby=\"caption-attachment-37088\" class=\"size-full wp-image-37088\" src=\"http:\/\/argentinamunicipal.com.ar\/argentina\/wp-content\/uploads\/2015\/09\/aa_jesus_amria.jpg\" alt=\"La Torre Cepedes, un \u00edcono arquitect\u00f3nico de la ciudad\" width=\"642\" height=\"366\" srcset=\"http:\/\/argentinamunicipal.com.ar\/argentina\/wp-content\/uploads\/2015\/09\/aa_jesus_amria.jpg 642w, http:\/\/argentinamunicipal.com.ar\/argentina\/wp-content\/uploads\/2015\/09\/aa_jesus_amria-300x171.jpg 300w\" sizes=\"auto, (max-width: 642px) 100vw, 642px\" \/><\/a><p id=\"caption-attachment-37088\" class=\"wp-caption-text\">La Torre Cepedes, un \u00edcono arquitect\u00f3nico de la ciudad<\/p><\/div>\n<p>La nueva dependencia municipal estar\u00e1 cargo de la arquitecta Agustina Pati\u00f1o. Ya traz\u00f3 sus primeros cursos de acci\u00f3n.<\/p>\n<p>Por primera vez en su historia, el municipio de Jes\u00fas Mar\u00eda decidi\u00f3 la creaci\u00f3n de un \u00e1rea espec\u00edfica dedicada a patrimonio hist\u00f3tico y cultural, que depender\u00e1 de la Secretar\u00eda de Desarrollo Urbano. El \u00c1rea de Patrimonio y Paisaje Cultural estar\u00e1 cargo de la arquitecta Agustina Pati\u00f1o, quien tiene una especializaci\u00f3n en Patrimonio Mundial<\/p>\n<p>Pati\u00f1o viene trabajando desde mayo pasado en la configuraci\u00f3n institucional de esa dependencia, sus objetivos y en una agenda b\u00e1sica que incluye, por ejemplo, una actualizaci\u00f3n del cat\u00e1logo municipal de bienes que integran el patrimonio hist\u00f3rico de la ciudad, la confecci\u00f3n de fichas individuales (hoy no existen), y la incorporaci\u00f3n de todos esos datos al GIS (sistema de informaci\u00f3n georreferenciada), de reciente creaci\u00f3n.<\/p>\n<p>\u201cNo s\u00f3lo ponemos en el acento en las fachadas de inter\u00e9s. La mirada ser\u00e1 m\u00e1s amplia, sumando entornos paisaj\u00edsticos, valores espaciales, especies vegetales, y espacios de uso urbano por parte de los vecinos\u201d, grafic\u00f3 Pati\u00f1o sobre el cambio de enfoque que pretende y que fue presentado durante el Primer Encuentro de Comit\u00e9s Latinoamericanos de ICOMOS (Consejo Internacional de Monumentos y Sitios) que se realiz\u00f3 en la ciudad aut\u00f3noma de Buenos Aires.<\/p>\n<p>Desde esta perspectiva, las evaluaciones de Patrimonio estar\u00e1n dirigidas, tambi\u00e9n, a todas la secuelas que dejaron las \u00faltimas crecientes en el R\u00edo Guanusacate y su entorno, trabajando en la recuperaci\u00f3n de los valores paisaj\u00edsticos y patrimoniales.<\/p>\n<p>\u201cEs un enorme desaf\u00edo porque es mucho lo que hay que hacer, aunque es mucho lo que ya se hizo. Partimos con mucho trabajo que ya fue realizado por distintas instituciones y asociaciones de vecinos a lo largo de todos estos a\u00f1os. No vamos a inventar nada, vamos a empezar a trabajar sobre lo que ya hay: ordenanzas, archivos, documentaci\u00f3n y ver de qu\u00e9 forma todo eso nos puede servir para llegar a esta activaci\u00f3n patrimonial\u201d, explic\u00f3 Pati\u00f1o sobre el punto de partida.<\/p>\n<p>La responsable del \u00e1rea se\u00f1al\u00f3 que tienen programado ser \u201carticuladores\u201d de todas las acciones y las instituciones que ya est\u00e1n funcionado y de las instituciones que van a empezar a trabajar desde ahora como la Comisi\u00f3n de Preservaci\u00f3n de Ambientes Naturales o la Comisi\u00f3n de Preservaci\u00f3n del Patrimonio. La intenci\u00f3n final es armar un hilo conductor de la Jes\u00fas Mar\u00eda aborigen, la jesuita, la que naci\u00f3 a la vera del ferrocarril, y la que tuvo su desarrollo m\u00e1s notable durante el siglo XX.<\/p>\n<h6>Fuente: La Voz del Interior<\/h6>\n","protected":false},"excerpt":{"rendered":"<p>La nueva dependencia municipal estar\u00e1 cargo de la arquitecta Agustina Pati\u00f1o. Ya traz\u00f3 sus primeros cursos de acci\u00f3n. Por primera vez en su historia, el municipio de Jes\u00fas Mar\u00eda decidi\u00f3 la creaci\u00f3n de un \u00e1rea espec\u00edfica dedicada a patrimonio hist\u00f3tico y cultural, que depender\u00e1 de la Secretar\u00eda de Desarrollo Urbano. El \u00c1rea de Patrimonio y<\/p>\n","protected":false},"author":2,"featured_media":37088,"comment_status":"closed","ping_status":"closed","sticky":false,"template":"","format":"standard","meta":{"footnotes":""},"categories":[2],"tags":[3],"class_list":["post-37087","post","type-post","status-publish","format-standard","has-post-thumbnail","hentry","category-informe-municipal","tag-cordoba"],"_links":{"self":[{"href":"http:\/\/argentinamunicipal.com.ar\/argentina\/wp-json\/wp\/v2\/posts\/37087","targetHints":{"allow":["GET"]}}],"collection":[{"href":"http:\/\/argentinamunicipal.com.ar\/argentina\/wp-json\/wp\/v2\/posts"}],"about":[{"href":"http:\/\/argentinamunicipal.com.ar\/argentina\/wp-json\/wp\/v2\/types\/post"}],"author":[{"embeddable":true,"href":"http:\/\/argentinamunicipal.com.ar\/argentina\/wp-json\/wp\/v2\/users\/2"}],"replies":[{"embeddable":true,"href":"http:\/\/argentinamunicipal.com.ar\/argentina\/wp-json\/wp\/v2\/comments?post=37087"}],"version-history":[{"count":0,"href":"http:\/\/argentinamunicipal.com.ar\/argentina\/wp-json\/wp\/v2\/posts\/37087\/revisions"}],"wp:featuredmedia":[{"embeddable":true,"href":"http:\/\/argentinamunicipal.com.ar\/argentina\/wp-json\/wp\/v2\/media\/37088"}],"wp:attachment":[{"href":"http:\/\/argentinamunicipal.com.ar\/argentina\/wp-json\/wp\/v2\/media?parent=37087"}],"wp:term":[{"taxonomy":"category","embeddable":true,"href":"http:\/\/argentinamunicipal.com.ar\/argentina\/wp-json\/wp\/v2\/categories?post=37087"},{"taxonomy":"post_tag","embeddable":true,"href":"http:\/\/argentinamunicipal.com.ar\/argentina\/wp-json\/wp\/v2\/tags?post=37087"}],"curies":[{"name":"wp","href":"https:\/\/api.w.org\/{rel}","templated":true}]}}