{"id":37093,"date":"2015-09-26T09:58:59","date_gmt":"2015-09-26T12:58:59","guid":{"rendered":"http:\/\/argentinamunicipal.com.ar\/argentina\/?p=37093"},"modified":"2015-09-26T09:58:59","modified_gmt":"2015-09-26T12:58:59","slug":"rosario-el-sindicato-de-los-municipales-reclamo-celeridad-a-la-justicia","status":"publish","type":"post","link":"http:\/\/argentinamunicipal.com.ar\/argentina\/rosario-el-sindicato-de-los-municipales-reclamo-celeridad-a-la-justicia\/","title":{"rendered":"Rosario: El Sindicato de los Municipales reclam\u00f3 celeridad a la Justicia"},"content":{"rendered":"<p><a href=\"http:\/\/argentinamunicipal.com.ar\/argentina\/wp-content\/uploads\/2015\/09\/125338_gremiales.jpg\"><img loading=\"lazy\" decoding=\"async\" class=\"aligncenter size-full wp-image-37094\" src=\"http:\/\/argentinamunicipal.com.ar\/argentina\/wp-content\/uploads\/2015\/09\/125338_gremiales.jpg\" alt=\"125338_gremiales\" width=\"544\" height=\"268\" srcset=\"http:\/\/argentinamunicipal.com.ar\/argentina\/wp-content\/uploads\/2015\/09\/125338_gremiales.jpg 544w, http:\/\/argentinamunicipal.com.ar\/argentina\/wp-content\/uploads\/2015\/09\/125338_gremiales-300x148.jpg 300w\" sizes=\"auto, (max-width: 544px) 100vw, 544px\" \/><\/a><br \/>\nEl secretario general del gremio, Antonio Ratner, dijo que si no surgen m\u00e1s pruebas en menos de un mes \u00ablos acusados de encubrimiento recuperar\u00edan la libertad\u00bb.<\/p>\n<p>Los trabajadores municipales se movilizaron esta ma\u00f1ana a los Tribunales Provinciales para reclamar el esclarecimiento de la muerte de Gerardo Escobar.<\/p>\n<p>Antonio Ratner, el secretario general del sindicato en Rosario, dijo que \u00absi dentro de 25 d\u00edas no aparecen elementos de pruebas, los detenidos por encubrimiento podr\u00edan quedar en libertad\u00bb.<\/p>\n<p>El dirigente de los municipales remarc\u00f3: \u00abLo que nos preocupa es que para los detenidos por encubrimiento hay un tiempo en el que la Fiscal\u00eda tendr\u00e1 que aportar nuevos elementos. Y el problema es que no surgen novedades. Llega un momento en que si no se suman indicios podr\u00edan quedar en libertad los que est\u00e1n detenidos.\u00bb<\/p>\n<p>En sentido, Ratner pidi\u00f3 que \u00abse trabaje y se ponga \u00e9nfasis en que se conozcan los resultados de los informes forenses que se enviaron a La Plata, Paran\u00e1 y Santa Fe, y despu\u00e9s los informes, los videos y testigos que se presentaron a declarar\u00bb.<\/p>\n<p>\u00abHace 35 d\u00edas de la desaparici\u00f3n de Gerardo, y no est\u00e1 todav\u00eda en claro la participaci\u00f3n de la polic\u00eda. Si se confirma intervenci\u00f3n de la polic\u00eda podr\u00eda derivar en un cambio de competencia judicial\u00bb, a\u00f1adi\u00f3.<\/p>\n<h6>Fuente: Sin Mordaza<\/h6>\n","protected":false},"excerpt":{"rendered":"<p>El secretario general del gremio, Antonio Ratner, dijo que si no surgen m\u00e1s pruebas en menos de un mes \u00ablos acusados de encubrimiento recuperar\u00edan la libertad\u00bb. Los trabajadores municipales se movilizaron esta ma\u00f1ana a los Tribunales Provinciales para reclamar el esclarecimiento de la muerte de Gerardo Escobar. Antonio Ratner, el secretario general del sindicato en<\/p>\n","protected":false},"author":2,"featured_media":37094,"comment_status":"closed","ping_status":"closed","sticky":false,"template":"","format":"standard","meta":{"footnotes":""},"categories":[7],"tags":[10],"class_list":["post-37093","post","type-post","status-publish","format-standard","has-post-thumbnail","hentry","category-informe-sindical","tag-santa-fe"],"_links":{"self":[{"href":"http:\/\/argentinamunicipal.com.ar\/argentina\/wp-json\/wp\/v2\/posts\/37093","targetHints":{"allow":["GET"]}}],"collection":[{"href":"http:\/\/argentinamunicipal.com.ar\/argentina\/wp-json\/wp\/v2\/posts"}],"about":[{"href":"http:\/\/argentinamunicipal.com.ar\/argentina\/wp-json\/wp\/v2\/types\/post"}],"author":[{"embeddable":true,"href":"http:\/\/argentinamunicipal.com.ar\/argentina\/wp-json\/wp\/v2\/users\/2"}],"replies":[{"embeddable":true,"href":"http:\/\/argentinamunicipal.com.ar\/argentina\/wp-json\/wp\/v2\/comments?post=37093"}],"version-history":[{"count":0,"href":"http:\/\/argentinamunicipal.com.ar\/argentina\/wp-json\/wp\/v2\/posts\/37093\/revisions"}],"wp:featuredmedia":[{"embeddable":true,"href":"http:\/\/argentinamunicipal.com.ar\/argentina\/wp-json\/wp\/v2\/media\/37094"}],"wp:attachment":[{"href":"http:\/\/argentinamunicipal.com.ar\/argentina\/wp-json\/wp\/v2\/media?parent=37093"}],"wp:term":[{"taxonomy":"category","embeddable":true,"href":"http:\/\/argentinamunicipal.com.ar\/argentina\/wp-json\/wp\/v2\/categories?post=37093"},{"taxonomy":"post_tag","embeddable":true,"href":"http:\/\/argentinamunicipal.com.ar\/argentina\/wp-json\/wp\/v2\/tags?post=37093"}],"curies":[{"name":"wp","href":"https:\/\/api.w.org\/{rel}","templated":true}]}}