{"id":37115,"date":"2015-09-26T10:26:58","date_gmt":"2015-09-26T13:26:58","guid":{"rendered":"http:\/\/argentinamunicipal.com.ar\/argentina\/?p=37115"},"modified":"2015-09-26T10:26:58","modified_gmt":"2015-09-26T13:26:58","slug":"puente-parana-santa-fe-se-reunio-el-foro-de-entidades-empresarias-entrerrianas","status":"publish","type":"post","link":"http:\/\/argentinamunicipal.com.ar\/argentina\/puente-parana-santa-fe-se-reunio-el-foro-de-entidades-empresarias-entrerrianas\/","title":{"rendered":"Puente Paran\u00e1-Santa Fe: Se reuni\u00f3 el Foro de Entidades Empresarias entrerrianas"},"content":{"rendered":"<p><a href=\"http:\/\/argentinamunicipal.com.ar\/argentina\/wp-content\/uploads\/2015\/09\/o_1440450047.jpg\"><img loading=\"lazy\" decoding=\"async\" class=\"aligncenter  wp-image-37116\" src=\"http:\/\/argentinamunicipal.com.ar\/argentina\/wp-content\/uploads\/2015\/09\/o_1440450047.jpg\" alt=\"o_1440450047\" width=\"684\" height=\"385\" srcset=\"http:\/\/argentinamunicipal.com.ar\/argentina\/wp-content\/uploads\/2015\/09\/o_1440450047.jpg 800w, http:\/\/argentinamunicipal.com.ar\/argentina\/wp-content\/uploads\/2015\/09\/o_1440450047-300x169.jpg 300w\" sizes=\"auto, (max-width: 684px) 100vw, 684px\" \/><\/a><br \/>\nLa Mesa Ejecutiva del Foro de Entidades Empresarias de Entre R\u00edos, analiz\u00f3 el informe de la de la consultora sobre las posibles trazas de la conexi\u00f3n vial interprovincial. Llamaron a encontrar \u00ab\u00e1reas de intereses comunes\u00bb.<\/p>\n<p>Para analizar el dictamen de la consultora ATEC S.A. sobre las posibles trazas de la conexi\u00f3n vial Entre R\u00edos &#8211; Santa Fe, se reuni\u00f3 la Mesa Ejecutiva del Foro de Entidades Empresarias de Entre R\u00edos.<\/p>\n<p>El conclave se realiz\u00f3 ayer en la sede del Consejo Empresario de Entre R\u00edos, en el que participaron el presidente de la Bolsa de Cereales de Entre R\u00edos; Juan Borsotti, el Presidente de la Federaci\u00f3n Econ\u00f3mica de Entre R\u00edos; Jorge L\u00f3pez, la Presidente del Consejo Empresario de Entre R\u00edos; Patricia Popelka, el Presidente de la Federaci\u00f3n de Asociaciones Rurales de Entre R\u00edos; Jorge Chemes, el presidente de la Uni\u00f3n Industrial de Entre R\u00edos; Antonio Caramagna y el presidente de la Bolsa de Comercio de Entre R\u00edos, Alcides Balla.<\/p>\n<p>En el encuentro, las autoridades consideraron que \u00abes importante analizar los lineamientos t\u00e9cnicos de la consultora, puesto que la relevancia de la obra para la integraci\u00f3n regional amerita hacer los esfuerzos necesarios a fin de acercar posiciones entre los actores con distintos intereses, aun siendo leg\u00edtimos\u00bb, se\u00f1alaron en un comunicado enviado a este medio.<\/p>\n<p>Adem\u00e1s, expresaron que \u00abel proyecto de conexi\u00f3n es necesario para fortalecer la conectividad entre las \u00e1reas metropolitanas de Santa Fe y Paran\u00e1, adem\u00e1s de que ser\u00eda una de las obras m\u00e1s importante del corredor bioce\u00e1nico central que une Porto Alegre (Brasil) y el Puerto Coquimbo (Chile)\u00bb.<\/p>\n<p>En funci\u00f3n del informe que ha hecho llegar la Unidad T\u00e9cnica, en esta primera etapa, se inform\u00f3 a ambas provincias que las consideraciones en orden de importancia fueron: los aspectos hidr\u00e1ulicos, seguido de transito- trasporte y vial-costo, siendo el \u00e1rea ambiental el que menos impacto acusar\u00eda. Las Entidades entrerrianas \u00abest\u00e1n dispuestas a continuar aportando elementos que atiendan a las necesidades de la poblaci\u00f3n y de los sectores productivos de las provincias\u00bb, destaca el escrito del Foro de Entidades Empresarias de Entre R\u00edos.<\/p>\n<p>Finalmente, recordaron que el Foro \u00abha trabajado siempre buscando el consenso, en el entendimiento que siempre es posible encontrar \u00e1reas de intereses comunes\u00bb.<\/p>\n<p>Adem\u00e1s, remarcaron que \u00aben obras de esta naturaleza y envergadura, es fundamental superar las diferencias entre los distintos actores sociales, puesto que es la manera de allanar el camino para conseguir que se concreten y dejen de ser un sue\u00f1o lejano. Instamos a todos los sectores interesados, a seguir trabajando mancomunadamente, a fin de generar propuestas que redunden en el desarrollo de la regi\u00f3n\u00bb.<\/p>\n<h6>Fuente: El Once<\/h6>\n","protected":false},"excerpt":{"rendered":"<p>La Mesa Ejecutiva del Foro de Entidades Empresarias de Entre R\u00edos, analiz\u00f3 el informe de la de la consultora sobre las posibles trazas de la conexi\u00f3n vial interprovincial. Llamaron a encontrar \u00ab\u00e1reas de intereses comunes\u00bb. Para analizar el dictamen de la consultora ATEC S.A. sobre las posibles trazas de la conexi\u00f3n vial Entre R\u00edos &#8211;<\/p>\n","protected":false},"author":2,"featured_media":37116,"comment_status":"closed","ping_status":"closed","sticky":false,"template":"","format":"standard","meta":{"footnotes":""},"categories":[2],"tags":[17,10],"class_list":["post-37115","post","type-post","status-publish","format-standard","has-post-thumbnail","hentry","category-informe-municipal","tag-entre-rios","tag-santa-fe"],"_links":{"self":[{"href":"http:\/\/argentinamunicipal.com.ar\/argentina\/wp-json\/wp\/v2\/posts\/37115","targetHints":{"allow":["GET"]}}],"collection":[{"href":"http:\/\/argentinamunicipal.com.ar\/argentina\/wp-json\/wp\/v2\/posts"}],"about":[{"href":"http:\/\/argentinamunicipal.com.ar\/argentina\/wp-json\/wp\/v2\/types\/post"}],"author":[{"embeddable":true,"href":"http:\/\/argentinamunicipal.com.ar\/argentina\/wp-json\/wp\/v2\/users\/2"}],"replies":[{"embeddable":true,"href":"http:\/\/argentinamunicipal.com.ar\/argentina\/wp-json\/wp\/v2\/comments?post=37115"}],"version-history":[{"count":0,"href":"http:\/\/argentinamunicipal.com.ar\/argentina\/wp-json\/wp\/v2\/posts\/37115\/revisions"}],"wp:featuredmedia":[{"embeddable":true,"href":"http:\/\/argentinamunicipal.com.ar\/argentina\/wp-json\/wp\/v2\/media\/37116"}],"wp:attachment":[{"href":"http:\/\/argentinamunicipal.com.ar\/argentina\/wp-json\/wp\/v2\/media?parent=37115"}],"wp:term":[{"taxonomy":"category","embeddable":true,"href":"http:\/\/argentinamunicipal.com.ar\/argentina\/wp-json\/wp\/v2\/categories?post=37115"},{"taxonomy":"post_tag","embeddable":true,"href":"http:\/\/argentinamunicipal.com.ar\/argentina\/wp-json\/wp\/v2\/tags?post=37115"}],"curies":[{"name":"wp","href":"https:\/\/api.w.org\/{rel}","templated":true}]}}