{"id":37132,"date":"2015-09-26T10:43:01","date_gmt":"2015-09-26T13:43:01","guid":{"rendered":"http:\/\/argentinamunicipal.com.ar\/argentina\/?p=37132"},"modified":"2015-09-26T10:43:01","modified_gmt":"2015-09-26T13:43:01","slug":"rosario-inauguran-un-nucleo-de-acceso-al-conocimiento-en-la-facultad-de-derecho","status":"publish","type":"post","link":"http:\/\/argentinamunicipal.com.ar\/argentina\/rosario-inauguran-un-nucleo-de-acceso-al-conocimiento-en-la-facultad-de-derecho\/","title":{"rendered":"Rosario: Inauguran un N\u00facleo de Acceso al Conocimiento en la Facultad de Derecho"},"content":{"rendered":"<p><a href=\"http:\/\/argentinamunicipal.com.ar\/argentina\/wp-content\/uploads\/2015\/09\/NAC_006.jpg\"><img loading=\"lazy\" decoding=\"async\" class=\"aligncenter  wp-image-37133\" src=\"http:\/\/argentinamunicipal.com.ar\/argentina\/wp-content\/uploads\/2015\/09\/NAC_006.jpg\" alt=\"APDSC DIGITAL CAMERA\" width=\"647\" height=\"485\" srcset=\"http:\/\/argentinamunicipal.com.ar\/argentina\/wp-content\/uploads\/2015\/09\/NAC_006.jpg 2048w, http:\/\/argentinamunicipal.com.ar\/argentina\/wp-content\/uploads\/2015\/09\/NAC_006-300x225.jpg 300w, http:\/\/argentinamunicipal.com.ar\/argentina\/wp-content\/uploads\/2015\/09\/NAC_006-1024x768.jpg 1024w\" sizes=\"auto, (max-width: 647px) 100vw, 647px\" \/><\/a><br \/>\nGracias al NAC los estudiantes, docentes, adscriptos, graduados, no docentes y toda la comunidad en general podr\u00e1n realizar cursos de formaci\u00f3n y capacitaci\u00f3n gratuitos.<\/p>\n<p>El secretario de Transporte de la Naci\u00f3n, Alejandro Ramos, encabez\u00f3 en la Universidad Nacional de Rosario (UNR) la inauguraci\u00f3n de un nuevo N\u00facleo de Acceso al Conocimiento (NAC), firm\u00f3 convenios con autoridades de esa casa de altos estudios para la formaci\u00f3n de estudiantes de municipios de la zona y ofreci\u00f3 una charla sobre \u201cEl futuro del Transporte\u201d.<\/p>\n<p>El convenio para la formaci\u00f3n y especializaci\u00f3n de alumnos de la carrera de Derecho fue suscripto por Ramos, el decano de la Facultad de Derecho de la UNR, Marcelo Vedrovnik, y los intendentes y jefes comunales de Fighiera, General Lagos, Granadero Baigorria, Pav\u00f3n, Puerto General San Mart\u00edn y Rold\u00e1n.<\/p>\n<p>Vedrovnik le agradeci\u00f3 a Ramos, \u201cun graduado en esta Universidad\u201d, y a las autoridades nacionales \u201cque nos han permitido instalar en nuestra casa una serie de elementos de avanzada tecnol\u00f3gica que redundar\u00e1 en la formaci\u00f3n de nuestros alumnos y de toda la comunidad\u201d.<\/p>\n<p>A su turno, Ramos expres\u00f3 que \u201cesto es parte de un trabajo que tiene por objetivo, primero reivindicar el rol de la educaci\u00f3n p\u00fablica y gratuita; y nada mejor que esta facultad, y que esto repercuta en una mejor calidad de la gesti\u00f3n\u201d.<\/p>\n<p>Adem\u00e1s apunt\u00f3 que \u201cesto tambi\u00e9n es un cambio sustancial que se est\u00e1 dando. Se les ofrecen m\u00e1s posibilidades a los chicos para que tengan cosas que cuando nosotros \u00e9ramos estudiantes no ten\u00edamos. Esto tiene que ver tambi\u00e9n con una mirada solidaria, y de saber cu\u00e1l es el rol del Estado\u201d.<\/p>\n<p>El NAC inaugurado recientemente en la Facultad de Derecho de la UNR fue instalado en las aulas 11 y 12.<\/p>\n<p>All\u00ed, los estudiantes, docentes, adscriptos, graduados, no docentes y toda la comunidad en general podr\u00e1n realizar cursos de formaci\u00f3n y capacitaci\u00f3n gratuitos.<\/p>\n<h6>Fuente: La Capital, Rosario<\/h6>\n","protected":false},"excerpt":{"rendered":"<p>Gracias al NAC los estudiantes, docentes, adscriptos, graduados, no docentes y toda la comunidad en general podr\u00e1n realizar cursos de formaci\u00f3n y capacitaci\u00f3n gratuitos. El secretario de Transporte de la Naci\u00f3n, Alejandro Ramos, encabez\u00f3 en la Universidad Nacional de Rosario (UNR) la inauguraci\u00f3n de un nuevo N\u00facleo de Acceso al Conocimiento (NAC), firm\u00f3 convenios con<\/p>\n","protected":false},"author":2,"featured_media":37133,"comment_status":"closed","ping_status":"closed","sticky":false,"template":"","format":"standard","meta":{"footnotes":""},"categories":[2],"tags":[10],"class_list":["post-37132","post","type-post","status-publish","format-standard","has-post-thumbnail","hentry","category-informe-municipal","tag-santa-fe"],"_links":{"self":[{"href":"http:\/\/argentinamunicipal.com.ar\/argentina\/wp-json\/wp\/v2\/posts\/37132","targetHints":{"allow":["GET"]}}],"collection":[{"href":"http:\/\/argentinamunicipal.com.ar\/argentina\/wp-json\/wp\/v2\/posts"}],"about":[{"href":"http:\/\/argentinamunicipal.com.ar\/argentina\/wp-json\/wp\/v2\/types\/post"}],"author":[{"embeddable":true,"href":"http:\/\/argentinamunicipal.com.ar\/argentina\/wp-json\/wp\/v2\/users\/2"}],"replies":[{"embeddable":true,"href":"http:\/\/argentinamunicipal.com.ar\/argentina\/wp-json\/wp\/v2\/comments?post=37132"}],"version-history":[{"count":0,"href":"http:\/\/argentinamunicipal.com.ar\/argentina\/wp-json\/wp\/v2\/posts\/37132\/revisions"}],"wp:featuredmedia":[{"embeddable":true,"href":"http:\/\/argentinamunicipal.com.ar\/argentina\/wp-json\/wp\/v2\/media\/37133"}],"wp:attachment":[{"href":"http:\/\/argentinamunicipal.com.ar\/argentina\/wp-json\/wp\/v2\/media?parent=37132"}],"wp:term":[{"taxonomy":"category","embeddable":true,"href":"http:\/\/argentinamunicipal.com.ar\/argentina\/wp-json\/wp\/v2\/categories?post=37132"},{"taxonomy":"post_tag","embeddable":true,"href":"http:\/\/argentinamunicipal.com.ar\/argentina\/wp-json\/wp\/v2\/tags?post=37132"}],"curies":[{"name":"wp","href":"https:\/\/api.w.org\/{rel}","templated":true}]}}