{"id":37135,"date":"2015-09-26T10:48:23","date_gmt":"2015-09-26T13:48:23","guid":{"rendered":"http:\/\/argentinamunicipal.com.ar\/argentina\/?p=37135"},"modified":"2015-09-26T10:48:23","modified_gmt":"2015-09-26T13:48:23","slug":"el-6-de-octubre-se-debatira-en-parana-sobre-el-rol-de-los-gobiernos-locales-como-dinamizadores-del-desarrollo","status":"publish","type":"post","link":"http:\/\/argentinamunicipal.com.ar\/argentina\/el-6-de-octubre-se-debatira-en-parana-sobre-el-rol-de-los-gobiernos-locales-como-dinamizadores-del-desarrollo\/","title":{"rendered":"El 6 de octubre se debatir\u00e1 en Paran\u00e1 sobre el rol de los gobiernos locales como dinamizadores del desarrollo"},"content":{"rendered":"<p><a href=\"http:\/\/argentinamunicipal.com.ar\/argentina\/wp-content\/uploads\/2015\/09\/Gobierno-Abierto-invitacion.jpg_973718260-e1443275285560.jpg\"><img loading=\"lazy\" decoding=\"async\" class=\"alignleft wp-image-37136 \" src=\"http:\/\/argentinamunicipal.com.ar\/argentina\/wp-content\/uploads\/2015\/09\/Gobierno-Abierto-invitacion.jpg_973718260-e1443275285560.jpg\" alt=\"\" width=\"394\" height=\"477\" srcset=\"http:\/\/argentinamunicipal.com.ar\/argentina\/wp-content\/uploads\/2015\/09\/Gobierno-Abierto-invitacion.jpg_973718260-e1443275285560.jpg 449w, http:\/\/argentinamunicipal.com.ar\/argentina\/wp-content\/uploads\/2015\/09\/Gobierno-Abierto-invitacion.jpg_973718260-e1443275285560-248x300.jpg 248w\" sizes=\"auto, (max-width: 394px) 100vw, 394px\" \/><\/a>\u201cEl gobierno local como dinamizador del desarrollo\u201d ser\u00e1 el tema que se plantear\u00e1 en la pr\u00f3xima edici\u00f3n del \u201cCiclo de encuentros para el gobierno abierto\u201d, programa impulsado desde el Concejo Deliberante de Paran\u00e1 \u2022 La conferencia se realizar\u00e1 el martes 6 de octubre a las 11:30 en la Casa de la Ciudad (San Mart\u00edn 958), y estar\u00e1 a cargo del licenciado en Ciencias Pol\u00edticas Roberto Medici y del licenciado Facundo Gab\u00e1s, especialista en Desarrollo local y regional<\/p>\n<p>\u201cLa idea es tratar de plantear que la gesti\u00f3n del desarrollo es un desaf\u00edo que no se debe limitar solamente a la cuesti\u00f3n de la planificaci\u00f3n local, sino que hay que tener en cuenta c\u00f3mo se van estructurando los territorios, y c\u00f3mo se van construyendo. Esto nos da la idea que los territorios tienen cierta plasticidad que podemos empezar a trabajar, y ponerla en funcionamiento\u201d, adelant\u00f3 Medici sobre la tem\u00e1tica que desarrollar\u00e1 durante su exposici\u00f3n del pr\u00f3ximo 6 de octubre.<\/p>\n<p>El acad\u00e9mico agreg\u00f3 que \u201cla charla, tal vez, no est\u00e9 tan focalizada en la acci\u00f3n puntual del gobierno local, sino que la idea es pensar la problem\u00e1tica entrerriana desde el punto de vista de c\u00f3mo se fueron dando los procesos de estructuraci\u00f3n territorial, y c\u00f3mo se van manifestando en ese escenario una cierta cantidad de disparidades regionales entre los territorios\u201d.<\/p>\n<p>\u201cLa idea es analizar c\u00f3mo se puede abordar un proceso de gesti\u00f3n del desarrollo, donde obviamente los gobiernos locales tienen un rol importante, pero siempre pensando estos roles en t\u00e9rminos de coordinaci\u00f3n, tanto con el gobierno provincial, como nacional\u201d, especific\u00f3 Medici.<\/p>\n<p>En referencia a los gobiernos municipales, sostuvo: \u201cHist\u00f3ricamente se cre\u00eda que aquellas regiones o territorios que no ten\u00edan ciertos atributos naturales, o aquellos lugares donde los procesos de industrializaci\u00f3n no est\u00e1n tan marcados no ten\u00edan futuro, pero tenemos que ver a qu\u00e9 nos referimos cuando pensamos el futuro para esas regiones o territorios, y sobre esa idea avanzar sobre la potencialidad que se pueda activar sobre esos escenarios\u201d.<\/p>\n<p>Respecto al \u201cCiclo de encuentros para el gobierno abierto\u201d, destac\u00f3: \u201cEste tipo de encuentros me parecen muy valiosos, porque contribuyen no solo a reflexionar sobre ciertas problem\u00e1ticas, sino que tambi\u00e9n colaboran para poder pensar posibles alternativas y soluciones para los gobiernos\u201d.<\/p>\n<p>\u201cMe parece muy importante que estos encuentros surjan de un cuerpo legislativo, como es el Concejo Deliberante de Paran\u00e1, porque los legisladores son corresponsables de la gesti\u00f3n de gobierno\u201d, concluy\u00f3 Medici.<\/p>\n<p><strong>Disertantes<\/strong><\/p>\n<p>&#8211; Mgs. Roberto Medici: Lic. Ciencia Pol\u00edtica (UNR). Master en Desarrollo Econ\u00f3mico Local (UAM). Magister en Desarrollo Local (Unsam). Docente de Pol\u00edticas P\u00fablicas Locales y Regionales (UNER).<\/p>\n<p>&#8211; Lic. Facundo Gab\u00e1s: Maestrando en Desarrollo local y regional por Unsam. (UCA).<\/p>\n<p><strong>Organizadores<\/strong><\/p>\n<p>El \u201cCiclo de encuentros para el gobierno abierto\u201d es impulsado por la Carrera de Ciencias Pol\u00edticas de la Facultad de Trabajo Social de la Universidad Nacional de Entre R\u00edos (Uner), el Departamento de Ciencias Pol\u00edticas de la Universidad Cat\u00f3lica Argentina (UCA\u2013 Paran\u00e1) y el Concejo Deliberante de Paran\u00e1.<\/p>\n<h6>Fuente: APF Digital<\/h6>\n","protected":false},"excerpt":{"rendered":"<p>\u201cEl gobierno local como dinamizador del desarrollo\u201d ser\u00e1 el tema que se plantear\u00e1 en la pr\u00f3xima edici\u00f3n del \u201cCiclo de encuentros para el gobierno abierto\u201d, programa impulsado desde el Concejo Deliberante de Paran\u00e1 \u2022 La conferencia se realizar\u00e1 el martes 6 de octubre a las 11:30 en la Casa de la Ciudad (San Mart\u00edn 958),<\/p>\n","protected":false},"author":2,"featured_media":37136,"comment_status":"closed","ping_status":"closed","sticky":false,"template":"","format":"standard","meta":{"footnotes":""},"categories":[2],"tags":[17],"class_list":["post-37135","post","type-post","status-publish","format-standard","has-post-thumbnail","hentry","category-informe-municipal","tag-entre-rios"],"_links":{"self":[{"href":"http:\/\/argentinamunicipal.com.ar\/argentina\/wp-json\/wp\/v2\/posts\/37135","targetHints":{"allow":["GET"]}}],"collection":[{"href":"http:\/\/argentinamunicipal.com.ar\/argentina\/wp-json\/wp\/v2\/posts"}],"about":[{"href":"http:\/\/argentinamunicipal.com.ar\/argentina\/wp-json\/wp\/v2\/types\/post"}],"author":[{"embeddable":true,"href":"http:\/\/argentinamunicipal.com.ar\/argentina\/wp-json\/wp\/v2\/users\/2"}],"replies":[{"embeddable":true,"href":"http:\/\/argentinamunicipal.com.ar\/argentina\/wp-json\/wp\/v2\/comments?post=37135"}],"version-history":[{"count":0,"href":"http:\/\/argentinamunicipal.com.ar\/argentina\/wp-json\/wp\/v2\/posts\/37135\/revisions"}],"wp:featuredmedia":[{"embeddable":true,"href":"http:\/\/argentinamunicipal.com.ar\/argentina\/wp-json\/wp\/v2\/media\/37136"}],"wp:attachment":[{"href":"http:\/\/argentinamunicipal.com.ar\/argentina\/wp-json\/wp\/v2\/media?parent=37135"}],"wp:term":[{"taxonomy":"category","embeddable":true,"href":"http:\/\/argentinamunicipal.com.ar\/argentina\/wp-json\/wp\/v2\/categories?post=37135"},{"taxonomy":"post_tag","embeddable":true,"href":"http:\/\/argentinamunicipal.com.ar\/argentina\/wp-json\/wp\/v2\/tags?post=37135"}],"curies":[{"name":"wp","href":"https:\/\/api.w.org\/{rel}","templated":true}]}}