{"id":3714,"date":"2014-03-13T07:36:03","date_gmt":"2014-03-13T10:36:03","guid":{"rendered":"http:\/\/argentinamunicipal.com.ar\/argentina\/?p=3714"},"modified":"2014-03-17T12:52:20","modified_gmt":"2014-03-17T15:52:20","slug":"velas-latinoamerica-arriban-los-veleros-al-puerto-de-ushuaia","status":"publish","type":"post","link":"http:\/\/argentinamunicipal.com.ar\/argentina\/velas-latinoamerica-arriban-los-veleros-al-puerto-de-ushuaia\/","title":{"rendered":"Velas Latinoam\u00e9rica: Arriban los veleros al puerto de Ushuaia"},"content":{"rendered":"<p><a href=\"http:\/\/argentinamunicipal.com.ar\/argentina\/wp-content\/uploads\/2014\/03\/e8e4ac942af2d4588abedfa03340346fo.jpg\"><img loading=\"lazy\" decoding=\"async\" class=\"aligncenter size-full wp-image-3811\" alt=\"e8e4ac942af2d4588abedfa03340346fo\" src=\"http:\/\/argentinamunicipal.com.ar\/argentina\/wp-content\/uploads\/2014\/03\/e8e4ac942af2d4588abedfa03340346fo.jpg\" width=\"960\" height=\"539\" srcset=\"http:\/\/argentinamunicipal.com.ar\/argentina\/wp-content\/uploads\/2014\/03\/e8e4ac942af2d4588abedfa03340346fo.jpg 960w, http:\/\/argentinamunicipal.com.ar\/argentina\/wp-content\/uploads\/2014\/03\/e8e4ac942af2d4588abedfa03340346fo-300x168.jpg 300w\" sizes=\"auto, (max-width: 960px) 100vw, 960px\" \/><\/a><br \/>\nEl jueves 13 arribar\u00e1n a la Bah\u00eda de Ushuaia las unidades participantes del Encuentro de Grandes Veleros \u201cVelas Latinoam\u00e9rica 2014\u201d, conmemorando el a\u00f1o de Homenaje al Almirante Guillermo Brown, en el Bicentenario de la victoria Naval de Montevideo, hito hist\u00f3rico para la independencia nacional, fecha elegida para instituir el D\u00eda de la Armada Argentina.<\/p>\n<p>En la oportunidad, arribar\u00e1n el buque escuela Fragata A.R.A. \u201cLibertad\u201d (Argentina), Motovelero Oceanogr\u00e1fico \u201cDr. Bernardo Houssay\u201d- PNA (Argentina), Catamar\u00e1n \u201cIce Lady Patagonia II\u201d &#8211; Asociaci\u00f3n de Exploraci\u00f3n Cient\u00edfica Austral (Argentina); buque escuela \u201cCisne Branco\u201d (Brasil); buque escuela \u201cEsmeralda\u201d (Chile); buque escuela \u201cGuayas\u201d (Ecuador), buque escuela \u201cGloria\u201d (Colombia); buque escuela \u201cSim\u00f3n Bol\u00edvar\u201d (Venezuela).<\/p>\n<p>Iniciar\u00e1n la navegaci\u00f3n a la Bah\u00eda de Ushuaia desde cercan\u00edas el Faro Les Eclaireurs el jueves 13 a partir de las 14:30 horas, en ese momento la comunidad podr\u00e1 disfrutar del desfile naval de los Grandes Veleros a lo largo de la costa desde Punta Escarpados.<\/p>\n<p>Al arribo a la Bah\u00eda de Ushuaia los veleros ser\u00e1n recibidos por la Banda de M\u00fasica del \u00c1rea Naval Austral con marchas militares, luego del desfile los veleros fondear\u00e1n frente a la ciudad de Ushuaia.<\/p>\n<p>El viernes 14 a partir de las 8 comenzar\u00e1n a amarrar en el Muelle del Puerto de Ushuaia.<\/p>\n<p>Los d\u00edas s\u00e1bado 15 y domingo 16 se podr\u00e1n visitar los veleros desde las 11:30 hasta 18:30, habilit\u00e1ndose el ingreso al Puerto de Ushuaia a partir de las 11.<\/p>\n<p>El domingo 16 a las 19:30, la Banda de M\u00fasica del Buque Escuela \u201cGuayas\u201d de Ecuador se presentar\u00e1 en la Sala Nin\u00ed Marshall de la Casa de la Cultura, ofreciendo un espect\u00e1culo de merengue, salsa y cumbia de 1 hora y media de duraci\u00f3n con entrada libre y gratuita.<\/p>\n<p>La zarpada de los veleros se realizara el lunes 17 a partir de las 8 con rumbo al Puerto de Punta Arenas de la Rep\u00fablica de Chile pasando previamente por el Cabo de Hornos.<\/p>\n<p>Fuente: Sur 54<\/p>\n","protected":false},"excerpt":{"rendered":"<p>El jueves 13 arribar\u00e1n a la Bah\u00eda de Ushuaia las unidades participantes del Encuentro de Grandes Veleros \u201cVelas Latinoam\u00e9rica 2014\u201d, conmemorando el a\u00f1o de Homenaje al Almirante Guillermo Brown, en el Bicentenario de la victoria Naval de Montevideo, hito hist\u00f3rico para la independencia nacional, fecha elegida para instituir el D\u00eda de la Armada Argentina. En<\/p>\n","protected":false},"author":2,"featured_media":3811,"comment_status":"closed","ping_status":"closed","sticky":false,"template":"","format":"standard","meta":{"footnotes":""},"categories":[8],"tags":[34],"class_list":["post-3714","post","type-post","status-publish","format-standard","has-post-thumbnail","hentry","category-informe-nacional","tag-tierra-del-fuego"],"_links":{"self":[{"href":"http:\/\/argentinamunicipal.com.ar\/argentina\/wp-json\/wp\/v2\/posts\/3714","targetHints":{"allow":["GET"]}}],"collection":[{"href":"http:\/\/argentinamunicipal.com.ar\/argentina\/wp-json\/wp\/v2\/posts"}],"about":[{"href":"http:\/\/argentinamunicipal.com.ar\/argentina\/wp-json\/wp\/v2\/types\/post"}],"author":[{"embeddable":true,"href":"http:\/\/argentinamunicipal.com.ar\/argentina\/wp-json\/wp\/v2\/users\/2"}],"replies":[{"embeddable":true,"href":"http:\/\/argentinamunicipal.com.ar\/argentina\/wp-json\/wp\/v2\/comments?post=3714"}],"version-history":[{"count":0,"href":"http:\/\/argentinamunicipal.com.ar\/argentina\/wp-json\/wp\/v2\/posts\/3714\/revisions"}],"wp:featuredmedia":[{"embeddable":true,"href":"http:\/\/argentinamunicipal.com.ar\/argentina\/wp-json\/wp\/v2\/media\/3811"}],"wp:attachment":[{"href":"http:\/\/argentinamunicipal.com.ar\/argentina\/wp-json\/wp\/v2\/media?parent=3714"}],"wp:term":[{"taxonomy":"category","embeddable":true,"href":"http:\/\/argentinamunicipal.com.ar\/argentina\/wp-json\/wp\/v2\/categories?post=3714"},{"taxonomy":"post_tag","embeddable":true,"href":"http:\/\/argentinamunicipal.com.ar\/argentina\/wp-json\/wp\/v2\/tags?post=3714"}],"curies":[{"name":"wp","href":"https:\/\/api.w.org\/{rel}","templated":true}]}}