{"id":37160,"date":"2015-09-28T09:51:03","date_gmt":"2015-09-28T12:51:03","guid":{"rendered":"http:\/\/argentinamunicipal.com.ar\/argentina\/?p=37160"},"modified":"2015-09-28T09:51:03","modified_gmt":"2015-09-28T12:51:03","slug":"el-presupuesto-municipal-de-rosario-2016-incluira-un-aumento-de-los-tributos","status":"publish","type":"post","link":"http:\/\/argentinamunicipal.com.ar\/argentina\/el-presupuesto-municipal-de-rosario-2016-incluira-un-aumento-de-los-tributos\/","title":{"rendered":"El presupuesto municipal de Rosario 2016 incluir\u00e1 un aumento de los tributos"},"content":{"rendered":"<div id=\"attachment_37161\" style=\"width: 631px\" class=\"wp-caption aligncenter\"><a href=\"http:\/\/argentinamunicipal.com.ar\/argentina\/wp-content\/uploads\/2015\/09\/c301-.jpg_88717827.jpg\"><img loading=\"lazy\" decoding=\"async\" aria-describedby=\"caption-attachment-37161\" class=\"size-full wp-image-37161\" src=\"http:\/\/argentinamunicipal.com.ar\/argentina\/wp-content\/uploads\/2015\/09\/c301-.jpg_88717827.jpg\" alt=\"Cumbre. Fein, junto con representantes de ciudades de todo el mundo, avanzaron en una agenda de metas comunes sobre sustentabilidad.\" width=\"621\" height=\"465\" srcset=\"http:\/\/argentinamunicipal.com.ar\/argentina\/wp-content\/uploads\/2015\/09\/c301-.jpg_88717827.jpg 621w, http:\/\/argentinamunicipal.com.ar\/argentina\/wp-content\/uploads\/2015\/09\/c301-.jpg_88717827-300x225.jpg 300w\" sizes=\"auto, (max-width: 621px) 100vw, 621px\" \/><\/a><p id=\"caption-attachment-37161\" class=\"wp-caption-text\">Cumbre. Fein, junto con representantes de ciudades de todo el mundo, avanzaron en una agenda de metas comunes sobre sustentabilidad.<\/p><\/div>\n<p>La mandataria se\u00f1al\u00f3 que la iniciativa contendr\u00e1 los ejes de lo que ser\u00e1 su segunda gesti\u00f3n al frente del municipio rosarino y adelant\u00f3 que pedir\u00e1 una pr\u00f3rroga para presentar el proyecto.<\/p>\n<p>&nbsp;<\/p>\n<p>El Ejecutivo municipal pedir\u00e1 esta semana una pr\u00f3rroga para la presentaci\u00f3n del proyecto presupuesto 2016. Los borradores en los que trabaja la Secretar\u00eda de Hacienda incluir\u00e1 un pedido de actualizaci\u00f3n tributaria y la impronta de lo que pretende imprimir la intendenta M\u00f3nica Fein en su segundo gesti\u00f3n. As\u00ed lo reconoci\u00f3 ayer la propia mandataria desde Estados Unidos donde disertar\u00e1 hoy en una cumbre convocada por el Banco Interamericano de Desarrollo (BID) y frente a representantes de medio centenar de ciudades latinoamericanas.<\/p>\n<p>La pr\u00f3rroga de la presentaci\u00f3n del proyecto presupuesto estar\u00e1 en sinton\u00eda con la propuesta que realice el Ejecutivo provincial a la Legislatura santafesina, despu\u00e9s que de una serie de reuniones que sostuvieron los equipos econ\u00f3micos la semana pasada en Santa Fe para pulir proyecciones y proyectos para el 2016, que se avizora dif\u00edcil por las se\u00f1ales que llegan desde el exterior \u2014principalmente de Brasil y China\u2014, tambi\u00e9n de los agentes econ\u00f3micos locales y hasta de los principales candidatos a presidente.<\/p>\n<p>La intendenta explic\u00f3 que el pr\u00f3ximo presupuesto se podr\u00e1 ver plasmado su intenci\u00f3n de profundizar los ejes de \u00absustentabilidad\u00bb en espacios p\u00fablicos, movilidad urbana y en determinadas \u00e1reas de la ciudad. \u00abTambi\u00e9n un fuerte impulso al pavimento definitivo de mil cuadras e inversi\u00f3n en cloacas en los barrios que faltan para completar la ciudad\u00bb, detall\u00f3.<\/p>\n<p>Por todo esto, Fein consider\u00f3 como \u00abclave\u00bb la discusi\u00f3n del financiamiento del Estado, no s\u00f3lo de las obras sino tambi\u00e9n para sostener y ampliar servicios que demanda la sociedad en distintas \u00e1reas.<\/p>\n<p>La mandataria evit\u00f3 precisar los niveles de aumentos de tasa o Drei, pero admiti\u00f3 que dif\u00edcilmente insistan con una f\u00f3rmula de actualizaci\u00f3n autom\u00e1tica como ocurre en la mayor\u00eda de los distritos municipales y comunales del pa\u00eds, y como semanas atr\u00e1s se aprob\u00f3 para la tarifa del transporte urbano de pasajeros.<\/p>\n<p>Fein permanecer\u00e1 en Estados Unidos hasta el mi\u00e9rcoles, con una serie de reuniones con la intenci\u00f3n, algunas de ellas, de abrir posibilidades de financiamiento externo, para proyectos de envergadura. Viaj\u00f3 a fines de la semana pasada a Nueva York para reunirse con alcaldes de todo el mundo, con quienes el viernes pasado escucharon el discurso de Papa Francisco en Naciones Unidas (ONU).<\/p>\n<p>A su regreso de Washington, la mandataria se\u00f1al\u00f3 que tiene previsto reunirse con distintos sectores de la sociedad civil \u2014entre ellos colegios profesionales, empresarios y organizaciones sociales\u2014 para terminar de cerrar un diagn\u00f3stico que, junto con la radiograf\u00eda interna elaborada los futuros secretarios de Gobierno, Gustavo Leone, y General, Pablo Javkin, terminar de cerrar el proyecto de presupuesto municipal para el a\u00f1o pr\u00f3ximo.<\/p>\n<p>Por lo pronto, las cuentas municipales cerraron el primer semestre de 2015 con un d\u00e9ficit en torno al 3,5 por ciento y, si se sostiene la evoluci\u00f3n actual del ritmo econ\u00f3mico y de precios, estar\u00e1 m\u00e1s cerca del 5 por ciento. Seg\u00fan las estad\u00edsticas y la recaudaci\u00f3n exponen una leve recuperaci\u00f3n de la actividad comparado con 2015, de la mano del consumo y la construcci\u00f3n, particularmente.<\/p>\n<p>La cartera que conduce Ver\u00f3nica Ir\u00edzar estim\u00f3 que las cuentas cerrar\u00e1n con un gasto de 7.000 millones de pesos.<\/p>\n<p>La confecci\u00f3n del presupuesto rosarino avanza a la par de la circulaci\u00f3n de nombres a suceder a los actuales conductores de las carteras econ\u00f3micas en la provincia y el municipio. As\u00ed como el debate interno sobre los perfiles de los potenciales sucesores si \u00abt\u00e9cnicos\u00bb o \u00abpol\u00edticos\u00bb para un 2016 \u00abcomplejo\u00bb para sostener la actividad econ\u00f3mica y que dentro de los primeros cien d\u00edas de gobierno figuran las paritarias de los trabajadores estatales.<\/p>\n<p>El objetivo del Ejecutivo local es que el presupuesto 2016 sea aprobado antes del recambio de funcionarios el 10 de diciembre.<\/p>\n<p><strong>Fein disertar\u00e1 hoy en el BID<\/strong><\/p>\n<p>La intendenta M\u00f3nica Fein fue convocada por el presidente del Banco Interamericano de Desarrollo (BID), Luis Alberto Moreno, a participar de la Reuni\u00f3n del Consejo Asesor de la Iniciativa de Ciudades Emergentes y Sostenibles (ICES) del BID que comienza hoy su tercera edici\u00f3n anual. Expondr\u00e1 las pol\u00edticas de recuperaci\u00f3n de la costa llevadas adelante por el municipio.<\/p>\n<p>En ese marco se desarrollar\u00e1n diferentes actividades que terminar\u00e1n el mi\u00e9rcoles con el Foro de Alcaldes Latinoam\u00e9rica y el Caribe, que contar\u00e1 con la presencia de cerca de 50 intendentes de diferentes ciudades para compartir sus experiencias.<\/p>\n<p>Rosario firmar\u00e1 un convenio con el BID de colaboraci\u00f3n t\u00e9cnica internacional. La Iniciativa Ciudades Emergentes y Sostenibles (ICES) es un programa de asistencia t\u00e9cnica del BID que busca ayudar a ciudades intermedias de Am\u00e9rica Latina y el Caribe en la identificaci\u00f3n, priorizaci\u00f3n y estructuraci\u00f3n de proyectos para mejorar su sostenibilidad ambiental, urbana y fiscal.<\/p>\n<p>En este marco, la ICES y la Municipalidad de Rosario vienen colaborando y desarrollando iniciativas conjuntas en sus \u00e1mbitos de inter\u00e9s. La intendenta de Rosario, M\u00f3nica Fein, particip\u00f3 exponiendo la experiencia de Rosario en la primera y segunda reuni\u00f3n de trabajo del Comit\u00e9 Asesor Externo de la ICES.<\/p>\n<p>A fines de 2014, la Municipalidad de Rosario fue seleccionada como ganadora de la Sexta Edici\u00f3n del Premio de Agua y Saneamiento patrocinado por el Banco Interamericano de Desarrollo (BID) y la Fundaci\u00f3n Femsa. La distinci\u00f3n como ganador, obedeci\u00f3 al proyecto de contenerizaci\u00f3n y recolecci\u00f3n diferenciada de Residuos S\u00f3lidos Urbanos, implementado por el municipio. Desde el BID y Femsa procuramos reconocer esfuerzos sist\u00e9micos orientados a promover la minimizaci\u00f3n y tratamiento de residuos s\u00f3lidos.<\/p>\n<h6>Fuente: La Capital, Rosario<\/h6>\n","protected":false},"excerpt":{"rendered":"<p>La mandataria se\u00f1al\u00f3 que la iniciativa contendr\u00e1 los ejes de lo que ser\u00e1 su segunda gesti\u00f3n al frente del municipio rosarino y adelant\u00f3 que pedir\u00e1 una pr\u00f3rroga para presentar el proyecto. &nbsp; El Ejecutivo municipal pedir\u00e1 esta semana una pr\u00f3rroga para la presentaci\u00f3n del proyecto presupuesto 2016. Los borradores en los que trabaja la Secretar\u00eda<\/p>\n","protected":false},"author":2,"featured_media":37161,"comment_status":"closed","ping_status":"closed","sticky":false,"template":"","format":"standard","meta":{"footnotes":""},"categories":[5],"tags":[10],"class_list":["post-37160","post","type-post","status-publish","format-standard","has-post-thumbnail","hentry","category-informe-economico","tag-santa-fe"],"_links":{"self":[{"href":"http:\/\/argentinamunicipal.com.ar\/argentina\/wp-json\/wp\/v2\/posts\/37160","targetHints":{"allow":["GET"]}}],"collection":[{"href":"http:\/\/argentinamunicipal.com.ar\/argentina\/wp-json\/wp\/v2\/posts"}],"about":[{"href":"http:\/\/argentinamunicipal.com.ar\/argentina\/wp-json\/wp\/v2\/types\/post"}],"author":[{"embeddable":true,"href":"http:\/\/argentinamunicipal.com.ar\/argentina\/wp-json\/wp\/v2\/users\/2"}],"replies":[{"embeddable":true,"href":"http:\/\/argentinamunicipal.com.ar\/argentina\/wp-json\/wp\/v2\/comments?post=37160"}],"version-history":[{"count":0,"href":"http:\/\/argentinamunicipal.com.ar\/argentina\/wp-json\/wp\/v2\/posts\/37160\/revisions"}],"wp:featuredmedia":[{"embeddable":true,"href":"http:\/\/argentinamunicipal.com.ar\/argentina\/wp-json\/wp\/v2\/media\/37161"}],"wp:attachment":[{"href":"http:\/\/argentinamunicipal.com.ar\/argentina\/wp-json\/wp\/v2\/media?parent=37160"}],"wp:term":[{"taxonomy":"category","embeddable":true,"href":"http:\/\/argentinamunicipal.com.ar\/argentina\/wp-json\/wp\/v2\/categories?post=37160"},{"taxonomy":"post_tag","embeddable":true,"href":"http:\/\/argentinamunicipal.com.ar\/argentina\/wp-json\/wp\/v2\/tags?post=37160"}],"curies":[{"name":"wp","href":"https:\/\/api.w.org\/{rel}","templated":true}]}}