{"id":37169,"date":"2015-09-28T09:58:48","date_gmt":"2015-09-28T12:58:48","guid":{"rendered":"http:\/\/argentinamunicipal.com.ar\/argentina\/?p=37169"},"modified":"2015-09-28T09:58:48","modified_gmt":"2015-09-28T12:58:48","slug":"entre-rios-es-la-provincia-con-mas-creditos-del-procrear","status":"publish","type":"post","link":"http:\/\/argentinamunicipal.com.ar\/argentina\/entre-rios-es-la-provincia-con-mas-creditos-del-procrear\/","title":{"rendered":"Entre R\u00edos es la provincia con m\u00e1s cr\u00e9ditos del Procrear"},"content":{"rendered":"<p><a href=\"http:\/\/argentinamunicipal.com.ar\/argentina\/wp-content\/uploads\/2015\/09\/apfdigital_259276_tapa_2792015_194516.jpg\"><img loading=\"lazy\" decoding=\"async\" class=\"aligncenter  wp-image-37170\" src=\"http:\/\/argentinamunicipal.com.ar\/argentina\/wp-content\/uploads\/2015\/09\/apfdigital_259276_tapa_2792015_194516.jpg\" alt=\"apfdigital_259276_tapa_2792015_194516\" width=\"674\" height=\"378\" srcset=\"http:\/\/argentinamunicipal.com.ar\/argentina\/wp-content\/uploads\/2015\/09\/apfdigital_259276_tapa_2792015_194516.jpg 2014w, http:\/\/argentinamunicipal.com.ar\/argentina\/wp-content\/uploads\/2015\/09\/apfdigital_259276_tapa_2792015_194516-300x168.jpg 300w, http:\/\/argentinamunicipal.com.ar\/argentina\/wp-content\/uploads\/2015\/09\/apfdigital_259276_tapa_2792015_194516-1024x574.jpg 1024w\" sizes=\"auto, (max-width: 674px) 100vw, 674px\" \/><\/a><\/p>\n<p>Seg\u00fan indic\u00f3 el gerente general del Banco Hipotecario, Fernando Rubin, Entre R\u00edos \u201ces un ejemplo de c\u00f3mo tiene que funcionar Procrear\u201d, ya que est\u00e1 \u201cmuy por encima del promedio de todas las provincias\u201d, con 8 mil 200 pr\u00e9stamos otorgados<\/p>\n<p>\u201cDesde el primer d\u00eda, adem\u00e1s de que el gobernador Sergio Urribarri vino a mostrar su apoyo al programa y ponerse a disposici\u00f3n, se tom\u00f3 una iniciativa que fue armar una unidad operativa por decreto especial para este programa\u201d, record\u00f3 luego de un encuentro con el titular de IAPV, Oscar Marelli, en la casa central que la entidad bancaria tiene en el micro centro porte\u00f1o.<\/p>\n<p>\u201cEn Entre R\u00edos ya hay otorgados m\u00e1s de 8.200 pr\u00e9stamos, muy por encima del promedio de todas las provincias, en relaci\u00f3n a la poblaci\u00f3n, y no solamente eso, sino que de una manera muy distribuida. Creo que es un ejemplo de c\u00f3mo est\u00e1 funcionando, adem\u00e1s de tener un emprendimiento de desarrollo urban\u00edstico de 600 viviendas en Paran\u00e1\u201d, acot\u00f3.<\/p>\n<p>Por \u00faltimo, el gerente del Banco Hipotecario manifest\u00f3 que \u201ccuando las cosas se organizan bien desde el principio y se le pone ese foco, las cosas terminan saliendo muy bien\u201d.<\/p>\n<p>Marelli, en tanto,\u00a0 dijo que \u201cdesde el inicio de la gesti\u00f3n y por iniciativa del gobernador Sergio Urribarri, hemos trabajado juntos con las autoridades del Banco Hipotecario tanto en lo que refiere al Instituto Aut\u00e1rquico de Planeamiento y Vivienda y luego el Programa (Procrear). Esa din\u00e1mica de trabajo no permiti\u00f3 lograr un n\u00famero muy importante de cr\u00e9ditos individuales otorgados ya en Entre R\u00edos\u201d, destac\u00f3.<\/p>\n<h6>Fuente: APF Digital<\/h6>\n","protected":false},"excerpt":{"rendered":"<p>Seg\u00fan indic\u00f3 el gerente general del Banco Hipotecario, Fernando Rubin, Entre R\u00edos \u201ces un ejemplo de c\u00f3mo tiene que funcionar Procrear\u201d, ya que est\u00e1 \u201cmuy por encima del promedio de todas las provincias\u201d, con 8 mil 200 pr\u00e9stamos otorgados \u201cDesde el primer d\u00eda, adem\u00e1s de que el gobernador Sergio Urribarri vino a mostrar su apoyo<\/p>\n","protected":false},"author":2,"featured_media":37170,"comment_status":"closed","ping_status":"closed","sticky":false,"template":"","format":"standard","meta":{"footnotes":""},"categories":[2],"tags":[17],"class_list":["post-37169","post","type-post","status-publish","format-standard","has-post-thumbnail","hentry","category-informe-municipal","tag-entre-rios"],"_links":{"self":[{"href":"http:\/\/argentinamunicipal.com.ar\/argentina\/wp-json\/wp\/v2\/posts\/37169","targetHints":{"allow":["GET"]}}],"collection":[{"href":"http:\/\/argentinamunicipal.com.ar\/argentina\/wp-json\/wp\/v2\/posts"}],"about":[{"href":"http:\/\/argentinamunicipal.com.ar\/argentina\/wp-json\/wp\/v2\/types\/post"}],"author":[{"embeddable":true,"href":"http:\/\/argentinamunicipal.com.ar\/argentina\/wp-json\/wp\/v2\/users\/2"}],"replies":[{"embeddable":true,"href":"http:\/\/argentinamunicipal.com.ar\/argentina\/wp-json\/wp\/v2\/comments?post=37169"}],"version-history":[{"count":0,"href":"http:\/\/argentinamunicipal.com.ar\/argentina\/wp-json\/wp\/v2\/posts\/37169\/revisions"}],"wp:featuredmedia":[{"embeddable":true,"href":"http:\/\/argentinamunicipal.com.ar\/argentina\/wp-json\/wp\/v2\/media\/37170"}],"wp:attachment":[{"href":"http:\/\/argentinamunicipal.com.ar\/argentina\/wp-json\/wp\/v2\/media?parent=37169"}],"wp:term":[{"taxonomy":"category","embeddable":true,"href":"http:\/\/argentinamunicipal.com.ar\/argentina\/wp-json\/wp\/v2\/categories?post=37169"},{"taxonomy":"post_tag","embeddable":true,"href":"http:\/\/argentinamunicipal.com.ar\/argentina\/wp-json\/wp\/v2\/tags?post=37169"}],"curies":[{"name":"wp","href":"https:\/\/api.w.org\/{rel}","templated":true}]}}