{"id":37193,"date":"2015-09-28T10:32:54","date_gmt":"2015-09-28T13:32:54","guid":{"rendered":"http:\/\/argentinamunicipal.com.ar\/argentina\/?p=37193"},"modified":"2015-09-28T10:32:54","modified_gmt":"2015-09-28T13:32:54","slug":"se-llevan-a-cabo-en-el-pais-15-juicios-por-delitos-de-lesa-humanidad","status":"publish","type":"post","link":"http:\/\/argentinamunicipal.com.ar\/argentina\/se-llevan-a-cabo-en-el-pais-15-juicios-por-delitos-de-lesa-humanidad\/","title":{"rendered":"Se llevan a cabo en el pa\u00eds 15 juicios por delitos de lesa humanidad"},"content":{"rendered":"<p><a href=\"http:\/\/argentinamunicipal.com.ar\/argentina\/wp-content\/uploads\/2015\/09\/5608735b2abbb-e1443447149496.jpg\"><img loading=\"lazy\" decoding=\"async\" class=\"aligncenter wp-image-37194 \" src=\"http:\/\/argentinamunicipal.com.ar\/argentina\/wp-content\/uploads\/2015\/09\/5608735b2abbb-e1443447149496.jpg\" alt=\"\" width=\"661\" height=\"475\" srcset=\"http:\/\/argentinamunicipal.com.ar\/argentina\/wp-content\/uploads\/2015\/09\/5608735b2abbb-e1443447149496.jpg 715w, http:\/\/argentinamunicipal.com.ar\/argentina\/wp-content\/uploads\/2015\/09\/5608735b2abbb-e1443447149496-300x216.jpg 300w\" sizes=\"auto, (max-width: 661px) 100vw, 661px\" \/><\/a><br \/>\nCon el inicio el viernes en Catamarca de un nuevo juicio contra el multicondenado represor Luciano Benjam\u00edn Men\u00e9ndez, son 15 los procesos orales y p\u00fablicos que se realizan por delitos de lesa humanidad cometidos durante la dictadura c\u00edvico militar.<\/p>\n<p>Los juicios se realizan en Capital Federal, C\u00f3rdoba, Santa Fe, Mendoza, La Rioja, Salta y Catamarca; en las ciudades de Rosario, Bah\u00eda Blanca, Mar del Plata y La Plata y la localidad de San Mart\u00edn.<\/p>\n<p>En la Ciudad de Buenos Aires, son juzgados 59 represores acusados de haber cometido 789 secuestros, torturas y homicidios en la ESMA, proceso en el que est\u00e1n imputados ocho aviadores navales y de la Prefectura acusados por los denominados \u00abvuelos de la muerte\u00bb y que se encuentra en etapa de alegatos.<\/p>\n<p>Tambi\u00e9n en Capital Federal, se desarrolla el juicio por delitos cometidos en el marco del Plan C\u00f3ndor, el acuerdo de las dictaduras sudamericanas para perseguir a opositores pol\u00edticos fuera de sus propios pa\u00edses, proceso que se encuentra tambi\u00e9n en etapa de alegatos.<\/p>\n<p>En C\u00f3rdoba, contin\u00faa el juicio de la megacausa \u00abLa Perla\u00bb, que involucra a 417 v\u00edctimas y tiene ahora 52 imputados, entre ellos el represor Luciano Benjam\u00edn Men\u00e9ndez, y que lleva m\u00e1s de dos a\u00f1os. El proceso se encuentra en etapa de alegatos.<\/p>\n<p>En Mendoza, en tanto, se lleva adelante el \u00abJuicio a los jueces\u00bb, que tiene unos 41 imputados, entre los que se encuentran los ex jueces Otilio Romano y Luis Miret, que son juzgados en lo que constituye un megajuicio relevante debido a la cantidad de funcionarios judiciales procesados.<\/p>\n<p>En tanto, contin\u00faa en la ciudad mendocina de San Rafael el proceso en el son juzgados 26 represores, entre ellos el ex capit\u00e1n del Ej\u00e9rcito Luis Alberto Stuhldreher, ex intendente de facto de San Rafael y tambi\u00e9n ex funcionario del gobierno de Julio Cobos.<\/p>\n<p>En Bah\u00eda Blanca, se encuentra en etapa de alegatos el tercer juicio por delitos de lesa humanidad cometidos por la Armada, en el que son juzgadas 25 personas en perjuicio de 66 v\u00edctimas.<\/p>\n<p>En Santa Fe, son juzgados el ex de menores de la provincia Luis Mar\u00eda Vera Candioti; los tenientes coroneles retirados Domingo Morales y Jorge Roberto Diab; el coronel retirado Carlos Enrique Pav\u00f3n; y el comisario retirado Juan Calixto Perizzotti, por delitos en perjuicio de 52 personas.<\/p>\n<p>En Rosario, en tanto, se sustancia el juicio por los asesinatos de los militantes peronistas Osvaldo Cambiaso y Eduardo Pereyra Rossi, proceso en el que est\u00e1n acusados el \u00faltimo presidente de facto de la dictadura, Reinaldo Benito Bignone, el ex comisario bonaerense Luis Patti, y otros diez imputados entre militares retirados, ex polic\u00edas y ex Personal Civil de Inteligencia (PCI).<\/p>\n<p>En Mar del Plata, son juzgados 14 represores imputados por delitos cometidos en perjuicio de 124 v\u00edctimas en centros clandestinos de detenci\u00f3n que funcionaron en la Base Naval y otras unidades de la Armada en esta ciudad durante la \u00faltima dictadura.<\/p>\n<p>Tambi\u00e9n en Mar del Plata, se desarrolla el juicio por los cr\u00edmenes cometidos por la Concentraci\u00f3n Nacionalista Universitaria (CNU), que funcion\u00f3 como ap\u00e9ndice de la Triple A en 1975.<\/p>\n<p>Los imputados, en este primer tramo de la causa que va a juicio, son nueve civiles y un militar retirado, encabezados por el ex fiscal Gustavo Demarchi, acusados por los delitos de asociaci\u00f3n il\u00edcita, y por el secuestro y asesinato de ocho v\u00edctimas.<\/p>\n<p>En La Plata, cuatro ex jefes de la Armada y otros tres de Prefectura son juzgados en La Plata por delitos de lesa humanidad en perjuicio de trabajadores de YPF, Propulsora Sider\u00fargica y Astilleros R\u00edo Santiago, que fueron torturados en centros clandestinos que funcionaron en dependencias de la Fuerza de Tareas 5 de la Armada.<\/p>\n<p>Desde agosto, Men\u00e9ndez, junto a otros 14 imputados ex miembros de fuerzas de seguridad y un ex juez federal, es juzgado en La Rioja, en un juicio en el que se investigan los delitos de homicidio, asociaci\u00f3n il\u00edcita, tormentos, privaci\u00f3n ilegal de la libertad y violaci\u00f3n de domicilio en perjuicio de 50 v\u00edctimas.<\/p>\n<p>En este proceso, tambi\u00e9n est\u00e1 siendo juzgado el entonces juez federal Roberto Catal\u00e1n.<\/p>\n<p>En tribunales federales de San Mart\u00edn, se desarrolla un nuevo juicio por delitos cometidos bajo la jurisdicci\u00f3n de Campo de Mayo donde se juzga, entre otros, al ex jefe del Comando de Institutos Militares Santiago Omar Riveros y a otros dos imputados por delitos en la comisar\u00eda de Villa Ballester.<\/p>\n<p>En Salta, se realiza el primer juicio oral que en Argentina tiene entre los acusados a un empresario.<br \/>\nSe trata del ex due\u00f1o de la transportista La Veloz del Norte, Marcos Jacobo Lev\u00edn, quien es juzgado por haber instigado el secuestro y las torturas de las que fue v\u00edctima al chofer y militante sindical de la empresa, V\u00edctor Manuel Cobos, en 1977.<\/p>\n<p>Finalmente, el viernes comenz\u00f3 en Catamarca el tercer juicio por delitos de lesa humanidad cometidos en esa provincia, el que, adem\u00e1s de Men\u00e9ndez, tiene como imputados a Dar\u00edo Otero Ar\u00e1n, Enrique Basso, Roberto Mujica, Jorge Ripoll Del Pino y Carlos Ruiz, acusados por privaci\u00f3n ileg\u00edtima de la libertad y asociaci\u00f3n il\u00edcita contra Nelly Yolanda Borda, Julio Genaro Burgos y los hermanos Francisco y Griselda Ponce.<\/p>\n<h6>Fuente: T\u00e9lam<\/h6>\n","protected":false},"excerpt":{"rendered":"<p>Con el inicio el viernes en Catamarca de un nuevo juicio contra el multicondenado represor Luciano Benjam\u00edn Men\u00e9ndez, son 15 los procesos orales y p\u00fablicos que se realizan por delitos de lesa humanidad cometidos durante la dictadura c\u00edvico militar. Los juicios se realizan en Capital Federal, C\u00f3rdoba, Santa Fe, Mendoza, La Rioja, Salta y Catamarca;<\/p>\n","protected":false},"author":2,"featured_media":37194,"comment_status":"closed","ping_status":"closed","sticky":false,"template":"","format":"standard","meta":{"footnotes":""},"categories":[8],"tags":[21],"class_list":["post-37193","post","type-post","status-publish","format-standard","has-post-thumbnail","hentry","category-informe-nacional","tag-argentina"],"_links":{"self":[{"href":"http:\/\/argentinamunicipal.com.ar\/argentina\/wp-json\/wp\/v2\/posts\/37193","targetHints":{"allow":["GET"]}}],"collection":[{"href":"http:\/\/argentinamunicipal.com.ar\/argentina\/wp-json\/wp\/v2\/posts"}],"about":[{"href":"http:\/\/argentinamunicipal.com.ar\/argentina\/wp-json\/wp\/v2\/types\/post"}],"author":[{"embeddable":true,"href":"http:\/\/argentinamunicipal.com.ar\/argentina\/wp-json\/wp\/v2\/users\/2"}],"replies":[{"embeddable":true,"href":"http:\/\/argentinamunicipal.com.ar\/argentina\/wp-json\/wp\/v2\/comments?post=37193"}],"version-history":[{"count":0,"href":"http:\/\/argentinamunicipal.com.ar\/argentina\/wp-json\/wp\/v2\/posts\/37193\/revisions"}],"wp:featuredmedia":[{"embeddable":true,"href":"http:\/\/argentinamunicipal.com.ar\/argentina\/wp-json\/wp\/v2\/media\/37194"}],"wp:attachment":[{"href":"http:\/\/argentinamunicipal.com.ar\/argentina\/wp-json\/wp\/v2\/media?parent=37193"}],"wp:term":[{"taxonomy":"category","embeddable":true,"href":"http:\/\/argentinamunicipal.com.ar\/argentina\/wp-json\/wp\/v2\/categories?post=37193"},{"taxonomy":"post_tag","embeddable":true,"href":"http:\/\/argentinamunicipal.com.ar\/argentina\/wp-json\/wp\/v2\/tags?post=37193"}],"curies":[{"name":"wp","href":"https:\/\/api.w.org\/{rel}","templated":true}]}}