{"id":37196,"date":"2015-09-29T09:10:59","date_gmt":"2015-09-29T12:10:59","guid":{"rendered":"http:\/\/argentinamunicipal.com.ar\/argentina\/?p=37196"},"modified":"2015-09-29T09:10:59","modified_gmt":"2015-09-29T12:10:59","slug":"el-vivero-inclusivo-de-villa-gobernador-galvez-impulsa-su-agenda-de-trabajo","status":"publish","type":"post","link":"http:\/\/argentinamunicipal.com.ar\/argentina\/el-vivero-inclusivo-de-villa-gobernador-galvez-impulsa-su-agenda-de-trabajo\/","title":{"rendered":"El vivero inclusivo de Villa Gobernador G\u00e1lvez\u00a0impulsa su agenda de trabajo"},"content":{"rendered":"<p><a href=\"http:\/\/argentinamunicipal.com.ar\/argentina\/wp-content\/uploads\/2015\/09\/125491_villa-gobernador-galvez.jpg\"><img loading=\"lazy\" decoding=\"async\" class=\"aligncenter size-full wp-image-37197\" src=\"http:\/\/argentinamunicipal.com.ar\/argentina\/wp-content\/uploads\/2015\/09\/125491_villa-gobernador-galvez.jpg\" alt=\"125491_villa-gobernador-galvez\" width=\"544\" height=\"293\" srcset=\"http:\/\/argentinamunicipal.com.ar\/argentina\/wp-content\/uploads\/2015\/09\/125491_villa-gobernador-galvez.jpg 544w, http:\/\/argentinamunicipal.com.ar\/argentina\/wp-content\/uploads\/2015\/09\/125491_villa-gobernador-galvez-300x162.jpg 300w\" sizes=\"auto, (max-width: 544px) 100vw, 544px\" \/><\/a><br \/>\nEl vivero inclusivo de Villa Gobernador G\u00e1lvez impulsa su agenda de trabajo. Presentar\u00e1n al nuevo coordinador y se entregar\u00e1n 5.000 plantines.<\/p>\n<p>La subsecretaria de Inclusi\u00f3n para Personas con Discapacidad, Silvia Tr\u00f3ccoli, encabezar\u00e1 ma\u00f1ana, a las 10, una recorrida y visita por las instalaciones del Vivero Inclusivo de la ciudad de Villa Gobernador G\u00e1lvez.<\/p>\n<p>Estar\u00e1 acompa\u00f1ada por el subsecretario de Gobierno, Esteban Lenci y autoridades municipales. El objetivo de la actividad ser\u00e1 presentar al nuevo coordinador del espacio, dependiente del gobierno provincial, quien dar\u00e1 impulso a la agenda de trabajo que se coordinan desde estos dispositivos de formaci\u00f3n laboral y creaci\u00f3n de lazos.<\/p>\n<p>El vivero Inclusivo de la ciudad de Villa Gobernador G\u00e1lvez, perteneciente a la Red de viveros inclusivos de la Provincia, fue inaugurado en noviembre de 2014, abri\u00f3 sus puertas a varones y mujeres que presentan discapacidad, mayores de 18 a\u00f1os, que terminaron la etapa escolar y motivados por aprender el oficio de la jardiner\u00eda y las t\u00e9cnicas de forestaci\u00f3n. Al ser inclusivos, tambi\u00e9n participan j\u00f3venes con otras situaciones de vulnerabilidad.<\/p>\n<p>Durante la actividad se har\u00e1 entrega de 5.000 plantines que garantizar\u00e1n el trabajo y continuidad en esta nueva etapa de trabajo.<\/p>\n<p><strong>RED PROVINCIAL DE VIVEROS<\/strong><br \/>\nSon espacios de formaci\u00f3n integral, donde las capacidades y los saberes se fusionan, apoy\u00e1ndose los unos a los otros, donde se revalida el derecho al trabajo, se entrelazan v\u00ednculos y se acompa\u00f1an procesos de fortalecimiento de j\u00f3venes y adultos como sujetos activos dentro de la sociedad. Jerarquizando la autonom\u00eda y el lugar que tiene el trabajo para enfrentar la vida; y que, junto a otros, esa actividad tome valor econ\u00f3mico, transform\u00e1ndose en verdadera inclusi\u00f3n social. Potenciando el valor de la convivencia, la toma de decisiones y los h\u00e1bitos laborales.<\/p>\n<h6>Fuente: Sin Mordaza<\/h6>\n","protected":false},"excerpt":{"rendered":"<p>El vivero inclusivo de Villa Gobernador G\u00e1lvez impulsa su agenda de trabajo. Presentar\u00e1n al nuevo coordinador y se entregar\u00e1n 5.000 plantines. La subsecretaria de Inclusi\u00f3n para Personas con Discapacidad, Silvia Tr\u00f3ccoli, encabezar\u00e1 ma\u00f1ana, a las 10, una recorrida y visita por las instalaciones del Vivero Inclusivo de la ciudad de Villa Gobernador G\u00e1lvez. Estar\u00e1 acompa\u00f1ada<\/p>\n","protected":false},"author":2,"featured_media":37197,"comment_status":"closed","ping_status":"closed","sticky":false,"template":"","format":"standard","meta":{"footnotes":""},"categories":[2],"tags":[10],"class_list":["post-37196","post","type-post","status-publish","format-standard","has-post-thumbnail","hentry","category-informe-municipal","tag-santa-fe"],"_links":{"self":[{"href":"http:\/\/argentinamunicipal.com.ar\/argentina\/wp-json\/wp\/v2\/posts\/37196","targetHints":{"allow":["GET"]}}],"collection":[{"href":"http:\/\/argentinamunicipal.com.ar\/argentina\/wp-json\/wp\/v2\/posts"}],"about":[{"href":"http:\/\/argentinamunicipal.com.ar\/argentina\/wp-json\/wp\/v2\/types\/post"}],"author":[{"embeddable":true,"href":"http:\/\/argentinamunicipal.com.ar\/argentina\/wp-json\/wp\/v2\/users\/2"}],"replies":[{"embeddable":true,"href":"http:\/\/argentinamunicipal.com.ar\/argentina\/wp-json\/wp\/v2\/comments?post=37196"}],"version-history":[{"count":0,"href":"http:\/\/argentinamunicipal.com.ar\/argentina\/wp-json\/wp\/v2\/posts\/37196\/revisions"}],"wp:featuredmedia":[{"embeddable":true,"href":"http:\/\/argentinamunicipal.com.ar\/argentina\/wp-json\/wp\/v2\/media\/37197"}],"wp:attachment":[{"href":"http:\/\/argentinamunicipal.com.ar\/argentina\/wp-json\/wp\/v2\/media?parent=37196"}],"wp:term":[{"taxonomy":"category","embeddable":true,"href":"http:\/\/argentinamunicipal.com.ar\/argentina\/wp-json\/wp\/v2\/categories?post=37196"},{"taxonomy":"post_tag","embeddable":true,"href":"http:\/\/argentinamunicipal.com.ar\/argentina\/wp-json\/wp\/v2\/tags?post=37196"}],"curies":[{"name":"wp","href":"https:\/\/api.w.org\/{rel}","templated":true}]}}