{"id":37202,"date":"2015-09-29T09:15:04","date_gmt":"2015-09-29T12:15:04","guid":{"rendered":"http:\/\/argentinamunicipal.com.ar\/argentina\/?p=37202"},"modified":"2015-09-29T09:15:04","modified_gmt":"2015-09-29T12:15:04","slug":"procrear-buen-avance-de-las-132-viviendas-en-rafaela","status":"publish","type":"post","link":"http:\/\/argentinamunicipal.com.ar\/argentina\/procrear-buen-avance-de-las-132-viviendas-en-rafaela\/","title":{"rendered":"PROCREAR: buen avance de las 132 viviendas en Rafaela"},"content":{"rendered":"<p><a href=\"http:\/\/argentinamunicipal.com.ar\/argentina\/wp-content\/uploads\/2015\/09\/multimedia.normal.969d43e0bbd7287a.6e6f726d616c2e6a7067.jpg\"><img loading=\"lazy\" decoding=\"async\" class=\"aligncenter size-full wp-image-37203\" src=\"http:\/\/argentinamunicipal.com.ar\/argentina\/wp-content\/uploads\/2015\/09\/multimedia.normal.969d43e0bbd7287a.6e6f726d616c2e6a7067.jpg\" alt=\"multimedia.normal.969d43e0bbd7287a.6e6f726d616c2e6a7067\" width=\"600\" height=\"400\" srcset=\"http:\/\/argentinamunicipal.com.ar\/argentina\/wp-content\/uploads\/2015\/09\/multimedia.normal.969d43e0bbd7287a.6e6f726d616c2e6a7067.jpg 600w, http:\/\/argentinamunicipal.com.ar\/argentina\/wp-content\/uploads\/2015\/09\/multimedia.normal.969d43e0bbd7287a.6e6f726d616c2e6a7067-300x200.jpg 300w\" sizes=\"auto, (max-width: 600px) 100vw, 600px\" \/><\/a><br \/>\nUna de las obras recorridas en la ma\u00f1ana de ayer fue la construcci\u00f3n de las tres torres de departamentos con 132 soluciones habitacionales encaradas con dineros de la ANSeS, a trav\u00e9s del Plan ProCreAr.<\/p>\n<p>Los tres edificios se encuentran en un buen grado de avances, vi\u00e9ndose casi terminados desde el exterior, aunque restan detalles de revestimiento en el interior.<\/p>\n<p>La novedad que surgi\u00f3 en ayer fue que comenzaron con las obras de infraestructura urbana: por un lado, la realizaci\u00f3n de un desag\u00fce y un reservorio de agua; as\u00ed como tambi\u00e9n la pavimentaci\u00f3n de la calle p\u00fablica que le da nombre al sector \u00abde la medialuna\u00bb. Tambi\u00e9n se est\u00e1 realizando trabajos para el abastecimiento de gas envasado en el lugar (a trav\u00e9s de zeppelings) y resta avanzar en la parte paisaj\u00edstica.<\/p>\n<p><strong>OTRAS OBRAS<\/strong><\/p>\n<p>Las inversiones incluidas en el sector suroeste comprenden: retardador de crecidas en el barrio Amancay, revestimiento del canal de Calle Obligado, ampliaci\u00f3n de la laguna Williner, ampliaci\u00f3n de la laguna de calle Mensajero Donna, obra de desag\u00fce en el barrio Brigadier L\u00f3pez, Plan C\u00e1ritas de Vivienda (ayer comenzaron las obras en el Zazpe y hoy en el 2 de Abril), Escuela Municipal de M\u00fasica \u00abRemo Pignoni\u00bb, Instituto Superior del Profesorado N\u00ba 2 \u00abJoaqu\u00edn V. Gonz\u00e1lez\u00bb, Centro de Prevenci\u00f3n Local de Adicciones (CEPLA), pavimentaci\u00f3n de Vieytes-Marchini, pavimentaci\u00f3n de calles internas del PAER, iluminaci\u00f3n del Parque Villa Podio, iluminaci\u00f3n de calle Estanislao del Campo, entre las m\u00e1s importantes, si bien no todas llegaron a recorrerse por razones de tiempo.<\/p>\n<h6>Fuente: La Opini\u00f3n<\/h6>\n","protected":false},"excerpt":{"rendered":"<p>Una de las obras recorridas en la ma\u00f1ana de ayer fue la construcci\u00f3n de las tres torres de departamentos con 132 soluciones habitacionales encaradas con dineros de la ANSeS, a trav\u00e9s del Plan ProCreAr. Los tres edificios se encuentran en un buen grado de avances, vi\u00e9ndose casi terminados desde el exterior, aunque restan detalles de<\/p>\n","protected":false},"author":2,"featured_media":37203,"comment_status":"closed","ping_status":"closed","sticky":false,"template":"","format":"standard","meta":{"footnotes":""},"categories":[2],"tags":[10],"class_list":["post-37202","post","type-post","status-publish","format-standard","has-post-thumbnail","hentry","category-informe-municipal","tag-santa-fe"],"_links":{"self":[{"href":"http:\/\/argentinamunicipal.com.ar\/argentina\/wp-json\/wp\/v2\/posts\/37202","targetHints":{"allow":["GET"]}}],"collection":[{"href":"http:\/\/argentinamunicipal.com.ar\/argentina\/wp-json\/wp\/v2\/posts"}],"about":[{"href":"http:\/\/argentinamunicipal.com.ar\/argentina\/wp-json\/wp\/v2\/types\/post"}],"author":[{"embeddable":true,"href":"http:\/\/argentinamunicipal.com.ar\/argentina\/wp-json\/wp\/v2\/users\/2"}],"replies":[{"embeddable":true,"href":"http:\/\/argentinamunicipal.com.ar\/argentina\/wp-json\/wp\/v2\/comments?post=37202"}],"version-history":[{"count":0,"href":"http:\/\/argentinamunicipal.com.ar\/argentina\/wp-json\/wp\/v2\/posts\/37202\/revisions"}],"wp:featuredmedia":[{"embeddable":true,"href":"http:\/\/argentinamunicipal.com.ar\/argentina\/wp-json\/wp\/v2\/media\/37203"}],"wp:attachment":[{"href":"http:\/\/argentinamunicipal.com.ar\/argentina\/wp-json\/wp\/v2\/media?parent=37202"}],"wp:term":[{"taxonomy":"category","embeddable":true,"href":"http:\/\/argentinamunicipal.com.ar\/argentina\/wp-json\/wp\/v2\/categories?post=37202"},{"taxonomy":"post_tag","embeddable":true,"href":"http:\/\/argentinamunicipal.com.ar\/argentina\/wp-json\/wp\/v2\/tags?post=37202"}],"curies":[{"name":"wp","href":"https:\/\/api.w.org\/{rel}","templated":true}]}}