{"id":37215,"date":"2015-09-29T09:26:53","date_gmt":"2015-09-29T12:26:53","guid":{"rendered":"http:\/\/argentinamunicipal.com.ar\/argentina\/?p=37215"},"modified":"2015-09-29T09:26:53","modified_gmt":"2015-09-29T12:26:53","slug":"adelia-maria-invierten-3-millones-en-el-parque-automotor-e-iluminacion","status":"publish","type":"post","link":"http:\/\/argentinamunicipal.com.ar\/argentina\/adelia-maria-invierten-3-millones-en-el-parque-automotor-e-iluminacion\/","title":{"rendered":"Adelia Mar\u00eda: invierten $3 millones en el parque automotor e iluminaci\u00f3n"},"content":{"rendered":"<p><a href=\"http:\/\/argentinamunicipal.com.ar\/argentina\/wp-content\/uploads\/2015\/09\/16753957.jpg\"><img loading=\"lazy\" decoding=\"async\" class=\"aligncenter size-full wp-image-37216\" src=\"http:\/\/argentinamunicipal.com.ar\/argentina\/wp-content\/uploads\/2015\/09\/16753957.jpg\" alt=\"16753957\" width=\"500\" height=\"375\" srcset=\"http:\/\/argentinamunicipal.com.ar\/argentina\/wp-content\/uploads\/2015\/09\/16753957.jpg 500w, http:\/\/argentinamunicipal.com.ar\/argentina\/wp-content\/uploads\/2015\/09\/16753957-300x225.jpg 300w\" sizes=\"auto, (max-width: 500px) 100vw, 500px\" \/><\/a><br \/>\nCon aportes de la provincia, la Naci\u00f3n y el Municipio se ejecut\u00f3 una serie de proyectos relacionados a mejorar las maquinarias afectadas al servicio p\u00fablico. Adem\u00e1s, se renov\u00f3 toda la avenida San Mart\u00edn<\/p>\n<p>El gobierno municipal realiz\u00f3 una inversi\u00f3n de m\u00e1s de $3 millones en la reestructuraci\u00f3n y mejoramiento de la iluminaci\u00f3n p\u00fablica y en el acondicionamiento de las maquinarias que conforman su parque automotor.<\/p>\n<p>La gesti\u00f3n de Javier Rezza viene llevando a cabo una serie de obras tendientes a mejorar los servicios. En lo que se refiere a iluminaci\u00f3n, se habilitaron recientemente las nuevas luminarias sobre la avenida San Mart\u00edn con un nuevo sistema de iluminaci\u00f3n de 1.200 metros de extensi\u00f3n, reemplazando al anterior que fuera instalado en el a\u00f1o 1980.<\/p>\n<p>Asimismo, el Municipio prioriz\u00f3 la recuperaci\u00f3n de una serie de veh\u00edculos que conforman su parque automotriz, con el objetivo de afectarlo a la prestaci\u00f3n de los servicios p\u00fablicos, tales como mantenimiento de calles, acarreo de desechos, riego, entre otras actividades.<\/p>\n<p>Rezza indic\u00f3 que ante la inminencia de la temporada de lluvias, la necesidad de ejercer un mantenimiento adecuado de las calles de tierras perif\u00e9ricas, m\u00e1s la utilizaci\u00f3n de otras unidades para las distintas acciones del Municipio, obliga a contar con un parque automotor en buen estado.<\/p>\n<p>Para la renovaci\u00f3n de unidades desde el Gobierno nacional se recibi\u00f3 un subsidio de $750 mil para la compra de una Pala Michigan y $175 mil para la adquisici\u00f3n de un Renault Master destinado a transportes para personas discapacitadas.<\/p>\n<p>Tambi\u00e9n el gobierno de C\u00f3rdoba, a trav\u00e9s del gobernador Jos\u00e9 Manuel de la Sota, hizo entrega de un cami\u00f3n Fiat Iveco con caja volcadora y tambi\u00e9n destinaron $340 mil para el reacondicionamiento de un cami\u00f3n Mercedes Benz con accesorio de barredora Scorza.<\/p>\n<p>El intendente record\u00f3 adem\u00e1s que se repar\u00f3 una motoniveladora Merex, un cami\u00f3n regador Dodge 600, un tractor John Deere con palas Tandem, Tractor Fiat con pala frontal.<\/p>\n<p><strong>Inversi\u00f3n sobre ruedas<\/strong><\/p>\n<p>En los \u00faltimos tres a\u00f1os se han destinado m\u00e1s de $2,5 millones en recuperaci\u00f3n de dicho parque y as\u00ed poder afrontar actividades que responden a las necesidades de un pueblo en continuo crecimiento, como por ejemplo, refacciones, limpieza, traslado, arreglo de calles, etc\u00e9tera.<\/p>\n<p>Veh\u00edculos: Cami\u00f3n Fiat (Gob. de la Prov. de C\u00f3rdoba); unidad Trafic Renault Master (CONADIS); Pala Michigan (Ministerio de Econom\u00eda y jefatura del Gobierno Nacional); Cami\u00f3n Mercedes Benz 1518 (Justicia Federal); Reacondicionamiento de Cami\u00f3n Mercedes Benz y Barredora Scorza (Subsidio Gobierno Provincial); Reparaci\u00f3n completa Motoniveladora Merex, cami\u00f3n regador Dodge 600 y John Deere con Palas Tandem; Fiat 60 con pala Frontal.<\/p>\n<p><strong>Otros emprendimientos<\/strong><\/p>\n<p>Otra de las obras recientemente inauguradas por la gesti\u00f3n de Rezza fue la renovaci\u00f3n de la iluminaci\u00f3n sobre la avenida San Mart\u00edn.<\/p>\n<p>La inversi\u00f3n en el sector fue de $750 mil, y contempl\u00f3 la colocaci\u00f3n de 41 luminarias altas, y en el bulevard central otras luces bajas.<\/p>\n<p>Adem\u00e1s, se realiz\u00f3 toda una tarea de parquizado y reemplazo de \u00e1rboles sobre las veredas aleda\u00f1as. Desde la intendencia se indic\u00f3 que este proyecto apunt\u00f3 a renovar el sector de acceso a la localidad.<\/p>\n<p>Por \u00faltimo, se espera para los pr\u00f3ximos d\u00edas la concreci\u00f3n de nuevas inauguraciones.<\/p>\n<h6>Fuente: Puntal<\/h6>\n","protected":false},"excerpt":{"rendered":"<p>Con aportes de la provincia, la Naci\u00f3n y el Municipio se ejecut\u00f3 una serie de proyectos relacionados a mejorar las maquinarias afectadas al servicio p\u00fablico. Adem\u00e1s, se renov\u00f3 toda la avenida San Mart\u00edn El gobierno municipal realiz\u00f3 una inversi\u00f3n de m\u00e1s de $3 millones en la reestructuraci\u00f3n y mejoramiento de la iluminaci\u00f3n p\u00fablica y en<\/p>\n","protected":false},"author":2,"featured_media":37216,"comment_status":"closed","ping_status":"closed","sticky":false,"template":"","format":"standard","meta":{"footnotes":""},"categories":[2],"tags":[3],"class_list":["post-37215","post","type-post","status-publish","format-standard","has-post-thumbnail","hentry","category-informe-municipal","tag-cordoba"],"_links":{"self":[{"href":"http:\/\/argentinamunicipal.com.ar\/argentina\/wp-json\/wp\/v2\/posts\/37215","targetHints":{"allow":["GET"]}}],"collection":[{"href":"http:\/\/argentinamunicipal.com.ar\/argentina\/wp-json\/wp\/v2\/posts"}],"about":[{"href":"http:\/\/argentinamunicipal.com.ar\/argentina\/wp-json\/wp\/v2\/types\/post"}],"author":[{"embeddable":true,"href":"http:\/\/argentinamunicipal.com.ar\/argentina\/wp-json\/wp\/v2\/users\/2"}],"replies":[{"embeddable":true,"href":"http:\/\/argentinamunicipal.com.ar\/argentina\/wp-json\/wp\/v2\/comments?post=37215"}],"version-history":[{"count":0,"href":"http:\/\/argentinamunicipal.com.ar\/argentina\/wp-json\/wp\/v2\/posts\/37215\/revisions"}],"wp:featuredmedia":[{"embeddable":true,"href":"http:\/\/argentinamunicipal.com.ar\/argentina\/wp-json\/wp\/v2\/media\/37216"}],"wp:attachment":[{"href":"http:\/\/argentinamunicipal.com.ar\/argentina\/wp-json\/wp\/v2\/media?parent=37215"}],"wp:term":[{"taxonomy":"category","embeddable":true,"href":"http:\/\/argentinamunicipal.com.ar\/argentina\/wp-json\/wp\/v2\/categories?post=37215"},{"taxonomy":"post_tag","embeddable":true,"href":"http:\/\/argentinamunicipal.com.ar\/argentina\/wp-json\/wp\/v2\/tags?post=37215"}],"curies":[{"name":"wp","href":"https:\/\/api.w.org\/{rel}","templated":true}]}}