{"id":37224,"date":"2015-09-29T09:35:35","date_gmt":"2015-09-29T12:35:35","guid":{"rendered":"http:\/\/argentinamunicipal.com.ar\/argentina\/?p=37224"},"modified":"2015-09-29T09:35:35","modified_gmt":"2015-09-29T12:35:35","slug":"invertiran-20-millones-en-extender-la-costanera-de-miramar-de-ansenuza","status":"publish","type":"post","link":"http:\/\/argentinamunicipal.com.ar\/argentina\/invertiran-20-millones-en-extender-la-costanera-de-miramar-de-ansenuza\/","title":{"rendered":"Invertir\u00e1n $ 20 millones en extender la costanera de Miramar de Ansenuza"},"content":{"rendered":"<p><a href=\"http:\/\/argentinamunicipal.com.ar\/argentina\/wp-content\/uploads\/2015\/09\/zzzzz.jpg\"><img loading=\"lazy\" decoding=\"async\" class=\"aligncenter size-full wp-image-37225\" src=\"http:\/\/argentinamunicipal.com.ar\/argentina\/wp-content\/uploads\/2015\/09\/zzzzz.jpg\" alt=\"zzzzz\" width=\"642\" height=\"366\" srcset=\"http:\/\/argentinamunicipal.com.ar\/argentina\/wp-content\/uploads\/2015\/09\/zzzzz.jpg 642w, http:\/\/argentinamunicipal.com.ar\/argentina\/wp-content\/uploads\/2015\/09\/zzzzz-300x171.jpg 300w\" sizes=\"auto, (max-width: 642px) 100vw, 642px\" \/><\/a><\/p>\n<p>En los pr\u00f3ximos d\u00edas se adjudicar\u00e1 la construcci\u00f3n del tercer tramo de la avenida costanera, que demandar\u00e1 al erario provincial una inversi\u00f3n de algo m\u00e1s de 20 millones de pesos. De este modo se completar\u00e1n 2.500 metros de paseo ribere\u00f1o con adoquinado, desag\u00fces e iluminaci\u00f3n, a la vez que se reforzar\u00e1 la defensa costera en previsi\u00f3n del aumento del nivel de la laguna Mar Chiquita.<\/p>\n<p>La tercera parte de la Costanera que se extiende por la orilla del espejo de agua salada, ampliar\u00e1 el recorrido hasta las inmediaciones del hotel internacional que se est\u00e1 construyendo en el oeste de la localidad, culminando en una rotonda que permitir\u00e1 la conexi\u00f3n con la zona urbana.<\/p>\n<p>El proyecto contempla la construcci\u00f3n del camino con una extensi\u00f3n de 600 metros y las obras complementarias de iluminaci\u00f3n. El costo estimado de esos trabajos es de 17.5 y 3.2 millones de pesos, respectivamente.<br \/>\nAdem\u00e1s de la obra vial, es importante resaltar que el presupuesto incluye el reforzamiento con piedra del talud que marca el l\u00edmite para el nivel del agua.<\/p>\n<p>El emprendimiento ser\u00e1 realizado por Ingenia SA, la misma constructora que ejecut\u00f3 los dos tramos anteriores y que tambi\u00e9n trabaja en el complejo hotelero promovido por Loter\u00eda de C\u00f3rdoba. Esta empresa formul\u00f3 la mejor oferta en la licitaci\u00f3n.<\/p>\n<p>\u201cTratamos de darle toda la celeridad posible al proceso para que se empiece cuanto antes la obra\u201d, expres\u00f3 el intendente Adri\u00e1n Walker en declaraciones a Radio Cardinal. \u201cEstamos en el proceso para poder firmar el convenio y darle comienzo lo m\u00e1s r\u00e1pido posible\u201d, se\u00f1al\u00f3 el jefe comunal quien agreg\u00f3 que el gobierno provincial decidi\u00f3 ceder un adelanto de fondos para que la obra se comience sin dilaciones.<\/p>\n<p>El plazo de ejecuci\u00f3n establecido en el pliego de condiciones es de 90 d\u00edas, por lo que si todo va normalmente, se podr\u00eda habilitar la obra sobre el final del a\u00f1o.<\/p>\n<p>La ampliaci\u00f3n de la avenida ribere\u00f1a no estuvo exenta de pol\u00e9micas, ya que el bloque de la Uni\u00f3n C\u00edvica Radical en el Concejo Deliberante no apoy\u00f3 con su voto el proyecto urban\u00edstico.<\/p>\n<h6>Fuente: La Ma\u00f1ana de C\u00f3rdoba<\/h6>\n","protected":false},"excerpt":{"rendered":"<p>En los pr\u00f3ximos d\u00edas se adjudicar\u00e1 la construcci\u00f3n del tercer tramo de la avenida costanera, que demandar\u00e1 al erario provincial una inversi\u00f3n de algo m\u00e1s de 20 millones de pesos. De este modo se completar\u00e1n 2.500 metros de paseo ribere\u00f1o con adoquinado, desag\u00fces e iluminaci\u00f3n, a la vez que se reforzar\u00e1 la defensa costera en<\/p>\n","protected":false},"author":2,"featured_media":37225,"comment_status":"closed","ping_status":"closed","sticky":false,"template":"","format":"standard","meta":{"footnotes":""},"categories":[2],"tags":[3],"class_list":["post-37224","post","type-post","status-publish","format-standard","has-post-thumbnail","hentry","category-informe-municipal","tag-cordoba"],"_links":{"self":[{"href":"http:\/\/argentinamunicipal.com.ar\/argentina\/wp-json\/wp\/v2\/posts\/37224","targetHints":{"allow":["GET"]}}],"collection":[{"href":"http:\/\/argentinamunicipal.com.ar\/argentina\/wp-json\/wp\/v2\/posts"}],"about":[{"href":"http:\/\/argentinamunicipal.com.ar\/argentina\/wp-json\/wp\/v2\/types\/post"}],"author":[{"embeddable":true,"href":"http:\/\/argentinamunicipal.com.ar\/argentina\/wp-json\/wp\/v2\/users\/2"}],"replies":[{"embeddable":true,"href":"http:\/\/argentinamunicipal.com.ar\/argentina\/wp-json\/wp\/v2\/comments?post=37224"}],"version-history":[{"count":0,"href":"http:\/\/argentinamunicipal.com.ar\/argentina\/wp-json\/wp\/v2\/posts\/37224\/revisions"}],"wp:featuredmedia":[{"embeddable":true,"href":"http:\/\/argentinamunicipal.com.ar\/argentina\/wp-json\/wp\/v2\/media\/37225"}],"wp:attachment":[{"href":"http:\/\/argentinamunicipal.com.ar\/argentina\/wp-json\/wp\/v2\/media?parent=37224"}],"wp:term":[{"taxonomy":"category","embeddable":true,"href":"http:\/\/argentinamunicipal.com.ar\/argentina\/wp-json\/wp\/v2\/categories?post=37224"},{"taxonomy":"post_tag","embeddable":true,"href":"http:\/\/argentinamunicipal.com.ar\/argentina\/wp-json\/wp\/v2\/tags?post=37224"}],"curies":[{"name":"wp","href":"https:\/\/api.w.org\/{rel}","templated":true}]}}