{"id":37249,"date":"2015-09-29T10:03:32","date_gmt":"2015-09-29T13:03:32","guid":{"rendered":"http:\/\/argentinamunicipal.com.ar\/argentina\/?p=37249"},"modified":"2015-09-29T10:03:32","modified_gmt":"2015-09-29T13:03:32","slug":"el-gobierno-entrerriano-articula-acciones-con-los-municipios-ante-el-fenomeno-de-el-nino","status":"publish","type":"post","link":"http:\/\/argentinamunicipal.com.ar\/argentina\/el-gobierno-entrerriano-articula-acciones-con-los-municipios-ante-el-fenomeno-de-el-nino\/","title":{"rendered":"El Gobierno Entrerriano\u00a0articula acciones con los municipios ante el fen\u00f3meno de El Ni\u00f1o"},"content":{"rendered":"<p><a href=\"http:\/\/argentinamunicipal.com.ar\/argentina\/wp-content\/uploads\/2015\/09\/thumb.png\"><img loading=\"lazy\" decoding=\"async\" class=\"aligncenter size-full wp-image-37250\" src=\"http:\/\/argentinamunicipal.com.ar\/argentina\/wp-content\/uploads\/2015\/09\/thumb.png\" alt=\"thumb\" width=\"500\" height=\"300\" srcset=\"http:\/\/argentinamunicipal.com.ar\/argentina\/wp-content\/uploads\/2015\/09\/thumb.png 500w, http:\/\/argentinamunicipal.com.ar\/argentina\/wp-content\/uploads\/2015\/09\/thumb-300x180.png 300w\" sizes=\"auto, (max-width: 500px) 100vw, 500px\" \/><\/a><\/p>\n<p>La Provincia, a trav\u00e9s de los Ministerios de Salud y Desarrollo Social, planifica una estrategia conjunta con los municipios para abordar el fen\u00f3meno del Ni\u00f1o y la situaci\u00f3n epidemiol\u00f3gica en Entre R\u00edos \u2022 Este lunes se realiz\u00f3 un encuentro en Paran\u00e1<\/p>\n<p>Intendentes, responsables de salud, desarrollo social y medio ambiente mantuvieron un encuentro con funcionarios de los ministerios de Salud y de Desarrollo Social, donde se abord\u00f3 el fen\u00f3meno del Ni\u00f1o y las posibilidades epidemiol\u00f3gicas para la provincia.<\/p>\n<p>Este fen\u00f3meno se manifiesta con precipitaciones de intensidad mayor a lo habitual y temperaturas medias por encima de lo normal en la regi\u00f3n del Litoral, Pampeana y Noroeste de la Patagonia.<\/p>\n<p><strong>Acci\u00f3n conjunta<\/strong><\/p>\n<p>\u201cEsta es una tem\u00e1tica que requiere que los distintos actores sociales delineemos una estrategia com\u00fan y coordinemos medidas para estar preparados en el caso de que el fen\u00f3meno del Ni\u00f1o tengas implicancias en la provincia\u201d, sostuvo el secretario de Salud, Mariano Camoirano.<\/p>\n<p>El funcionario fue acompa\u00f1ado por junto a sus pares de Gesti\u00f3n Sanitaria, Mario Tizzoni, y de Gesti\u00f3n del Ministerio de Desarrollo Social, Pablo Romero y la directora de Epidemiolog\u00eda, Silvina Saavedra.<\/p>\n<p>Por su parte, Tizzoni, se\u00f1al\u00f3 que es necesario \u201cfortalecer en lo que hace a siete patolog\u00edas como son dengue, chikungunya, hantavius, leptospirosis, alacranismo, diarreas agudas e infecciones alimentarias\u201d aunque aclar\u00f3 que \u201csiempre debemos hacer hincapi\u00e9 en los s\u00edndromes febriles\u201d.<\/p>\n<p>En materia de actuaci\u00f3n ante eventos de emergencia, Romero especific\u00f3 que \u201csiempre debe mantenerse la calma como principal medida ya que es la mejor forma de lograr la asistencia efectiva porque contamos para la urgencia con kits de limpieza y elementos para el primer momento\u201d.<\/p>\n<p><strong>El fen\u00f3meno El Ni\u00f1o<\/strong><\/p>\n<p>Por su parte, la Directora de Epidemiolog\u00eda explic\u00f3 que existe una situaci\u00f3n de alerta en el corto y mediano plazo y consider\u00f3 que un pron\u00f3stico como este \u201cpuede hacer que se registren en la provincia lluvias por encima de lo normal y tambi\u00e9n calor, lo cual nos puede generar tanto inundaciones por parte de r\u00edos o por lluvia\u201d.<\/p>\n<p>Saavedra indic\u00f3 como la principal estrategia \u201cel saneamiento ambiental para evitar que en el momento de la lluvia, generalmente en primavera-verano, comiencen a aumentar las poblaciones tanto de los insectos vectores de enfermedades como tambi\u00e9n de reservorios como las ratas\u201d y agreg\u00f3 que \u201cse trata de que con medidas de saneamiento ambiental, y con otras intervenciones locales se pueda disminuir la poblaci\u00f3n de estos animales para as\u00ed proteger a la poblaci\u00f3n en el caso de que tengamos esta emergencia h\u00eddrica\u201d.<\/p>\n<p>En ese sentido la funcionaria encomend\u00f3 a los municipios que \u201cen los potenciales lugares de inundaci\u00f3n los equipos municipales hagan un censo poblacional desde ahora para controlar carnet de vacunas de ni\u00f1os y adultos as\u00ed como reforzar las acciones de control animal con profesionales del sector de veterinaria\u201d para lo cual recomend\u00f3 \u201capelar al trabajo con todas las \u00e1reas de la provincia con dependencias locales como Direcci\u00f3n Provincial de Vialidad, Polic\u00eda e incluso Gendarmer\u00eda\u201d.<\/p>\n<p>La especialista referenci\u00f3 que las zonas con mayores posibilidades de contar con inundaciones por r\u00edo son Paran\u00e1; Diamante; Victoria; Gualeguay; La Paz; Islas; Gualeguaych\u00fa; Concepci\u00f3n del Uruguay; Col\u00f3n y Concordia. En tanto que mencion\u00f3 como las zonas con inconvenientes por lluvias a Villaguay, Feliciano y Rosario del Tala.<\/p>\n<p><strong>Autoridades presentes<\/strong><\/p>\n<p>Del encuentro participaron autoridades municipales de Paran\u00e1, Concordia, Concepci\u00f3n del Uruguay, Villaguay, La Paz, Maci\u00e1, Villa Dom\u00ednguez, Colonia Ayu\u00ed, Nogoy\u00e1, Sauce de Luna, San Justo, Herrera, Rosario del Tala, Conscripto Bernardi, Gilbert, Federal, Caseros, Feliciano, Alcaraz, Oro Verde, Sauce Montrull, Larroque, Diamante, Primero de Mayo, Pronunciamiento, Federaci\u00f3n, San Benito, Victoria y Villa Elisa.<\/p>\n<h6>Fuente: APF Digital<\/h6>\n","protected":false},"excerpt":{"rendered":"<p>La Provincia, a trav\u00e9s de los Ministerios de Salud y Desarrollo Social, planifica una estrategia conjunta con los municipios para abordar el fen\u00f3meno del Ni\u00f1o y la situaci\u00f3n epidemiol\u00f3gica en Entre R\u00edos \u2022 Este lunes se realiz\u00f3 un encuentro en Paran\u00e1 Intendentes, responsables de salud, desarrollo social y medio ambiente mantuvieron un encuentro con funcionarios<\/p>\n","protected":false},"author":2,"featured_media":37250,"comment_status":"closed","ping_status":"closed","sticky":false,"template":"","format":"standard","meta":{"footnotes":""},"categories":[2],"tags":[17],"class_list":["post-37249","post","type-post","status-publish","format-standard","has-post-thumbnail","hentry","category-informe-municipal","tag-entre-rios"],"_links":{"self":[{"href":"http:\/\/argentinamunicipal.com.ar\/argentina\/wp-json\/wp\/v2\/posts\/37249","targetHints":{"allow":["GET"]}}],"collection":[{"href":"http:\/\/argentinamunicipal.com.ar\/argentina\/wp-json\/wp\/v2\/posts"}],"about":[{"href":"http:\/\/argentinamunicipal.com.ar\/argentina\/wp-json\/wp\/v2\/types\/post"}],"author":[{"embeddable":true,"href":"http:\/\/argentinamunicipal.com.ar\/argentina\/wp-json\/wp\/v2\/users\/2"}],"replies":[{"embeddable":true,"href":"http:\/\/argentinamunicipal.com.ar\/argentina\/wp-json\/wp\/v2\/comments?post=37249"}],"version-history":[{"count":0,"href":"http:\/\/argentinamunicipal.com.ar\/argentina\/wp-json\/wp\/v2\/posts\/37249\/revisions"}],"wp:featuredmedia":[{"embeddable":true,"href":"http:\/\/argentinamunicipal.com.ar\/argentina\/wp-json\/wp\/v2\/media\/37250"}],"wp:attachment":[{"href":"http:\/\/argentinamunicipal.com.ar\/argentina\/wp-json\/wp\/v2\/media?parent=37249"}],"wp:term":[{"taxonomy":"category","embeddable":true,"href":"http:\/\/argentinamunicipal.com.ar\/argentina\/wp-json\/wp\/v2\/categories?post=37249"},{"taxonomy":"post_tag","embeddable":true,"href":"http:\/\/argentinamunicipal.com.ar\/argentina\/wp-json\/wp\/v2\/tags?post=37249"}],"curies":[{"name":"wp","href":"https:\/\/api.w.org\/{rel}","templated":true}]}}