{"id":37275,"date":"2015-09-29T10:33:25","date_gmt":"2015-09-29T13:33:25","guid":{"rendered":"http:\/\/argentinamunicipal.com.ar\/argentina\/?p=37275"},"modified":"2015-09-29T10:33:25","modified_gmt":"2015-09-29T13:33:25","slug":"parana-cada-1-000-kilogramos-de-residuos-electronicos-se-recibira-un-equipo-informatico-reciclado","status":"publish","type":"post","link":"http:\/\/argentinamunicipal.com.ar\/argentina\/parana-cada-1-000-kilogramos-de-residuos-electronicos-se-recibira-un-equipo-informatico-reciclado\/","title":{"rendered":"Paran\u00e1: Cada 1.000 kilogramos de residuos electr\u00f3nicos, se recibir\u00e1 un equipo inform\u00e1tico \u201creciclado\u201d"},"content":{"rendered":"<p><a href=\"http:\/\/argentinamunicipal.com.ar\/argentina\/wp-content\/uploads\/2015\/09\/Basura.jpg_973718260.jpg\"><img loading=\"lazy\" decoding=\"async\" class=\"aligncenter  wp-image-37276\" src=\"http:\/\/argentinamunicipal.com.ar\/argentina\/wp-content\/uploads\/2015\/09\/Basura.jpg_973718260.jpg\" alt=\"Basura.jpg_973718260\" width=\"617\" height=\"430\" srcset=\"http:\/\/argentinamunicipal.com.ar\/argentina\/wp-content\/uploads\/2015\/09\/Basura.jpg_973718260.jpg 789w, http:\/\/argentinamunicipal.com.ar\/argentina\/wp-content\/uploads\/2015\/09\/Basura.jpg_973718260-300x209.jpg 300w\" sizes=\"auto, (max-width: 617px) 100vw, 617px\" \/><\/a><br \/>\nSe trata de un convenio que firmaron entre la Secretar\u00eda de Ambiente de la Municipalidad de Paran\u00e1 y la empresa cordobesa Progeas<\/p>\n<p>Por primer vez en la historia se recolectar\u00e1, seg\u00fan lo que anunci\u00f3 la Secretar\u00eda de Ambiente de la Municipalidad, la basura electr\u00f3nica que se produce en Paran\u00e1.<\/p>\n<p>La \u00a0secretaria del \u00e1rea, Juliana Robledo, y la vice Vanesa Zehnder, recibieron a UNO en las oficinas de Ambiente que se encuentran sobre calle Alem, a media cuadra de la peatonal San Mart\u00edn.<\/p>\n<p>Las dos funcionarias confirmaron que se firm\u00f3 el convenio con la empresa Progeas Argentina que se dedica \u201ca la gesti\u00f3n de ambientes sustentables\u201d. La firma, que est\u00e1 ubicada en el kil\u00f3metro 595 de la ruta nacional N\u00ba 9, dentro del Parque Empresarial James Craik, de \u00a0la localidad cordobesa de Villa Mar\u00eda, recibir\u00e1 gran parte de la basura electr\u00f3nica que se produce en la capital entrerriana.<\/p>\n<p>Ayer por la ma\u00f1ana, despu\u00e9s que se confirmara el lanzamiento del \u00a0programa, comenzaron a recibir llamados a la oficina de Ambiente, averiguando qu\u00e9 tipo de equipamiento recibir\u00e1n.<\/p>\n<p>Por lo pronto, lo m\u00e1s importante, es que se montar\u00e1n tres \u201cobradores\u201d que tienen una capacidad para almacenar 12.000 kilogramos cada uno.<\/p>\n<p>Los contenedores los env\u00eda la empresa cordobesa y Ambiente municipal se hace cargo del traslado. Se distribuir\u00e1n en tres puntos diferentes de la ciudad: Puerto Nuevo, Ferrocarril y Plaza Mujeres Entrerrianas (Exhip\u00f3dromo). El jueves comenzar\u00e1n a recibir la basura electr\u00f3nica y continuar\u00e1n el viernes. Las primeras dos jornadas se desarrollar\u00e1n de 16 a 19 y el s\u00e1bado \u00a0se abrir\u00e1 el reciclado de 10 a 13 y de 16 a 19. Los puntos se armar\u00e1n durante \u00a0tres semanas seguidas.<\/p>\n<p>En la empresa cordobesa evitaron dar una cifra concreta pero entienden que, en promedio, una ciudad como Paran\u00e1 puede producir unos 100.000 kilos de basura electr\u00f3nica.<\/p>\n<p>Los interesados en desprenderse de lo que ya no ocupan tienen que saber \u00a0que, en esta primera campa\u00f1a se aceptar\u00e1n \u201celectrodom\u00e9sticos, equipos de inform\u00e1tica y telecomunicaciones, herramientas el\u00e9ctricas, juguetes y equipos deportivos\u201d. Desde el \u00e1rea que se ocupa de los problemas ambientales, adelantaron que en esta edici\u00f3n no se recibir\u00e1n monitores ni televisores, equipos de refrigeraci\u00f3n, heladeras, l\u00e1mparas y tubos fluorescentes, cartuchos de impresoras o t\u00f3ner y tampoco lavarropas.<\/p>\n<p>La respuesta de los vecinos, durante las tres primeras semanas, ser\u00e1 fundamental para las pr\u00f3ximas campa\u00f1as que pensar\u00e1n en Ambiente.<\/p>\n<p>Los que tienen experiencia en la recolecci\u00f3n de este tipo de basura, aseguran que la \u201ceducaci\u00f3n y la comunicaci\u00f3n son fundamentales\u201d para el \u00e9xito de los operativos.<\/p>\n<p>Como es la primera vez que se realiza una campa\u00f1a de esta magnitud, califican como \u201cclave\u201d el compromiso de los ciudadanos.<\/p>\n<p>Hasta el mi\u00e9rcoles, los celulares y sus cargadores, las viejos CPU, los teclados, los parlantes y los reproductores, en todos sus formatos, permanecer\u00e1n guardados en cajas dentro de los hogares. \u00a0Muchos paranaenses saben del da\u00f1o que ocasionar\u00edan, al agua y a la tierra, si los tiraban a la basura. Ahora tienen la chance de darle un destino seguro.<\/p>\n<p>&nbsp;<\/p>\n<p><strong>N\u00fameros<\/strong><\/p>\n<p>* 12.000 kilogramos es la capacidad que tendr\u00e1n cada uno de los tres \u201cobradores\u201d que se colocar\u00e1n en el Puerto Nuevo, \u00a0la plaza de las Mujeres Entrerrianas y la zona del Ferrocarril.<\/p>\n<p>* 3 Jornadas se realizar\u00e1n desde el 1\u00ba hasta el 24 de octubre en Paran\u00e1. Los jueves y viernes se abrir\u00e1n las puertas de los contenedores de 16 a 19. Los s\u00e1bados estar\u00e1n en doble turno.<\/p>\n<p>&nbsp;<\/p>\n<p><strong>La posibilidad de recuperar los equipos<\/strong><\/p>\n<p>En el convenio que firmaron entre la Secretar\u00eda de Ambiente de la Municipalidad de Paran\u00e1 y la empresa \u00a0cordobesa Progeas, qued\u00f3 en claro que cada 1.000 kilogramos de residuos electr\u00f3nicos la ciudad recibir\u00e1 \u00a0un equipo inform\u00e1tico \u201creciclado\u201d.<\/p>\n<p>\u201cVuelven equipamientos a las organizaciones sociales, quedate tranquilo\u201d, respondi\u00f3 a UNO v\u00eda telef\u00f3nica Ra\u00fal Aimar, el presidente de la firma que est\u00e1 trabajando desde hace tiempo con la Municipalidad de Gualeguaych\u00fa. El empresario detall\u00f3 que tienen convenios con seis provincias y en total, tienen presencia en unos 100 municipios argentinos.<\/p>\n<p>El s\u00e1bado culminaron con la quinta tanda de recolecci\u00f3n de basura electr\u00f3nica en San \u00a0Francisco. La \u00a0ciudad cordobesa tiene 70.000 habitantes y luego de cuatro campa\u00f1as previas, lograron recolectar unos 12.000 kilogramos de basura electr\u00f3nica. Esta cifra le sirve como par\u00e1metro a la empresa para calcular los centenares de miles de kilos que le pueden llegar entrar desde la costa del r\u00edo Paran\u00e1.<\/p>\n<p>La planta de reciclado est\u00e1 ubicada en un predio de 1.000 metros cuadrados en donde tienen las maquinarias adecuadas para el tratamiento de este tipo de residuos.<\/p>\n<p>En Paran\u00e1, reconocen, que en alg\u00fan momento se tendr\u00eda que montar \u00a0una f\u00e1brica de este tipo. Sobre todo \u00a0para aprovechar la \u201cmateria gris\u201d y la mano de obra s\u00faper capacitada que se pueden encontrar en la facultades de la Universidad Tecnol\u00f3gica Nacional y en las licenciaturas que se cursan en UNER y Uader. \u00a0Teniendo trabajadores con conocimientos tecnol\u00f3gicos ser\u00eda muy interesante que se instrumente un proyecto a largo plazo en donde se pueda trabajar con los materiales que se descartan para volver a darle un uso y evitar que terminen en la basura.<\/p>\n<p>&nbsp;<\/p>\n<p><strong>Un primer paso que es fundamental\u00a0<\/strong><\/p>\n<p>\u201cEs un primer paso fundamental porque viene a solucionar un reclamo de los vecinos. Empezamos a trabajar de una manera adecuada sobre un problema que se genera porque cada vez \u00a0es m\u00e1s corto el tiempo de uso de los equipos , a lo que se suma el consumo masivo. Hasta ahora esta basura iba a parar a los arroyos, el r\u00edo o los \u00a0minibasurales\u201d, destac\u00f3 consultada por UNO, la secretar\u00eda de \u00a0Ambiente de la Municipalidad, Juliana Robledo.<\/p>\n<p>La vice, Vanesa Zehnder, pidi\u00f3 tambi\u00e9n evaluar la idea del consumo \u00a0 \u201ccompulsivo\u201d y tratar de arreglar algunos equipos que se descartan antes de tiempo.<\/p>\n<p>Zehnder mencion\u00f3 dos t\u00e9rminos que hace tiempo circulan pero que no son muy tenidos en cuenta: \u201cObsolescencia programada y percibida\u201d.<\/p>\n<h6>Fuente: Uno,\u00a0Entre R\u00edos<\/h6>\n","protected":false},"excerpt":{"rendered":"<p>Se trata de un convenio que firmaron entre la Secretar\u00eda de Ambiente de la Municipalidad de Paran\u00e1 y la empresa cordobesa Progeas Por primer vez en la historia se recolectar\u00e1, seg\u00fan lo que anunci\u00f3 la Secretar\u00eda de Ambiente de la Municipalidad, la basura electr\u00f3nica que se produce en Paran\u00e1. La \u00a0secretaria del \u00e1rea, Juliana Robledo,<\/p>\n","protected":false},"author":2,"featured_media":37276,"comment_status":"closed","ping_status":"closed","sticky":false,"template":"","format":"standard","meta":{"footnotes":""},"categories":[2],"tags":[17],"class_list":["post-37275","post","type-post","status-publish","format-standard","has-post-thumbnail","hentry","category-informe-municipal","tag-entre-rios"],"_links":{"self":[{"href":"http:\/\/argentinamunicipal.com.ar\/argentina\/wp-json\/wp\/v2\/posts\/37275","targetHints":{"allow":["GET"]}}],"collection":[{"href":"http:\/\/argentinamunicipal.com.ar\/argentina\/wp-json\/wp\/v2\/posts"}],"about":[{"href":"http:\/\/argentinamunicipal.com.ar\/argentina\/wp-json\/wp\/v2\/types\/post"}],"author":[{"embeddable":true,"href":"http:\/\/argentinamunicipal.com.ar\/argentina\/wp-json\/wp\/v2\/users\/2"}],"replies":[{"embeddable":true,"href":"http:\/\/argentinamunicipal.com.ar\/argentina\/wp-json\/wp\/v2\/comments?post=37275"}],"version-history":[{"count":0,"href":"http:\/\/argentinamunicipal.com.ar\/argentina\/wp-json\/wp\/v2\/posts\/37275\/revisions"}],"wp:featuredmedia":[{"embeddable":true,"href":"http:\/\/argentinamunicipal.com.ar\/argentina\/wp-json\/wp\/v2\/media\/37276"}],"wp:attachment":[{"href":"http:\/\/argentinamunicipal.com.ar\/argentina\/wp-json\/wp\/v2\/media?parent=37275"}],"wp:term":[{"taxonomy":"category","embeddable":true,"href":"http:\/\/argentinamunicipal.com.ar\/argentina\/wp-json\/wp\/v2\/categories?post=37275"},{"taxonomy":"post_tag","embeddable":true,"href":"http:\/\/argentinamunicipal.com.ar\/argentina\/wp-json\/wp\/v2\/tags?post=37275"}],"curies":[{"name":"wp","href":"https:\/\/api.w.org\/{rel}","templated":true}]}}