{"id":37281,"date":"2015-09-29T10:49:39","date_gmt":"2015-09-29T13:49:39","guid":{"rendered":"http:\/\/argentinamunicipal.com.ar\/argentina\/?p=37281"},"modified":"2015-09-29T10:49:39","modified_gmt":"2015-09-29T13:49:39","slug":"destacan-objetivos-de-proyecto-de-ley-para-regularizar-situacion-dominial-de-la-vivienda-familiar","status":"publish","type":"post","link":"http:\/\/argentinamunicipal.com.ar\/argentina\/destacan-objetivos-de-proyecto-de-ley-para-regularizar-situacion-dominial-de-la-vivienda-familiar\/","title":{"rendered":"Destacan objetivos de proyecto de ley para regularizar situaci\u00f3n dominial de la vivienda familiar"},"content":{"rendered":"<p><a href=\"http:\/\/argentinamunicipal.com.ar\/argentina\/wp-content\/uploads\/2015\/09\/multimedia.grande.a86159f83c71ca00.456e7472656761205669762056616c6c65205669656a6f5f395f6772616e64652e6a7067.jpg\"><img loading=\"lazy\" decoding=\"async\" class=\"aligncenter  wp-image-37282\" src=\"http:\/\/argentinamunicipal.com.ar\/argentina\/wp-content\/uploads\/2015\/09\/multimedia.grande.a86159f83c71ca00.456e7472656761205669762056616c6c65205669656a6f5f395f6772616e64652e6a7067.jpg\" alt=\"multimedia.grande.a86159f83c71ca00.456e7472656761205669762056616c6c65205669656a6f5f395f6772616e64652e6a7067\" width=\"677\" height=\"451\" srcset=\"http:\/\/argentinamunicipal.com.ar\/argentina\/wp-content\/uploads\/2015\/09\/multimedia.grande.a86159f83c71ca00.456e7472656761205669762056616c6c65205669656a6f5f395f6772616e64652e6a7067.jpg 2000w, http:\/\/argentinamunicipal.com.ar\/argentina\/wp-content\/uploads\/2015\/09\/multimedia.grande.a86159f83c71ca00.456e7472656761205669762056616c6c65205669656a6f5f395f6772616e64652e6a7067-300x200.jpg 300w, http:\/\/argentinamunicipal.com.ar\/argentina\/wp-content\/uploads\/2015\/09\/multimedia.grande.a86159f83c71ca00.456e7472656761205669762056616c6c65205669656a6f5f395f6772616e64652e6a7067-1024x682.jpg 1024w\" sizes=\"auto, (max-width: 677px) 100vw, 677px\" \/><\/a><br \/>\nFuncionarios, intendentes y diputados coincidieron en resaltar que la iniciativa de \u00abLey Federal de Regularizaci\u00f3n Dominial de la Vivienda Familiar\u00bb, enviado por la presidenta Cristina Fern\u00e1ndez de Kichner al Congreso, busca \u00abmejorar la calidad de vida en los barrios informales\u00bb.<\/p>\n<p>En di\u00e1logo con T\u00e9lam, el secretario de Acceso al H\u00e1bitat, Rub\u00e9n Pascolini se\u00f1al\u00f3 que la iniciativa har\u00e1 posible \u00abque m\u00e1s familias puedan acceder al t\u00edtulo de escritura de su casa\u00bb.<\/p>\n<p>En ese marco, subray\u00f3 que se \u201cgenera inclusi\u00f3n urbana y social\u201d y eso \u00abviene a complementar las pol\u00edticas habitacionales desarrolladas por el gobierno nacional en estos doce a\u00f1os\u201d.<\/p>\n<p>La problem\u00e1tica de la tenencia de tierras es \u201cuna cuesti\u00f3n que excluye a las familias, que genera estigmatizaciones, que no permite al acceso a cr\u00e9ditos, ni la posibilidad de que esa locaci\u00f3n se herede\u201d, a\u00f1adi\u00f3 el funcionario nacional.<\/p>\n<p>Asimismo, indic\u00f3 que la creaci\u00f3n del Registro Nacional de Barrios y Viviendas Informales \u00abpermitir\u00e1 la georeferenciaci\u00f3n de los barrios informales\u201d, lo que le proporcionar\u00e1 al Estado \u00abbuena informaci\u00f3n\u201d para impulsar las pol\u00edticas p\u00fablicas adecuadas.<\/p>\n<p>El secretario nacional de Acceso al H\u00e1bitat ponder\u00f3 adem\u00e1s el \u00abcar\u00e1cter federal\u201d de la iniciativa, que necesitar\u00e1 que \u201ctodas las jurisdicciones articulen entre s\u00ed para que sea posible la implementaci\u00f3n de ley\u201d, y explic\u00f3 que para esto se prev\u00e9 la creaci\u00f3n de un Consejo Federal para que todas las provincias puedan sumarse a este Plan.<\/p>\n<p>A su turno, el subsecretario de Urbanizaci\u00f3n y Organizaci\u00f3n Comunitaria, Mart\u00edn Rodr\u00edguez, subray\u00f3 que el proyecto \u00abes una decisi\u00f3n pol\u00edtica de la Presidenta destinada a mejorar la calidad de vida de familias de barrios informales, ya que es una pol\u00edtica habitacional que busca generar derechos e inclusi\u00f3n\u00bb.<\/p>\n<p>Rodr\u00edguez explic\u00f3 que \u00abla novedad del proyecto es que para la constituci\u00f3n del Registro Nacional de Barrios y Viviendas Informales no solo pueden intervenir el estado municipal ni nacional sino que las propias familias pueden pedir formalmente estar en ese registro, ya que a partir de ese pedido, el Estado hace el relevamiento e ingresa al mismo\u00bb, y afirm\u00f3 que el \u00faltimo registro que hay en nuestro pa\u00eds de esos barrios es del censo 2010.<\/p>\n<p>\u00abEl objetivo principal del proyecto de ley es que los habitantes de esos barrios puedan acceder a la escritura de las viviendas que habitan hace d\u00e9cadas y que por ejemplo les puedan permitir ser garante del departamento a sus hijos en caso de que quieran alquilar\u00bb, resalt\u00f3 el funcionario nacional.<\/p>\n<p>El proyecto de \u00abLey Federal de Regularizaci\u00f3n Dominial de la Vivienda Familiar\u00bb propone, adem\u00e1s, la simplificaci\u00f3n y abaratamiento de los costos de los tr\u00e1mites de las escrituras, en tanto impulsa programas espec\u00edficos para que provincias y municipios o el propio Estado nacional pueda comprar\u00a0 terrenos que -con anterioridad al 1 de enero de este a\u00f1o- est\u00e9n bajo leyes de expropiaci\u00f3n, o en pleito judicial o extrajudicial.<\/p>\n<p>Consultado sobre el tema por esta agencia, el diputado nacional Edgardo Depetri (Frente para la Victoria) asever\u00f3 que esta iniciativa que ser\u00e1 tratada en el Congreso \u00abse inscribe en las pol\u00edticas llevadas a cabo en los \u00faltimos doce a\u00f1os por el gobierno nacional con un fuerte impulso en la ampliaci\u00f3n de derechos y en la inclusi\u00f3n social, como fueron los programas de cloacas, agua potable, la Asignaci\u00f3n Universal por Hijo\u00bb.<\/p>\n<p>Tambi\u00e9n celebr\u00f3 que \u00abla iniciativa viene a resolver la titularidad de dos millones de personas que viven en villas, asentamientos y barrios de clase media que no han podido regularizar su vivienda y su construcci\u00f3n\u00bb, y agreg\u00f3 que \u00abtendr\u00e1 un fuerte impacto porque generar\u00e1 que m\u00e1s familias puedan regularizar su situaci\u00f3n patrimonial\u00bb.<\/p>\n<p>Para Depetri, se trata un herramienta que buscar\u00e1 fortalecer a los sectores populares\u00bb, y confi\u00f3 que \u00abel proyecto de ley ser\u00e1 apoyado por la mayor\u00eda parlamentaria porque adem\u00e1s va en el sentido de los pedidos del papa Francisco y la presidenta Cristina Fern\u00e1ndez de Kirchner de valorar el derecho a la tierra\u00bb.<\/p>\n<p>De igual manera, el intendente de Corrientes, Fabi\u00e1n R\u00edos, celebr\u00f3 la iniciativa porque sostuvo que \u00abes importante que el Estado pueda intervenir en el mercado inmobiliario para la creaci\u00f3n de nuevas viviendas y a trav\u00e9s de la posibilidad de urbanizar tierras\u00bb.<\/p>\n<p>El jefe comunal relat\u00f3 que \u00aben la ciudad de Corrientes hay 26 asentamientos irregulares, cerca de la mitad est\u00e1 en manos privadas y la otra mitad est\u00e1 en tierras que pertenecen al Estado\u00bb y agreg\u00f3 que \u00abgenerar un registro y un control de esas tierras mejorar\u00eda la calidad de vida de los habitantes\u00bb.<\/p>\n<h6>Fuente: T\u00e9lam<\/h6>\n","protected":false},"excerpt":{"rendered":"<p>Funcionarios, intendentes y diputados coincidieron en resaltar que la iniciativa de \u00abLey Federal de Regularizaci\u00f3n Dominial de la Vivienda Familiar\u00bb, enviado por la presidenta Cristina Fern\u00e1ndez de Kichner al Congreso, busca \u00abmejorar la calidad de vida en los barrios informales\u00bb. En di\u00e1logo con T\u00e9lam, el secretario de Acceso al H\u00e1bitat, Rub\u00e9n Pascolini se\u00f1al\u00f3 que la<\/p>\n","protected":false},"author":2,"featured_media":37282,"comment_status":"closed","ping_status":"closed","sticky":false,"template":"","format":"standard","meta":{"footnotes":""},"categories":[8],"tags":[21],"class_list":["post-37281","post","type-post","status-publish","format-standard","has-post-thumbnail","hentry","category-informe-nacional","tag-argentina"],"_links":{"self":[{"href":"http:\/\/argentinamunicipal.com.ar\/argentina\/wp-json\/wp\/v2\/posts\/37281","targetHints":{"allow":["GET"]}}],"collection":[{"href":"http:\/\/argentinamunicipal.com.ar\/argentina\/wp-json\/wp\/v2\/posts"}],"about":[{"href":"http:\/\/argentinamunicipal.com.ar\/argentina\/wp-json\/wp\/v2\/types\/post"}],"author":[{"embeddable":true,"href":"http:\/\/argentinamunicipal.com.ar\/argentina\/wp-json\/wp\/v2\/users\/2"}],"replies":[{"embeddable":true,"href":"http:\/\/argentinamunicipal.com.ar\/argentina\/wp-json\/wp\/v2\/comments?post=37281"}],"version-history":[{"count":0,"href":"http:\/\/argentinamunicipal.com.ar\/argentina\/wp-json\/wp\/v2\/posts\/37281\/revisions"}],"wp:featuredmedia":[{"embeddable":true,"href":"http:\/\/argentinamunicipal.com.ar\/argentina\/wp-json\/wp\/v2\/media\/37282"}],"wp:attachment":[{"href":"http:\/\/argentinamunicipal.com.ar\/argentina\/wp-json\/wp\/v2\/media?parent=37281"}],"wp:term":[{"taxonomy":"category","embeddable":true,"href":"http:\/\/argentinamunicipal.com.ar\/argentina\/wp-json\/wp\/v2\/categories?post=37281"},{"taxonomy":"post_tag","embeddable":true,"href":"http:\/\/argentinamunicipal.com.ar\/argentina\/wp-json\/wp\/v2\/tags?post=37281"}],"curies":[{"name":"wp","href":"https:\/\/api.w.org\/{rel}","templated":true}]}}