{"id":37292,"date":"2015-09-30T09:11:19","date_gmt":"2015-09-30T12:11:19","guid":{"rendered":"http:\/\/argentinamunicipal.com.ar\/argentina\/?p=37292"},"modified":"2015-09-30T09:11:19","modified_gmt":"2015-09-30T12:11:19","slug":"canuelas-el-ministro-de-salud-se-reunio-con-intendentes-para-planificar-futuro-hospital","status":"publish","type":"post","link":"http:\/\/argentinamunicipal.com.ar\/argentina\/canuelas-el-ministro-de-salud-se-reunio-con-intendentes-para-planificar-futuro-hospital\/","title":{"rendered":"Ca\u00f1uelas: El Ministro de Salud\u00a0se reuni\u00f3 con intendentes para planificar futuro hospital"},"content":{"rendered":"<p><a href=\"http:\/\/argentinamunicipal.com.ar\/argentina\/wp-content\/uploads\/2015\/09\/bbx_361224118_collia.jpg\"><img loading=\"lazy\" decoding=\"async\" class=\"aligncenter  wp-image-37293\" src=\"http:\/\/argentinamunicipal.com.ar\/argentina\/wp-content\/uploads\/2015\/09\/bbx_361224118_collia.jpg\" alt=\"bbx_361224118_collia\" width=\"685\" height=\"496\" srcset=\"http:\/\/argentinamunicipal.com.ar\/argentina\/wp-content\/uploads\/2015\/09\/bbx_361224118_collia.jpg 800w, http:\/\/argentinamunicipal.com.ar\/argentina\/wp-content\/uploads\/2015\/09\/bbx_361224118_collia-300x217.jpg 300w\" sizes=\"auto, (max-width: 685px) 100vw, 685px\" \/><\/a><br \/>\nEl Ministro de Salud bonaerense, Alejandro Collia, encabez\u00f3 un encuentro con Jefes Comunales, funcionarios provinciales y nacionales, en el que evaluaron el funcionamiento futuro del que ser\u00e1 el nuevo hospital regional de la Cuenca Alta \u00abN\u00e9stor Kirchner\u00bb, en esa localidad. La obra demand\u00f3 una inversi\u00f3n de m\u00e1s de 280 millones de pesos y fue financiada por el estado nacional.<\/p>\n<p>Se trata de un nuevo hospital general de agudos con un perfil materno infantil, que atender\u00e1 todas las especialidades b\u00e1sicas y brindar\u00e1 atenci\u00f3n m\u00e9dica con unos 700 profesionales, en una zona de influencia de m\u00e1s de 5 millones de habitantes.<\/p>\n<p>El hospital de Ca\u00f1uelas est\u00e1 ubicado en la intersecci\u00f3n de las rutas N\u00b0 6, 205 y 3 y tiene una superficie total de 24.000 m2 cubiertos. La obra demand\u00f3 una inversi\u00f3n de m\u00e1s de 280 millones de pesos y fue financiada por elestado nacional, a trav\u00e9s del Ministerio de Planificaci\u00f3n Federal.<\/p>\n<p>La reuni\u00f3n se realiz\u00f3 en la ciudad capital de la provincia,La Plata, en el despacho del Ministro, y cont\u00f3 con la participaci\u00f3n de los Intendentes Gustavo Arrieta(Ca\u00f1uelas), Ricardo Curutchet (Marcos Paz), Daniel Di Sabatino (San Vicente) y Juan Carlos Cal\u00f3 (Las Heras).<\/p>\n<p>El Diputado provincial y candidato a Intendente de Presidente Per\u00f3n, An\u00edbal Regueiro; el Secretario de Salud Comunitaria de la Naci\u00f3n, Nicol\u00e1s Kreplak; y el Director de Salud Ambiental de Acumar, Eduardo P\u00e9rez.<\/p>\n<p>De la reuni\u00f3n, tambi\u00e9n participaron el Jefe de Gabinete de Salud, Pablo Garrido; el Director provincial de Hospitales, Claudio Ortiz; y el presidente del Cucaiba, Adri\u00e1n Tarditti.<\/p>\n<h6>Fuente: La Noticia 1.com<\/h6>\n","protected":false},"excerpt":{"rendered":"<p>El Ministro de Salud bonaerense, Alejandro Collia, encabez\u00f3 un encuentro con Jefes Comunales, funcionarios provinciales y nacionales, en el que evaluaron el funcionamiento futuro del que ser\u00e1 el nuevo hospital regional de la Cuenca Alta \u00abN\u00e9stor Kirchner\u00bb, en esa localidad. La obra demand\u00f3 una inversi\u00f3n de m\u00e1s de 280 millones de pesos y fue financiada<\/p>\n","protected":false},"author":2,"featured_media":37293,"comment_status":"closed","ping_status":"closed","sticky":false,"template":"","format":"standard","meta":{"footnotes":""},"categories":[2],"tags":[12],"class_list":["post-37292","post","type-post","status-publish","format-standard","has-post-thumbnail","hentry","category-informe-municipal","tag-buenos-aires"],"_links":{"self":[{"href":"http:\/\/argentinamunicipal.com.ar\/argentina\/wp-json\/wp\/v2\/posts\/37292","targetHints":{"allow":["GET"]}}],"collection":[{"href":"http:\/\/argentinamunicipal.com.ar\/argentina\/wp-json\/wp\/v2\/posts"}],"about":[{"href":"http:\/\/argentinamunicipal.com.ar\/argentina\/wp-json\/wp\/v2\/types\/post"}],"author":[{"embeddable":true,"href":"http:\/\/argentinamunicipal.com.ar\/argentina\/wp-json\/wp\/v2\/users\/2"}],"replies":[{"embeddable":true,"href":"http:\/\/argentinamunicipal.com.ar\/argentina\/wp-json\/wp\/v2\/comments?post=37292"}],"version-history":[{"count":0,"href":"http:\/\/argentinamunicipal.com.ar\/argentina\/wp-json\/wp\/v2\/posts\/37292\/revisions"}],"wp:featuredmedia":[{"embeddable":true,"href":"http:\/\/argentinamunicipal.com.ar\/argentina\/wp-json\/wp\/v2\/media\/37293"}],"wp:attachment":[{"href":"http:\/\/argentinamunicipal.com.ar\/argentina\/wp-json\/wp\/v2\/media?parent=37292"}],"wp:term":[{"taxonomy":"category","embeddable":true,"href":"http:\/\/argentinamunicipal.com.ar\/argentina\/wp-json\/wp\/v2\/categories?post=37292"},{"taxonomy":"post_tag","embeddable":true,"href":"http:\/\/argentinamunicipal.com.ar\/argentina\/wp-json\/wp\/v2\/tags?post=37292"}],"curies":[{"name":"wp","href":"https:\/\/api.w.org\/{rel}","templated":true}]}}