{"id":37310,"date":"2015-09-30T09:00:05","date_gmt":"2015-09-30T12:00:05","guid":{"rendered":"http:\/\/argentinamunicipal.com.ar\/argentina\/?p=37310"},"modified":"2015-09-30T09:32:24","modified_gmt":"2015-09-30T12:32:24","slug":"elecciones-de-delegados-en-los-hospitales-publicos-municipales-de-rosario","status":"publish","type":"post","link":"http:\/\/argentinamunicipal.com.ar\/argentina\/elecciones-de-delegados-en-los-hospitales-publicos-municipales-de-rosario\/","title":{"rendered":"Elecciones de delegados en los hospitales p\u00fablicos municipales de Rosario"},"content":{"rendered":"<p><a href=\"http:\/\/argentinamunicipal.com.ar\/argentina\/wp-content\/uploads\/2015\/09\/125572_gremiales.jpg\"><img loading=\"lazy\" decoding=\"async\" class=\"aligncenter size-full wp-image-37311\" src=\"http:\/\/argentinamunicipal.com.ar\/argentina\/wp-content\/uploads\/2015\/09\/125572_gremiales.jpg\" alt=\"125572_gremiales\" width=\"544\" height=\"293\" srcset=\"http:\/\/argentinamunicipal.com.ar\/argentina\/wp-content\/uploads\/2015\/09\/125572_gremiales.jpg 544w, http:\/\/argentinamunicipal.com.ar\/argentina\/wp-content\/uploads\/2015\/09\/125572_gremiales-300x162.jpg 300w\" sizes=\"auto, (max-width: 544px) 100vw, 544px\" \/><\/a><br \/>\nSe llevaron adelante las elecciones a delegados en todos los Hospitales P\u00fablicos Municipales de la ciudad de Rosario m\u00e1s el Sistema Integrado de Emergencia Sanitaria (SIES).<\/p>\n<p>El Sindicato de M\u00e9dicos de la Rep\u00fablica Argentina (AMRA) Seccional Santa Fe informa con agrado que ayer, martes 29 de septiembre, se llevaron adelante las elecciones a delegados en todos los Hospitales P\u00fablicos Municipales de la ciudad de Rosario m\u00e1s el Sistema Integrado de Emergencia Sanitaria (SIES)<\/p>\n<p>La jornada se desarroll\u00f3 con total normalidad, con una masiva participaci\u00f3n de colegas que se expresaron en las urnas y bajo un clima de alegr\u00eda, dejando en claro la importancia que tiene un acto democr\u00e1tico como \u00e9ste.<\/p>\n<p>Como entidad que lucha por los derechos de los profesionales de la salud, creemos fundamental que los compa\u00f1eros se sumen al trabajo sindical, y la concurrencia a una elecci\u00f3n de esta naturaleza, no hace m\u00e1s que demostrar el compromiso de todos ellos para aunar esfuerzos y poder tener un Sindicato fuerte, inclusivo y con una representaci\u00f3n gremial acorde a los tiempos laborales de la actualidad.<\/p>\n<h6>Fuente: Sin Mordaza<\/h6>\n","protected":false},"excerpt":{"rendered":"<p>Se llevaron adelante las elecciones a delegados en todos los Hospitales P\u00fablicos Municipales de la ciudad de Rosario m\u00e1s el Sistema Integrado de Emergencia Sanitaria (SIES). El Sindicato de M\u00e9dicos de la Rep\u00fablica Argentina (AMRA) Seccional Santa Fe informa con agrado que ayer, martes 29 de septiembre, se llevaron adelante las elecciones a delegados en<\/p>\n","protected":false},"author":2,"featured_media":37311,"comment_status":"closed","ping_status":"closed","sticky":false,"template":"","format":"standard","meta":{"footnotes":""},"categories":[7],"tags":[10],"class_list":["post-37310","post","type-post","status-publish","format-standard","has-post-thumbnail","hentry","category-informe-sindical","tag-santa-fe"],"_links":{"self":[{"href":"http:\/\/argentinamunicipal.com.ar\/argentina\/wp-json\/wp\/v2\/posts\/37310","targetHints":{"allow":["GET"]}}],"collection":[{"href":"http:\/\/argentinamunicipal.com.ar\/argentina\/wp-json\/wp\/v2\/posts"}],"about":[{"href":"http:\/\/argentinamunicipal.com.ar\/argentina\/wp-json\/wp\/v2\/types\/post"}],"author":[{"embeddable":true,"href":"http:\/\/argentinamunicipal.com.ar\/argentina\/wp-json\/wp\/v2\/users\/2"}],"replies":[{"embeddable":true,"href":"http:\/\/argentinamunicipal.com.ar\/argentina\/wp-json\/wp\/v2\/comments?post=37310"}],"version-history":[{"count":0,"href":"http:\/\/argentinamunicipal.com.ar\/argentina\/wp-json\/wp\/v2\/posts\/37310\/revisions"}],"wp:featuredmedia":[{"embeddable":true,"href":"http:\/\/argentinamunicipal.com.ar\/argentina\/wp-json\/wp\/v2\/media\/37311"}],"wp:attachment":[{"href":"http:\/\/argentinamunicipal.com.ar\/argentina\/wp-json\/wp\/v2\/media?parent=37310"}],"wp:term":[{"taxonomy":"category","embeddable":true,"href":"http:\/\/argentinamunicipal.com.ar\/argentina\/wp-json\/wp\/v2\/categories?post=37310"},{"taxonomy":"post_tag","embeddable":true,"href":"http:\/\/argentinamunicipal.com.ar\/argentina\/wp-json\/wp\/v2\/tags?post=37310"}],"curies":[{"name":"wp","href":"https:\/\/api.w.org\/{rel}","templated":true}]}}