{"id":37365,"date":"2015-09-30T18:10:29","date_gmt":"2015-09-30T21:10:29","guid":{"rendered":"http:\/\/argentinamunicipal.com.ar\/argentina\/?p=37365"},"modified":"2015-10-17T09:58:33","modified_gmt":"2015-10-17T12:58:33","slug":"villa-maria-es-ejemplo-de-muchas-ciudades-en-el-mundo","status":"publish","type":"post","link":"http:\/\/argentinamunicipal.com.ar\/argentina\/villa-maria-es-ejemplo-de-muchas-ciudades-en-el-mundo\/","title":{"rendered":"\u201cVilla Mar\u00eda es ejemplo de muchas ciudades en el mundo\u201d"},"content":{"rendered":"<p><a href=\"http:\/\/argentinamunicipal.com.ar\/argentina\/wp-content\/uploads\/2015\/09\/tapa_42.jpg\"><img loading=\"lazy\" decoding=\"async\" class=\"aligncenter  wp-image-37366\" src=\"http:\/\/argentinamunicipal.com.ar\/argentina\/wp-content\/uploads\/2015\/09\/tapa_42.jpg\" alt=\"tapa_42\" width=\"675\" height=\"424\" srcset=\"http:\/\/argentinamunicipal.com.ar\/argentina\/wp-content\/uploads\/2015\/09\/tapa_42.jpg 700w, http:\/\/argentinamunicipal.com.ar\/argentina\/wp-content\/uploads\/2015\/09\/tapa_42-300x189.jpg 300w\" sizes=\"auto, (max-width: 675px) 100vw, 675px\" \/><\/a><\/p>\n<p>El intendente brind\u00f3 detalles de su estad\u00eda en Nueva York. Adem\u00e1s toc\u00f3 otros puntos referidos al futuro intendente, Mart\u00edn Gill, a Daniel Scioli y a la seguridad en la ciudad<\/p>\n<p>En una conferencia de prensa brindada ayer por la ma\u00f1ana en la Sala Oval del Palacio Municipal, el intendente Eduardo Accastello hizo un balance sobre su participaci\u00f3n en el encuentro \u201cCiudades sustentables\u201d, desarrollado la semana pasada en la sede que la Organizaci\u00f3n de las Naciones Unidas (ONU) tiene en la ciudad estadounidense de Nueva York.<\/p>\n<p>Adem\u00e1s, el jefe comunal aprovech\u00f3 la ocasi\u00f3n para hablar sobre diferentes temas tales como la transici\u00f3n de su Gobierno hacia el intendente electo, Mart\u00edn Gill, su relaci\u00f3n con Daniel Scioli y la seguridad en la ciudad.<\/p>\n<p><strong>\u201cSomos ejemplo\u201d<\/strong><\/p>\n<p>En primer lugar, sobre lo vivido en tierras norteamericanas, asegur\u00f3 que \u201cviendo otras experiencias en el mundo, uno se da cuenta que Villa Mar\u00eda es una de las ciudades que tiene mayor desarrollo sustentable y sobre ello justamente estuvimos trabajando junto al n\u00facleo de ciudades que ha convocada la Academia Pontificia para el encuentro que tuvimos en Nueva York\u201d.<\/p>\n<p>\u201cHe escuchado a los intendentes estadounidenses de Los Angeles, San Francisco y Nueva York diciendo que est\u00e1n con graves problemas vinculados a vivienda. En la primera de esas ciudades, cada dos meses m\u00e1s de nueve mil personas se quedan sin techo y se transforman en pobres\u201d, cont\u00f3.<\/p>\n<p>A la vez se\u00f1al\u00f3 que \u201clas experiencias que uno percibe no se las debe guardar para s\u00ed mismo. Mientras pueda, voy a tratar de trasladar estas experiencias extraordinarias que he vivido en estas reuniones de trabajo\u201d.<\/p>\n<p>\u201cVilla Mar\u00eda es una ciudad chica y hoy somos el ejemplo de muchas otras ciudades en el mundo\u201d, destac\u00f3.<\/p>\n<p>Al mismo tiempo manifest\u00f3 que \u201cel pedido que nos hace el Papa Francisco a los intendentes es trabajar en ciudades con desarrollos sustentables. La poblaci\u00f3n mundial pas\u00f3 de 4.500 millones de personas, en 1950, a 6.500 millones de habitantes en la actualidad y llegar\u00e1 a 9.000 millones en 2050, de las cuales el 85% vivir\u00e1n en ciudades\u201d.<\/p>\n<p>\u201cLos desplazamientos de habitantes hacia las zonas urbanas se da en los pa\u00edses y continentes en v\u00edas de desarrollo, tales como China, India, Asia y Am\u00e9rica Latina\u201d, sostuvo y valor\u00f3 adem\u00e1s que \u201cArgentina y Am\u00e9rica Latina est\u00e1n viviendo en paz y ese es un valor que tenemos que cuidar. El mundo est\u00e1 trabajando a instancias de un nuevo l\u00edder mundial que es Francisco. Se da la particularidad que es argentino, pero los argentinos tenemos que entender que la magnitud de su liderazgo es algo muy trascendente\u201d.<\/p>\n<p>Tambi\u00e9n remarc\u00f3 que \u201cFrancisco est\u00e1 marcando la agenda de los l\u00edderes mundiales, la nueva agenda de la pol\u00edtica y de la geopol\u00edtica mundial. Ese no me parece un detalle menor para una Iglesia Cat\u00f3lica que hace 50 a\u00f1os hab\u00eda perdido el rumbo\u201d.<\/p>\n<p>\u201cTenemos que entender el valor que significa tener a este Papa que les est\u00e1 diciendo a todos que los tres ejes fundamentales son eliminar la desigualdad que existen en el mundo, trabajar para evitar el cambio clim\u00e1tico que ya estamos sintiendo y eliminar la esclavitud moderna, donde Francisco incluye la trata de personas, el empleo de ni\u00f1os y la drogadicci\u00f3n\u201d, indic\u00f3.<\/p>\n<p>En relaci\u00f3n a la problem\u00e1tica de las drogas expres\u00f3 que \u201ces un tema que tenemos que abordar desde otra profundidad, por eso le he pedido a la Secretar\u00eda de Prevenci\u00f3n Comunitaria y Derechos Humanos que tengamos una reuni\u00f3n con todas las instituciones y organismos de la ciudad para hablar al respecto\u201d.<\/p>\n<p>\u201cNecesitamos pol\u00edticas de Estado provinciales y nacionales para trabajar fuertemente contra el narcotr\u00e1fico\u201d, dijo.<\/p>\n<p><strong>La transici\u00f3n<\/strong><\/p>\n<p>En otro orden, Accastello habl\u00f3 sobre la transici\u00f3n en el mando de la Intendencia local. Al respecto se\u00f1al\u00f3 que \u201ctengo que ser intendente hasta el \u00faltimo d\u00eda de mi mandato. Yo eleg\u00ed a Mart\u00edn Gill, quien ser\u00e1 nuestro pr\u00f3ximo intendente y estamos felices de que as\u00ed sea, porque va a ser el mejor mandatario que pueda tener la ciudad\u201d.<\/p>\n<p>\u201cQuienes dicen que yo tengo una mala relaci\u00f3n con \u00e9l, realmente no saben nada. El poder se ejerce hasta el \u00faltimo d\u00eda, porque la gente para eso me vot\u00f3. Gill no quiere gobernar ahora, quiere hacerlo, como corresponde, desde el d\u00eda 11 de diciembre\u201d, asegur\u00f3.<\/p>\n<p>A la vez declar\u00f3 que \u201ctodo mi equipo de trabajo est\u00e1 a su disposici\u00f3n. El lunes estar\u00e9 iniciando con Gill el proceso de transici\u00f3n del Gobierno municipal. Todos los funcionarios del actual mandato pondr\u00e1n a su disposici\u00f3n los elementos e informes de lo hecho durante estos a\u00f1os\u201d.<\/p>\n<p>\u201cGill nos ha pedido que tambi\u00e9n le informemos cu\u00e1les son las cosas que quedaron pendientes de hacer en la ciudad para los pr\u00f3ximos tiempos\u201d, coment\u00f3.<\/p>\n<p>Por otra parte cont\u00f3 que \u201cdurante los pr\u00f3ximos 60 d\u00edas, hasta que se realice el cambio de mandato, el futuro intendente trabajar\u00e1 tambi\u00e9n en el Presupuesto 2016 junto a la Secretar\u00eda de Econom\u00eda\u201d.<\/p>\n<p>\u201cLa ciudad tiene que estar tranquila porque el pr\u00f3ximo intendente va a gobernar con el mismo equipo, el mismo proyecto y los mejores funcionarios. Voy a dejar mi cargo con mucha felicidad, porque dejo a un gran equipo de trabajo, a una ciudad transformada y funcionando\u201d, redonde\u00f3.<\/p>\n<p><strong>Sus preocupaciones<\/strong><\/p>\n<p>A la hora de hablar de las cosas que le preocupan de Villa Mar\u00eda, solamente, aunque no sea un detalle menor, asegur\u00f3 sentirse \u201cpreocupado porque la Polic\u00eda de la Provincia no est\u00e1 poniendo a disposici\u00f3n de los villamarienses todo lo que tiene que poner.\u201d<\/p>\n<p>\u201cLos habitantes de esta ciudad necesitamos m\u00e1s seguridad. Le mand\u00e9 una carta al gobernador dici\u00e9ndole que necesitamos m\u00e1s m\u00f3viles y m\u00e1s efectivos policiales para la ciudad\u201d, inform\u00f3.<\/p>\n<p><strong>Su relaci\u00f3n con Scioli<\/strong><\/p>\n<p>Para culminar la rueda de prensa, Accastello respondi\u00f3 brevemente a una consulta en la que se le pregunt\u00f3 si ten\u00eda conocimiento de un supuesto malestar en el entorno de Daniel Scioli por su viaje a Nueva York cuando el candidato del Frente para la Victoria se encuentra en plena campa\u00f1a presidencial para el 25 de octubre. En relaci\u00f3n a ello fue breve, pero contundente, al responder que \u201cScioli est\u00e1 al tanto de mi viaje a Nueva York. Le he escrito para cont\u00e1rselo y le ha dado mucho valor\u201d.<\/p>\n<p>\u201cEl sabe lo que estoy haciendo y me ha dado indicaciones que de hecho estoy cumpliendo. Estoy muy tranquilo, haciendo lo que entiendo debo haber\u201d, sentenci\u00f3.<\/p>\n<h6>Fuente: El Diario del Centro del Pa\u00eds<\/h6>\n","protected":false},"excerpt":{"rendered":"<p>El intendente brind\u00f3 detalles de su estad\u00eda en Nueva York. Adem\u00e1s toc\u00f3 otros puntos referidos al futuro intendente, Mart\u00edn Gill, a Daniel Scioli y a la seguridad en la ciudad<\/p>\n","protected":false},"author":2,"featured_media":37366,"comment_status":"closed","ping_status":"closed","sticky":false,"template":"","format":"standard","meta":{"footnotes":""},"categories":[2],"tags":[3],"class_list":["post-37365","post","type-post","status-publish","format-standard","has-post-thumbnail","hentry","category-informe-municipal","tag-cordoba"],"_links":{"self":[{"href":"http:\/\/argentinamunicipal.com.ar\/argentina\/wp-json\/wp\/v2\/posts\/37365","targetHints":{"allow":["GET"]}}],"collection":[{"href":"http:\/\/argentinamunicipal.com.ar\/argentina\/wp-json\/wp\/v2\/posts"}],"about":[{"href":"http:\/\/argentinamunicipal.com.ar\/argentina\/wp-json\/wp\/v2\/types\/post"}],"author":[{"embeddable":true,"href":"http:\/\/argentinamunicipal.com.ar\/argentina\/wp-json\/wp\/v2\/users\/2"}],"replies":[{"embeddable":true,"href":"http:\/\/argentinamunicipal.com.ar\/argentina\/wp-json\/wp\/v2\/comments?post=37365"}],"version-history":[{"count":0,"href":"http:\/\/argentinamunicipal.com.ar\/argentina\/wp-json\/wp\/v2\/posts\/37365\/revisions"}],"wp:featuredmedia":[{"embeddable":true,"href":"http:\/\/argentinamunicipal.com.ar\/argentina\/wp-json\/wp\/v2\/media\/37366"}],"wp:attachment":[{"href":"http:\/\/argentinamunicipal.com.ar\/argentina\/wp-json\/wp\/v2\/media?parent=37365"}],"wp:term":[{"taxonomy":"category","embeddable":true,"href":"http:\/\/argentinamunicipal.com.ar\/argentina\/wp-json\/wp\/v2\/categories?post=37365"},{"taxonomy":"post_tag","embeddable":true,"href":"http:\/\/argentinamunicipal.com.ar\/argentina\/wp-json\/wp\/v2\/tags?post=37365"}],"curies":[{"name":"wp","href":"https:\/\/api.w.org\/{rel}","templated":true}]}}