{"id":37428,"date":"2015-10-15T09:14:04","date_gmt":"2015-10-15T12:14:04","guid":{"rendered":"http:\/\/argentinamunicipal.com.ar\/argentina\/?p=37428"},"modified":"2015-10-15T09:14:04","modified_gmt":"2015-10-15T12:14:04","slug":"energia-por-primera-vez-en-la-comunidad-del-tolar-catamarca","status":"publish","type":"post","link":"http:\/\/argentinamunicipal.com.ar\/argentina\/energia-por-primera-vez-en-la-comunidad-del-tolar-catamarca\/","title":{"rendered":"Energ\u00eda por primera vez en la Comunidad del Tolar, Catamarca"},"content":{"rendered":"<p><a href=\"http:\/\/argentinamunicipal.com.ar\/argentina\/wp-content\/uploads\/2015\/10\/lu1.jpg\"><img loading=\"lazy\" decoding=\"async\" class=\"aligncenter  wp-image-37429\" src=\"http:\/\/argentinamunicipal.com.ar\/argentina\/wp-content\/uploads\/2015\/10\/lu1.jpg\" alt=\"lu1\" width=\"662\" height=\"497\" srcset=\"http:\/\/argentinamunicipal.com.ar\/argentina\/wp-content\/uploads\/2015\/10\/lu1.jpg 1600w, http:\/\/argentinamunicipal.com.ar\/argentina\/wp-content\/uploads\/2015\/10\/lu1-300x225.jpg 300w, http:\/\/argentinamunicipal.com.ar\/argentina\/wp-content\/uploads\/2015\/10\/lu1-1024x768.jpg 1024w\" sizes=\"auto, (max-width: 662px) 100vw, 662px\" \/><\/a><br \/>\nLa Secretar\u00eda de Vivienda transport\u00f3 a lomo de mula equipamiento a una alejada comunidad para llevarles energ\u00eda por primera vez.<\/p>\n<p>El Tolar es un peque\u00f1o paraje enclavado en lo alto de la monta\u00f1a, al Norte Grande en el Interior de Bel\u00e9n, y cuenta con 97 habitantes. S\u00f3lo es posible acceder hasta all\u00ed a lomo de mula y de ese modo, a lo largo de nueve horas por el empinado trayecto hasta la cima de los cerros, tuvieron que ser transportados los materiales necesarios para dejar instalado equipamiento que provea energ\u00eda solar a las familias que hasta la actualidad hab\u00edan vivido careciendo de la misma. Octavio Guti\u00e9rrez, desde la Secretaria de Vivienda y Desarrollo Urbano, fu\u00e9 qui\u00e9n di\u00f3 respuesta a las gestiones de C\u00e9sar Quipildor el candidato a Intendente, qui\u00e9n realiz\u00f3 las gestiones para llevar a su comunidad energ\u00eda por primera vez.<\/p>\n<p>El 10 de Octubre de 2015, es la fecha en que se concret\u00f3 la instalaci\u00f3n de los paneles solares en el T\u00f3lar, a 52 km de Puerta de Corral Quemado, 40 km de El Durazno y 44 km de Jacipunko, en el interior profundo de nuestra Provincia. Cuentan con una capacidad de 1000 watts,\u00a0 lo cual permite conectar a la red domestica una heladera, un televisor y una l\u00e1mpara en todas la habitaciones.<\/p>\n<p>La compra e instalaci\u00f3n que realiz\u00f3 la Secretar\u00eda de Vivienda incluy\u00f3 tambi\u00e9n calefones solares que tienen una capacidad de 200 litros de agua caliente. Actualmente quedaron beneficiadas con la conexi\u00f3n 13 viviendas, la Posta Sanitaria y la Escuela.<\/p>\n<p>Con gran emotividad recibieron los lugare\u00f1os este progreso para su comunidad que los libera de grandes inconvenientes y acrecienta su calidad de vida, hechos que se ven concretados en el marco de una firme pol\u00edtica de inclusi\u00f3n.<\/p>\n<h6>Fuente: La Uni\u00f3n Digital<\/h6>\n","protected":false},"excerpt":{"rendered":"<p>La Secretar\u00eda de Vivienda transport\u00f3 a lomo de mula equipamiento a una alejada comunidad para llevarles energ\u00eda por primera vez. El Tolar es un peque\u00f1o paraje enclavado en lo alto de la monta\u00f1a, al Norte Grande en el Interior de Bel\u00e9n, y cuenta con 97 habitantes. S\u00f3lo es posible acceder hasta all\u00ed a lomo de<\/p>\n","protected":false},"author":2,"featured_media":37429,"comment_status":"closed","ping_status":"closed","sticky":false,"template":"","format":"standard","meta":{"footnotes":""},"categories":[2],"tags":[16],"class_list":["post-37428","post","type-post","status-publish","format-standard","has-post-thumbnail","hentry","category-informe-municipal","tag-catamarca"],"_links":{"self":[{"href":"http:\/\/argentinamunicipal.com.ar\/argentina\/wp-json\/wp\/v2\/posts\/37428","targetHints":{"allow":["GET"]}}],"collection":[{"href":"http:\/\/argentinamunicipal.com.ar\/argentina\/wp-json\/wp\/v2\/posts"}],"about":[{"href":"http:\/\/argentinamunicipal.com.ar\/argentina\/wp-json\/wp\/v2\/types\/post"}],"author":[{"embeddable":true,"href":"http:\/\/argentinamunicipal.com.ar\/argentina\/wp-json\/wp\/v2\/users\/2"}],"replies":[{"embeddable":true,"href":"http:\/\/argentinamunicipal.com.ar\/argentina\/wp-json\/wp\/v2\/comments?post=37428"}],"version-history":[{"count":0,"href":"http:\/\/argentinamunicipal.com.ar\/argentina\/wp-json\/wp\/v2\/posts\/37428\/revisions"}],"wp:featuredmedia":[{"embeddable":true,"href":"http:\/\/argentinamunicipal.com.ar\/argentina\/wp-json\/wp\/v2\/media\/37429"}],"wp:attachment":[{"href":"http:\/\/argentinamunicipal.com.ar\/argentina\/wp-json\/wp\/v2\/media?parent=37428"}],"wp:term":[{"taxonomy":"category","embeddable":true,"href":"http:\/\/argentinamunicipal.com.ar\/argentina\/wp-json\/wp\/v2\/categories?post=37428"},{"taxonomy":"post_tag","embeddable":true,"href":"http:\/\/argentinamunicipal.com.ar\/argentina\/wp-json\/wp\/v2\/tags?post=37428"}],"curies":[{"name":"wp","href":"https:\/\/api.w.org\/{rel}","templated":true}]}}