{"id":37434,"date":"2015-10-15T09:19:32","date_gmt":"2015-10-15T12:19:32","guid":{"rendered":"http:\/\/argentinamunicipal.com.ar\/argentina\/?p=37434"},"modified":"2015-10-15T09:19:32","modified_gmt":"2015-10-15T12:19:32","slug":"entregaron-en-clorinda-la-primera-tanda-de-900-antenas-de-television-digital-abierta","status":"publish","type":"post","link":"http:\/\/argentinamunicipal.com.ar\/argentina\/entregaron-en-clorinda-la-primera-tanda-de-900-antenas-de-television-digital-abierta\/","title":{"rendered":"Entregaron en Clorinda la primera tanda de 900 antenas de Televisi\u00f3n Digital Abierta"},"content":{"rendered":"<p><a href=\"http:\/\/argentinamunicipal.com.ar\/argentina\/wp-content\/uploads\/2015\/10\/tda.jpg\"><img loading=\"lazy\" decoding=\"async\" class=\"aligncenter size-full wp-image-37435\" src=\"http:\/\/argentinamunicipal.com.ar\/argentina\/wp-content\/uploads\/2015\/10\/tda.jpg\" alt=\"tda\" width=\"560\" height=\"334\" srcset=\"http:\/\/argentinamunicipal.com.ar\/argentina\/wp-content\/uploads\/2015\/10\/tda.jpg 560w, http:\/\/argentinamunicipal.com.ar\/argentina\/wp-content\/uploads\/2015\/10\/tda-300x179.jpg 300w\" sizes=\"auto, (max-width: 560px) 100vw, 560px\" \/><\/a><\/p>\n<p>Esta estuvo dirigida a los sectores m\u00e1s vulnerables en condiciones de cumplir con los requisitos exigidos por el programa. La misma gente del Correo Argentino fue la encargada de trasladar esta importante carga hasta el Centro Integrador Comunitario y fue all\u00ed donde se realiz\u00f3 la entrega de manera ordenada<\/p>\n<p>En la ma\u00f1ana lluviosa del viernes, el intendente de Clorinda Manuel Celauro estuvo acompa\u00f1ando a la gente de La C\u00e1mpora, agrupaci\u00f3n que lo llevara como candidato a intendente en las pr\u00f3ximas elecciones y que tiene a Ezequiel Viggiano y Elena Barrios como candidatos a concejales, ellos estaban realizando la coordinaci\u00f3n de lo que fue la primera entrega de 300 antenas de la Televisi\u00f3n Digital Abierta, esta entrega est\u00e1 dirigida a los sectores m\u00e1s vulnerables y que est\u00e1n en condiciones de cumplir con los requisitos exigidos por el programa. La misma gente del Correo Argentino fue la encargada de trasladar esta importante carga hasta el Centro Integrador Comunitario y fue all\u00ed donde se realiz\u00f3 la entrega de manera ordenada.<\/p>\n<p>Viggiano al momento del acto protocolar coment\u00f3 que esto se trat\u00f3 de una gesti\u00f3n iniciada hace un tiempo y que reci\u00e9n ahora se puede completar, ser\u00e1n en total 900 antenas las que se entregaran, esta primera etapa son 300 pero est\u00e1 previsto m\u00e1s entregas para el jueves y viernes pr\u00f3ximo tambi\u00e9n en el mismo n\u00famero.<\/p>\n<p>Agradeci\u00f3 el acompa\u00f1amiento del intendente Celauro quien constantemente los apoya para cada una de las gestiones que se puede realizar y que apuntan a que la comunidad en general pueda tener acceso a los diferentes canales que se encuentran en la grilla.<\/p>\n<p>A su turno el intendente de Clorinda dijo entre otras cosas que esto no es casual, sino que se trata de una pol\u00edtica inclusiva del gobierno nacional que piensa en los que menos tienen, en darles la posibilidad a que puedan tener se\u00f1ales de canales importantes de manera gratuita, cada vez se van agregando m\u00e1s canales y dijo que si hoy Clorinda tiene la posibilidad de contar con la se\u00f1al del TDA es porque tanto el gobierno nacional provincial y comunal trabajan en la misma sinton\u00eda, desde el municipio se permiti\u00f3 la instalaci\u00f3n de la famosa antena ubicada en el acceso al vaciadero, all\u00ed donde antes hab\u00eda basura hoy hay una antena y esa antena es la que permite que tengamos la se\u00f1al de esta televisi\u00f3n digital en los domicilios, por eso les digo que nada es casual, \u201cesas cosas les pido que las tengan en cuenta el pr\u00f3ximo 25 a la hora de elegir a los candidatos, apoyemos al proyecto nacional, al proyecto provincial y nuestro proyecto local para seguir trabajando por una ciudad mejor\u201d expres\u00f3 Celauro.<\/p>\n<h6>Fuente: El Comercial<\/h6>\n","protected":false},"excerpt":{"rendered":"<p>Esta estuvo dirigida a los sectores m\u00e1s vulnerables en condiciones de cumplir con los requisitos exigidos por el programa. La misma gente del Correo Argentino fue la encargada de trasladar esta importante carga hasta el Centro Integrador Comunitario y fue all\u00ed donde se realiz\u00f3 la entrega de manera ordenada En la ma\u00f1ana lluviosa del viernes,<\/p>\n","protected":false},"author":2,"featured_media":37435,"comment_status":"closed","ping_status":"closed","sticky":false,"template":"","format":"standard","meta":{"footnotes":""},"categories":[2],"tags":[24],"class_list":["post-37434","post","type-post","status-publish","format-standard","has-post-thumbnail","hentry","category-informe-municipal","tag-formosa"],"_links":{"self":[{"href":"http:\/\/argentinamunicipal.com.ar\/argentina\/wp-json\/wp\/v2\/posts\/37434","targetHints":{"allow":["GET"]}}],"collection":[{"href":"http:\/\/argentinamunicipal.com.ar\/argentina\/wp-json\/wp\/v2\/posts"}],"about":[{"href":"http:\/\/argentinamunicipal.com.ar\/argentina\/wp-json\/wp\/v2\/types\/post"}],"author":[{"embeddable":true,"href":"http:\/\/argentinamunicipal.com.ar\/argentina\/wp-json\/wp\/v2\/users\/2"}],"replies":[{"embeddable":true,"href":"http:\/\/argentinamunicipal.com.ar\/argentina\/wp-json\/wp\/v2\/comments?post=37434"}],"version-history":[{"count":0,"href":"http:\/\/argentinamunicipal.com.ar\/argentina\/wp-json\/wp\/v2\/posts\/37434\/revisions"}],"wp:featuredmedia":[{"embeddable":true,"href":"http:\/\/argentinamunicipal.com.ar\/argentina\/wp-json\/wp\/v2\/media\/37435"}],"wp:attachment":[{"href":"http:\/\/argentinamunicipal.com.ar\/argentina\/wp-json\/wp\/v2\/media?parent=37434"}],"wp:term":[{"taxonomy":"category","embeddable":true,"href":"http:\/\/argentinamunicipal.com.ar\/argentina\/wp-json\/wp\/v2\/categories?post=37434"},{"taxonomy":"post_tag","embeddable":true,"href":"http:\/\/argentinamunicipal.com.ar\/argentina\/wp-json\/wp\/v2\/tags?post=37434"}],"curies":[{"name":"wp","href":"https:\/\/api.w.org\/{rel}","templated":true}]}}