{"id":37458,"date":"2015-10-15T09:49:36","date_gmt":"2015-10-15T12:49:36","guid":{"rendered":"http:\/\/argentinamunicipal.com.ar\/argentina\/?p=37458"},"modified":"2015-10-15T09:49:36","modified_gmt":"2015-10-15T12:49:36","slug":"el-new-york-times-destaco-el-trabajo-de-abuelas-de-plaza-de-mayo","status":"publish","type":"post","link":"http:\/\/argentinamunicipal.com.ar\/argentina\/el-new-york-times-destaco-el-trabajo-de-abuelas-de-plaza-de-mayo\/","title":{"rendered":"El New York Times destac\u00f3 el trabajo de Abuelas de Plaza de Mayo"},"content":{"rendered":"<p><a href=\"http:\/\/argentinamunicipal.com.ar\/argentina\/wp-content\/uploads\/2015\/10\/nieto114-e1444913351919.jpg\"><img loading=\"lazy\" decoding=\"async\" class=\"aligncenter wp-image-37459 size-full\" src=\"http:\/\/argentinamunicipal.com.ar\/argentina\/wp-content\/uploads\/2015\/10\/nieto114-e1444913351919.jpg\" alt=\"\" width=\"640\" height=\"420\" srcset=\"http:\/\/argentinamunicipal.com.ar\/argentina\/wp-content\/uploads\/2015\/10\/nieto114-e1444913351919.jpg 640w, http:\/\/argentinamunicipal.com.ar\/argentina\/wp-content\/uploads\/2015\/10\/nieto114-e1444913351919-300x197.jpg 300w\" sizes=\"auto, (max-width: 640px) 100vw, 640px\" \/><\/a><br \/>\nEl diario norteamericano, de influencia mundial, dedic\u00f3 un trabajo a la historia de Estela de Carlotto y a su comprometido trabajo.<\/p>\n<p>El peri\u00f3dico The New York Times public\u00f3 una nota sobre un documental en el que destac\u00f3 el trabajo de las Abuelas de Plaza de Mayo por recuperar a los nietos desaparecidos en la \u00faltima dictadura militar argentina, con la historia de Estela de Carlotto y su nieto Guido como eje central del relato.<\/p>\n<p>\u00abLas abuelas, dice un viejo refr\u00e1n, son \u00e1ngeles en formaci\u00f3n. Si es as\u00ed, uno de los contingentes que ha tenido una gran cantidad de pr\u00e1ctica puede ser encontrado en Argentina\u00bb, comienza el art\u00edculo publicado por The New York Times sobre el \u00faltimo documental de la entrega denominado Retro Report.<\/p>\n<p>\u00abCon ira enfocada, (las Abuelas) han pasado m\u00e1s de tres d\u00e9cadas tratando de desentra\u00f1ar y, cuando era posible, corregir uno de los atropellos a los derechos humanos m\u00e1s impactantes de los tiempos modernos\u00bb, sigui\u00f3 la nota publicada el domingo.<\/p>\n<p>Bajo el t\u00edtulo \u00abLos ni\u00f1os de los `desaparecidos\u00b4 de Argentina recuperan el pasado con ayuda\u00bb, un video de 15 minutos detall\u00f3 los a\u00f1os de la guerra sucia, como era llamada, con el \u00e9nfasis puesto en el robo de beb\u00e9s por parte de la junta militar que gobern\u00f3 despiadadamente desde 1976 a 1983, y el surgimiento y trabajo incansable de las Madres y Abuelas de Plaza de Mayo \u00abmientras se desplegaba esta pesadilla\u00bb.<\/p>\n<p>El documental cuenta la historia de Estela de Carlotto, quien resalt\u00f3 en primera persona la b\u00fasqueda de Laura, su hija desaparecida, y la posterior e incesante labor que llev\u00f3 adelante con el objetivo de encontrar a su nieto, Guido, nacido en los primeros a\u00f1os de la dictadura.<\/p>\n<p>Un camino que luego dar\u00eda lugar a la b\u00fasqueda de los cerca de 500 ni\u00f1os que \u00abfueron entregados o vendidos a familias de militares y a otros considerados `pol\u00edticamente aceptables\u00b4\u00bb, y que hoy bajo el liderazgo de Abuelas de Plaza de Mayo suma la recuperaci\u00f3n de 117 nietos, se\u00f1al\u00f3 el New York Times.<\/p>\n<p>\u00abCada caso es un triunfo de la verdad sobre las mentiras, horrores y enga\u00f1os\u00bb, afirm\u00f3 Carlotto en el documental que cuenta adem\u00e1s con el testimonio de su nieto recuperado, Guido.<\/p>\n<p>El trabajo incluye otros dos videos donde un hijo de desaparecidos cuenta el camino hacia la b\u00fasqueda de su identidad y otro en el que una mujer narra su deseo por encontrar a su hermana que a\u00fan permanec\u00eda en el vientre de su madre cuando los militares se las llevaron.<\/p>\n<p>El peri\u00f3dico resalt\u00f3 a su vez el rol que jug\u00f3 la gen\u00e9tica forense para \u00abdescubrir a muchos de los nietos perdidos\u00bb y en ello la creaci\u00f3n, en 1987, del Banco Nacional de Datos Gen\u00e9ticos, \u00abel primero de su tipo en el mundo\u00bb, as\u00ed como los acuerdos internacionales que ahora reconocen \u00abciertos derechos humanos fundamentales\u00bb gracias al aporte realizado por la experiencia argentina.<\/p>\n<p>El extenso texto que acompa\u00f1a la presentaci\u00f3n de la \u00faltima versi\u00f3n de la \u00abserie de documentales que relatan las noticias m\u00e1s importantes del pasado y sus consecuencias perdurables\u00bb, concluy\u00f3 con la promesa de Carlotto por continuar la b\u00fasqueda de aquellos que a\u00fan no fueron encontrados y por \u00abla verdad y la justicia\u00bb.<\/p>\n<h6>Fuente: La Gaceta<\/h6>\n","protected":false},"excerpt":{"rendered":"<p>El diario norteamericano, de influencia mundial, dedic\u00f3 un trabajo a la historia de Estela de Carlotto y a su comprometido trabajo. El peri\u00f3dico The New York Times public\u00f3 una nota sobre un documental en el que destac\u00f3 el trabajo de las Abuelas de Plaza de Mayo por recuperar a los nietos desaparecidos en la \u00faltima<\/p>\n","protected":false},"author":2,"featured_media":37459,"comment_status":"closed","ping_status":"closed","sticky":false,"template":"","format":"standard","meta":{"footnotes":""},"categories":[8],"tags":[21],"class_list":["post-37458","post","type-post","status-publish","format-standard","has-post-thumbnail","hentry","category-informe-nacional","tag-argentina"],"_links":{"self":[{"href":"http:\/\/argentinamunicipal.com.ar\/argentina\/wp-json\/wp\/v2\/posts\/37458","targetHints":{"allow":["GET"]}}],"collection":[{"href":"http:\/\/argentinamunicipal.com.ar\/argentina\/wp-json\/wp\/v2\/posts"}],"about":[{"href":"http:\/\/argentinamunicipal.com.ar\/argentina\/wp-json\/wp\/v2\/types\/post"}],"author":[{"embeddable":true,"href":"http:\/\/argentinamunicipal.com.ar\/argentina\/wp-json\/wp\/v2\/users\/2"}],"replies":[{"embeddable":true,"href":"http:\/\/argentinamunicipal.com.ar\/argentina\/wp-json\/wp\/v2\/comments?post=37458"}],"version-history":[{"count":0,"href":"http:\/\/argentinamunicipal.com.ar\/argentina\/wp-json\/wp\/v2\/posts\/37458\/revisions"}],"wp:featuredmedia":[{"embeddable":true,"href":"http:\/\/argentinamunicipal.com.ar\/argentina\/wp-json\/wp\/v2\/media\/37459"}],"wp:attachment":[{"href":"http:\/\/argentinamunicipal.com.ar\/argentina\/wp-json\/wp\/v2\/media?parent=37458"}],"wp:term":[{"taxonomy":"category","embeddable":true,"href":"http:\/\/argentinamunicipal.com.ar\/argentina\/wp-json\/wp\/v2\/categories?post=37458"},{"taxonomy":"post_tag","embeddable":true,"href":"http:\/\/argentinamunicipal.com.ar\/argentina\/wp-json\/wp\/v2\/tags?post=37458"}],"curies":[{"name":"wp","href":"https:\/\/api.w.org\/{rel}","templated":true}]}}