{"id":37508,"date":"2015-10-16T12:31:18","date_gmt":"2015-10-16T15:31:18","guid":{"rendered":"http:\/\/argentinamunicipal.com.ar\/argentina\/?p=37508"},"modified":"2015-10-16T12:31:18","modified_gmt":"2015-10-16T15:31:18","slug":"entidades-de-parana-se-reunieron-por-el-proyecto-del-puente-parana-santa-fe","status":"publish","type":"post","link":"http:\/\/argentinamunicipal.com.ar\/argentina\/entidades-de-parana-se-reunieron-por-el-proyecto-del-puente-parana-santa-fe\/","title":{"rendered":"Entidades de Paran\u00e1 se reunieron por el proyecto del puente Paran\u00e1-Santa Fe"},"content":{"rendered":"<p><a href=\"http:\/\/argentinamunicipal.com.ar\/argentina\/wp-content\/uploads\/2015\/10\/o_1444942876.jpg\"><img loading=\"lazy\" decoding=\"async\" class=\"aligncenter  wp-image-37509\" src=\"http:\/\/argentinamunicipal.com.ar\/argentina\/wp-content\/uploads\/2015\/10\/o_1444942876.jpg\" alt=\"o_1444942876\" width=\"683\" height=\"384\" srcset=\"http:\/\/argentinamunicipal.com.ar\/argentina\/wp-content\/uploads\/2015\/10\/o_1444942876.jpg 800w, http:\/\/argentinamunicipal.com.ar\/argentina\/wp-content\/uploads\/2015\/10\/o_1444942876-300x169.jpg 300w\" sizes=\"auto, (max-width: 683px) 100vw, 683px\" \/><\/a><br \/>\n\u00abPusimos algunos puntos en claro, con respecto a nuestra posici\u00f3n como paranaenses en relaci\u00f3n al proyecto del puente\u00bb, afirm\u00f3 a Elonce TV la presidenta municipal de Paran\u00e1. Participaron empresarios, funcionarios y entidades<\/p>\n<p>Se reuni\u00f3 esta ma\u00f1ana en la Casa de la Costa, el Foro \u00abParan\u00e1 entre todos\u00bb. En el encuentro convocado por la intendenta Blanca Osuna y su candidato a vice intendente, Mart\u00edn Uranga, participaron distintas instituciones de la ciudad y abordaron los avances que surgieron en relaci\u00f3n al proyecto de nueva conexi\u00f3n f\u00edsica Paran\u00e1-Santa Fe.<\/p>\n<p>En la reuni\u00f3n se generaron nuevos aportes a los estudios y las trazas del mismo. Pero adem\u00e1s, la intendenta Blanca Osuna, dijo a Elonce TV que \u00abeste \u00e1mbito est\u00e1 constituido para relevar diversas cuestiones de la ciudad, como el turismo, el desarrollo, las inversiones crecientes que llegan a Paran\u00e1, y otros temas\u00bb.<\/p>\n<p>En la Casa de la Costa se consensuaron posiciones y definiciones de los intereses generales de Paran\u00e1, en relaci\u00f3n a la traza y a las caracter\u00edsticas de esta obra.<\/p>\n<p>\u00abNos encontramos en este foro con empresarios, referentes de organizaciones, c\u00e1maras productivas locales y otras entidades, con las cuales se dialoga acerca del puente Paran\u00e1 ? Santa Fe y se trata de obra p\u00fablica que transforma el \u00e1rea metropolitana en la que vivimos\u00bb, dijo Osuna y luego destac\u00f3 en di\u00e1logo con Elonce TV que \u00abestamos muy orgullosos, porque convocamos y todos llegan para tener un di\u00e1logo responsable y honesto; y en ese marco, pusimos algunos puntos en claro con respecto a nuestra posici\u00f3n como paranaenses en relaci\u00f3n al proyecto del puente\u00bb.<\/p>\n<p>Participaron el presidente de la Uni\u00f3n Industrial de Entre R\u00edos, Antonio Caramagna; el presidente de la Bolsa de Comercio de Entre R\u00edos, Alcides Bala; representantes del Colegio de Arquitectos de Entre R\u00edos, del Consejo Empresario, Polo Tecnol\u00f3gico, UTN, UNER, UOCRA, Consejo de Ciencias Econ\u00f3micas, la Corporaci\u00f3n para el Desarrollo, Centro Comercial e Industrial, Puertos y V\u00edas Navegables, Prefectura e INTA, adem\u00e1s de funcionarios provinciales y locales.<\/p>\n<p>Asimismo, la presidenta municipal de Paran\u00e1, explic\u00f3 que \u00abcomo paranaenses nos interesa que el puente con Santa Fe, beneficie, contribuya y refuerce el desarrollo de ciudad\u00bb. Adem\u00e1s, sostuvo que pese a que a\u00fan no se defini\u00f3 la traza del proyecto, \u00abnosotros queremos dar nuestra opini\u00f3n y que las voces de estos actores que se re\u00fanen aqu\u00ed puedan ser escuchadas\u00bb.<\/p>\n<p><strong>El enlace f\u00edsico<\/strong><\/p>\n<p>El enlace f\u00edsico Paran\u00e1 Santa Fe es una obra estructural al servicio de un corredor bioce\u00e1nico con origen y destino fuera de la regi\u00f3n centro en ambas cuencas oce\u00e1nicas y que requiere la obra del nuevo enlace Paran\u00e1 Santa Fe y el cruce transcordillerano de Agua Negra. La obra debe servir para canalizar ese tr\u00e1nsito cuya composici\u00f3n es de veh\u00edculos de gran porte. El nuevo enlace ser\u00e1 una nueva alternativa del t\u00fanel subfluvial.<\/p>\n<p>El enlace territorial vincular\u00e1 ciudades, \u00e1reas y permitir\u00e1 una sinergia entre las actividades productivas, industriales y comerciales de la regi\u00f3n.<\/p>\n<h6>Fuente: El Once<\/h6>\n","protected":false},"excerpt":{"rendered":"<p>\u00abPusimos algunos puntos en claro, con respecto a nuestra posici\u00f3n como paranaenses en relaci\u00f3n al proyecto del puente\u00bb, afirm\u00f3 a Elonce TV la presidenta municipal de Paran\u00e1. Participaron empresarios, funcionarios y entidades Se reuni\u00f3 esta ma\u00f1ana en la Casa de la Costa, el Foro \u00abParan\u00e1 entre todos\u00bb. En el encuentro convocado por la intendenta Blanca<\/p>\n","protected":false},"author":2,"featured_media":37509,"comment_status":"closed","ping_status":"closed","sticky":false,"template":"","format":"standard","meta":{"footnotes":""},"categories":[2],"tags":[17,10],"class_list":["post-37508","post","type-post","status-publish","format-standard","has-post-thumbnail","hentry","category-informe-municipal","tag-entre-rios","tag-santa-fe"],"_links":{"self":[{"href":"http:\/\/argentinamunicipal.com.ar\/argentina\/wp-json\/wp\/v2\/posts\/37508","targetHints":{"allow":["GET"]}}],"collection":[{"href":"http:\/\/argentinamunicipal.com.ar\/argentina\/wp-json\/wp\/v2\/posts"}],"about":[{"href":"http:\/\/argentinamunicipal.com.ar\/argentina\/wp-json\/wp\/v2\/types\/post"}],"author":[{"embeddable":true,"href":"http:\/\/argentinamunicipal.com.ar\/argentina\/wp-json\/wp\/v2\/users\/2"}],"replies":[{"embeddable":true,"href":"http:\/\/argentinamunicipal.com.ar\/argentina\/wp-json\/wp\/v2\/comments?post=37508"}],"version-history":[{"count":0,"href":"http:\/\/argentinamunicipal.com.ar\/argentina\/wp-json\/wp\/v2\/posts\/37508\/revisions"}],"wp:featuredmedia":[{"embeddable":true,"href":"http:\/\/argentinamunicipal.com.ar\/argentina\/wp-json\/wp\/v2\/media\/37509"}],"wp:attachment":[{"href":"http:\/\/argentinamunicipal.com.ar\/argentina\/wp-json\/wp\/v2\/media?parent=37508"}],"wp:term":[{"taxonomy":"category","embeddable":true,"href":"http:\/\/argentinamunicipal.com.ar\/argentina\/wp-json\/wp\/v2\/categories?post=37508"},{"taxonomy":"post_tag","embeddable":true,"href":"http:\/\/argentinamunicipal.com.ar\/argentina\/wp-json\/wp\/v2\/tags?post=37508"}],"curies":[{"name":"wp","href":"https:\/\/api.w.org\/{rel}","templated":true}]}}