{"id":3763,"date":"2014-03-13T18:32:19","date_gmt":"2014-03-13T21:32:19","guid":{"rendered":"http:\/\/argentinamunicipal.com.ar\/argentina\/?p=3763"},"modified":"2014-03-13T18:34:13","modified_gmt":"2014-03-13T21:34:13","slug":"la-quiaca-sigue-sin-resolverse-el-conflicto-en-el-concejo","status":"publish","type":"post","link":"http:\/\/argentinamunicipal.com.ar\/argentina\/la-quiaca-sigue-sin-resolverse-el-conflicto-en-el-concejo\/","title":{"rendered":"La Quiaca: Sigue sin resolverse el conflicto en el Concejo"},"content":{"rendered":"<p><a href=\"http:\/\/argentinamunicipal.com.ar\/argentina\/wp-content\/uploads\/2014\/03\/city-tour-laquiaca-04.jpg\"><img loading=\"lazy\" decoding=\"async\" class=\"alignleft  wp-image-3840\" alt=\"city-tour-laquiaca-04\" src=\"http:\/\/argentinamunicipal.com.ar\/argentina\/wp-content\/uploads\/2014\/03\/city-tour-laquiaca-04.jpg\" width=\"404\" height=\"277\" srcset=\"http:\/\/argentinamunicipal.com.ar\/argentina\/wp-content\/uploads\/2014\/03\/city-tour-laquiaca-04.jpg 505w, http:\/\/argentinamunicipal.com.ar\/argentina\/wp-content\/uploads\/2014\/03\/city-tour-laquiaca-04-300x205.jpg 300w\" sizes=\"auto, (max-width: 404px) 100vw, 404px\" \/><\/a>Aunque hubo un pronunciamiento judicial, el parlamento quiaque\u00f1o se encuentra en virtual acefal\u00eda.<\/p>\n<p>La situaci\u00f3n del Concejo Deliberante de esta ciudad a\u00fan no tiene soluci\u00f3n definitiva.<\/p>\n<p>Cabe mencionar que el conflicto se judicializ\u00f3 cuando el electo edil del Frente Unidos y Organizados, Miguel Tito present\u00f3 una medida cautelar, que la justicia hizo lugar reconociendo como concejales a Valeria Brajeda, Alejandra El\u00edas y Luisa Guti\u00e9rrez, pero no as\u00ed anteriormente a las nombradas autoridades del cuerpo.<\/p>\n<p>Por tal motivo, el deliberativo se encuentra en virtual acefal\u00eda. Hubo una audiencia conciliatoria durante los \u00faltimos d\u00edas de febrero entre las partes involucradas, sin que hasta el momento pueda avizorarse una soluci\u00f3n al conflicto.<\/p>\n<p>En tal sentido la edil Guti\u00e9rrez manifest\u00f3 que \u00aben un sistema republicano debe existir la divisi\u00f3n de poderes, si alguno de los desaparece caer\u00edamos en una anarqu\u00eda. Al no encontrar una soluci\u00f3n en la audiencia conciliatoria realic\u00e9 una presentaci\u00f3n ante la jueza Mar\u00eda Silvia Bernal que entiende en la causa, para que se retome cuanto antes el normal funcionamiento del concejo, de ese modo instalar la institucionalidad nuevamente en La Quiaca\u00bb, afirm\u00f3. Por otra parte a\u00f1adi\u00f3 que \u00absi se suspende al deliberante el pueblo queda privado de sus representantes, el intendente podr\u00e1 gobernar por decreto y sin control, lo que es peor existe un grave riesgo de acefal\u00eda total si algo le ocurre al jefe comunal. La medida cautelar afecta enormemente el trabajo que vengo realizando desde mi banca porque siempre ejerc\u00ed un control estricto al ejecutivo, as\u00ed lo demuestran las numerosas denuncias ante los medios, no pertenezco a las filas del intendente, tampoco soy su aliada\u00bb, enfatiz\u00f3.<\/p>\n<p>Tambi\u00e9n record\u00f3 a la poblaci\u00f3n fronteriza que la justicia solamente debe resolver la validez o nulidad de la sesi\u00f3n del pasado 11 de diciembre, \u00abno otras cuestiones que Miguel Tito expresa por medios locales v\u00eda telef\u00f3nica desde la capital provincial\u00bb. Agreg\u00f3 que \u00absi hoy el Concejo se encuentra reducido a tres miembros es por razones de fuerza mayor, ya que dos concejales se encuentran suspendidos por cometer grav\u00edsimas irregularidades, y el tercero se niega a asumir\u00bb. Por \u00faltimo se\u00f1al\u00f3 que \u00abel hecho de que seamos solo tres, no tiene nada de malo, ni puede invalidar nuestras acciones, hay precedentes donde otras concejal\u00edas funcionan con tres miembros, y sancionan las ordenanzas con el voto positivo de solo dos. El principal promotor de esta acci\u00f3n de amparo es Miguel Tito, fue quien gener\u00f3 todas esta crisis institucional, recordemos el fue electo pero nunca asumi\u00f3, no vive ac\u00e1 desde hace 15 a\u00f1os y poco le importa c\u00f3mo vivimos los quiaque\u00f1os\u00bb, enfatiz\u00f3 al concluir.<\/p>\n<h6>Fuente: El Tribuno, Jujuy<\/h6>\n","protected":false},"excerpt":{"rendered":"<p>Aunque hubo un pronunciamiento judicial, el parlamento quiaque\u00f1o se encuentra en virtual acefal\u00eda. La situaci\u00f3n del Concejo Deliberante de esta ciudad a\u00fan no tiene soluci\u00f3n definitiva. Cabe mencionar que el conflicto se judicializ\u00f3 cuando el electo edil del Frente Unidos y Organizados, Miguel Tito present\u00f3 una medida cautelar, que la justicia hizo lugar reconociendo como<\/p>\n","protected":false},"author":2,"featured_media":3840,"comment_status":"closed","ping_status":"closed","sticky":false,"template":"","format":"standard","meta":{"footnotes":""},"categories":[4],"tags":[25],"class_list":["post-3763","post","type-post","status-publish","format-standard","has-post-thumbnail","hentry","category-informe-politico","tag-jujuy"],"_links":{"self":[{"href":"http:\/\/argentinamunicipal.com.ar\/argentina\/wp-json\/wp\/v2\/posts\/3763","targetHints":{"allow":["GET"]}}],"collection":[{"href":"http:\/\/argentinamunicipal.com.ar\/argentina\/wp-json\/wp\/v2\/posts"}],"about":[{"href":"http:\/\/argentinamunicipal.com.ar\/argentina\/wp-json\/wp\/v2\/types\/post"}],"author":[{"embeddable":true,"href":"http:\/\/argentinamunicipal.com.ar\/argentina\/wp-json\/wp\/v2\/users\/2"}],"replies":[{"embeddable":true,"href":"http:\/\/argentinamunicipal.com.ar\/argentina\/wp-json\/wp\/v2\/comments?post=3763"}],"version-history":[{"count":0,"href":"http:\/\/argentinamunicipal.com.ar\/argentina\/wp-json\/wp\/v2\/posts\/3763\/revisions"}],"wp:featuredmedia":[{"embeddable":true,"href":"http:\/\/argentinamunicipal.com.ar\/argentina\/wp-json\/wp\/v2\/media\/3840"}],"wp:attachment":[{"href":"http:\/\/argentinamunicipal.com.ar\/argentina\/wp-json\/wp\/v2\/media?parent=3763"}],"wp:term":[{"taxonomy":"category","embeddable":true,"href":"http:\/\/argentinamunicipal.com.ar\/argentina\/wp-json\/wp\/v2\/categories?post=3763"},{"taxonomy":"post_tag","embeddable":true,"href":"http:\/\/argentinamunicipal.com.ar\/argentina\/wp-json\/wp\/v2\/tags?post=3763"}],"curies":[{"name":"wp","href":"https:\/\/api.w.org\/{rel}","templated":true}]}}