{"id":37640,"date":"2015-10-20T09:06:29","date_gmt":"2015-10-20T12:06:29","guid":{"rendered":"http:\/\/argentinamunicipal.com.ar\/argentina\/?p=37640"},"modified":"2015-10-20T09:06:29","modified_gmt":"2015-10-20T12:06:29","slug":"monte-buey-aprobo-duplicar-su-ejido-urbano","status":"publish","type":"post","link":"http:\/\/argentinamunicipal.com.ar\/argentina\/monte-buey-aprobo-duplicar-su-ejido-urbano\/","title":{"rendered":"Monte Buey aprob\u00f3 duplicar su ejido urbano"},"content":{"rendered":"<p><a href=\"http:\/\/argentinamunicipal.com.ar\/argentina\/wp-content\/uploads\/2015\/10\/img-inicial.jpg\"><img loading=\"lazy\" decoding=\"async\" class=\"alignleft size-full wp-image-37641\" src=\"http:\/\/argentinamunicipal.com.ar\/argentina\/wp-content\/uploads\/2015\/10\/img-inicial.jpg\" alt=\"img-inicial\" width=\"478\" height=\"180\" srcset=\"http:\/\/argentinamunicipal.com.ar\/argentina\/wp-content\/uploads\/2015\/10\/img-inicial.jpg 478w, http:\/\/argentinamunicipal.com.ar\/argentina\/wp-content\/uploads\/2015\/10\/img-inicial-300x113.jpg 300w\" sizes=\"auto, (max-width: 478px) 100vw, 478px\" \/><\/a>El Concejo Deliberante de Monte Buey aprob\u00f3 el proyecto enviado por el Departamento Ejecutivo para duplicar el ejido urbano de la localidad e incorporar el terreno donde se instalar\u00e1 el futuro Parque Industrial.<\/p>\n<p>La ordenanza se enviar\u00e1 con la documentaci\u00f3n que respalda la respectiva solicitud a la Legislatura provincial.<\/p>\n<p>El intendente Edwin Riva envi\u00f3 el proyecto al Concejo luego de realizar un relevamiento del ejido urbano actual y las posibilidades de expandirlo. Cont\u00f3 con el asesoramiento de t\u00e9cnicos en la materia, quienes adem\u00e1s documentaron el pedido de cada uno de los sectores.<\/p>\n<p>El ejido urbano actual de la localidad supera las 800 hect\u00e1reas. Sin embargo, quedan numerosas parcelas partidas por los l\u00edmites que deber\u00edan estar integradas en su totalidad. Adem\u00e1s se prev\u00e9 incluir en el nuevo al predio donde comenzar\u00e1n las obras para radicar el Parque Industrial de Monte Buey.<\/p>\n<p>La modificaci\u00f3n que se envi\u00f3 al Concejo y aprob\u00f3 por mayor\u00eda cuenta con dos \u201cpol\u00edgonos\u201d. El que abarca el \u00e1rea urbana tiene una superficie de mil seiscientas diecisiete hect\u00e1reas con seiscientos noventa y un metros cuadrados\u201d. Y el de Balneario La Boca es de cinco hect\u00e1reas, dos mil cuatrocientos noventa y un m2.<\/p>\n<h6>Fuente: La Ma\u00f1ana de C\u00f3rdoba<\/h6>\n","protected":false},"excerpt":{"rendered":"<p>El Concejo Deliberante de Monte Buey aprob\u00f3 el proyecto enviado por el Departamento Ejecutivo para duplicar el ejido urbano de la localidad e incorporar el terreno donde se instalar\u00e1 el futuro Parque Industrial. La ordenanza se enviar\u00e1 con la documentaci\u00f3n que respalda la respectiva solicitud a la Legislatura provincial. El intendente Edwin Riva envi\u00f3 el<\/p>\n","protected":false},"author":2,"featured_media":37641,"comment_status":"closed","ping_status":"closed","sticky":false,"template":"","format":"standard","meta":{"footnotes":""},"categories":[2],"tags":[3],"class_list":["post-37640","post","type-post","status-publish","format-standard","has-post-thumbnail","hentry","category-informe-municipal","tag-cordoba"],"_links":{"self":[{"href":"http:\/\/argentinamunicipal.com.ar\/argentina\/wp-json\/wp\/v2\/posts\/37640","targetHints":{"allow":["GET"]}}],"collection":[{"href":"http:\/\/argentinamunicipal.com.ar\/argentina\/wp-json\/wp\/v2\/posts"}],"about":[{"href":"http:\/\/argentinamunicipal.com.ar\/argentina\/wp-json\/wp\/v2\/types\/post"}],"author":[{"embeddable":true,"href":"http:\/\/argentinamunicipal.com.ar\/argentina\/wp-json\/wp\/v2\/users\/2"}],"replies":[{"embeddable":true,"href":"http:\/\/argentinamunicipal.com.ar\/argentina\/wp-json\/wp\/v2\/comments?post=37640"}],"version-history":[{"count":0,"href":"http:\/\/argentinamunicipal.com.ar\/argentina\/wp-json\/wp\/v2\/posts\/37640\/revisions"}],"wp:featuredmedia":[{"embeddable":true,"href":"http:\/\/argentinamunicipal.com.ar\/argentina\/wp-json\/wp\/v2\/media\/37641"}],"wp:attachment":[{"href":"http:\/\/argentinamunicipal.com.ar\/argentina\/wp-json\/wp\/v2\/media?parent=37640"}],"wp:term":[{"taxonomy":"category","embeddable":true,"href":"http:\/\/argentinamunicipal.com.ar\/argentina\/wp-json\/wp\/v2\/categories?post=37640"},{"taxonomy":"post_tag","embeddable":true,"href":"http:\/\/argentinamunicipal.com.ar\/argentina\/wp-json\/wp\/v2\/tags?post=37640"}],"curies":[{"name":"wp","href":"https:\/\/api.w.org\/{rel}","templated":true}]}}