{"id":37651,"date":"2015-10-20T09:24:57","date_gmt":"2015-10-20T12:24:57","guid":{"rendered":"http:\/\/argentinamunicipal.com.ar\/argentina\/?p=37651"},"modified":"2015-10-20T09:24:57","modified_gmt":"2015-10-20T12:24:57","slug":"la-tarjeta-sube-ya-esta-en-santa-fe-y-a-finales-de-octubre-arrancara-el-tren-urbano","status":"publish","type":"post","link":"http:\/\/argentinamunicipal.com.ar\/argentina\/la-tarjeta-sube-ya-esta-en-santa-fe-y-a-finales-de-octubre-arrancara-el-tren-urbano\/","title":{"rendered":"La tarjeta Sube ya est\u00e1 en Santa Fe\u00a0y, a finales de octubre, arrancar\u00e1 el Tren Urbano"},"content":{"rendered":"<p><a href=\"http:\/\/argentinamunicipal.com.ar\/argentina\/wp-content\/uploads\/2015\/10\/Tren1JMB.jpg_973718260.jpg\"><img loading=\"lazy\" decoding=\"async\" class=\"aligncenter  wp-image-37652\" src=\"http:\/\/argentinamunicipal.com.ar\/argentina\/wp-content\/uploads\/2015\/10\/Tren1JMB.jpg_973718260.jpg\" alt=\"Tren1JMB.jpg_973718260\" width=\"712\" height=\"496\" srcset=\"http:\/\/argentinamunicipal.com.ar\/argentina\/wp-content\/uploads\/2015\/10\/Tren1JMB.jpg_973718260.jpg 789w, http:\/\/argentinamunicipal.com.ar\/argentina\/wp-content\/uploads\/2015\/10\/Tren1JMB.jpg_973718260-300x209.jpg 300w\" sizes=\"auto, (max-width: 712px) 100vw, 712px\" \/><\/a><br \/>\nCon la presencia del secretario de Transporte de la Naci\u00f3n, este lunes se puso en marcha el sistema para el transporte p\u00fablico. Adem\u00e1s, todo est\u00e1 listo para que comience a operar el tren. La semana que viene se instalar\u00e1 el equipamiento y tambi\u00e9n tendr\u00e1 la tarjeta Sube<\/p>\n<p>El hall de la Municipalidad fue el escenario donde el intendente de la ciudad, Jos\u00e9 Corral, y el secretario de Transporte de la Naci\u00f3n, Alejandro Ramos, habilitaron de manera formal el Sistema \u00danico de Boleto Electr\u00f3nico (Sube) para la ciudad. En la ocasi\u00f3n le entregaron de manera simb\u00f3lica una tarjeta a un jubilado, a una empleada dom\u00e9stica registrada y a una beneficiaria de la Asignaci\u00f3n Universal por Hijo.<\/p>\n<p>Luego los funcionarios junto a los beneficiarios, se dirigieron hasta la explanada del Palacio Municipal donde hab\u00eda cuatro coches del transporte p\u00fablico y pudieron comprobar c\u00f3mo funcionar\u00e1. Adem\u00e1s, el mandatario local confirm\u00f3 que la semana que viene todos los colectivos tendr\u00e1n el equipamiento colocado, y luego se instalar\u00e1 en las unidades del Tren Urbano para que \u201cantes de fin de mes comience a operar\u201d, dijo.<\/p>\n<p>Vale resaltar que si bien comenzar\u00e1 a funcionar hoy de manera formal la Sube, ayer unas mil personas ya hicieron el tr\u00e1mite para comenzar a utilizarla. De todas maneras su implementaci\u00f3n ser\u00e1 de manera progresiva y el pr\u00f3ximo lunes el ciento por ciento de las unidades tendr\u00e1n las m\u00e1quinas instaladas y operativas.<\/p>\n<p>El intendente destac\u00f3 la importancia de la implementaci\u00f3n de esta tarjeta en la ciudad, la primera de la provincia de Santa Fe que pone en marcha el sistema. \u201cDesde que se anunci\u00f3 a nivel nacional nos pareci\u00f3 que era una muy buena idea para que funcione en la ciudad. Se hizo un trabajo intenso, se tiene que instalar un equipamiento en los colectivos, y gestiones que permitieron que lleguemos a esta instancia y a decir que la semana que viene todos los coches tendr\u00e1n las m\u00e1quinas colocadas\u201d, cont\u00f3 Corral.<\/p>\n<p>Volvi\u00f3 a reiterar que los primeros que deber\u00e1n acercarse a hacer el tr\u00e1mite son los beneficiarios de programa nacionales como los jubilados y pensionados, las empleadas dom\u00e9sticas registradas, los que perciben la asignaci\u00f3n universal y por embarazo, los del programa jefes de hogar y los del plan Progresar. Para tal fin, se habilitaron lugares espec\u00edficos y tendr\u00e1n que ir munidos con el DNI para vincularlo con la tarjeta. Para el resto de la poblaci\u00f3n hay seis meses de convivencia de la Sube con la tarjeta com\u00fan, por lo que no hay que apurarse\u201d, agreg\u00f3.<\/p>\n<p>Por su parte, Alejandro Ramos anticip\u00f3 que la intenci\u00f3n del Gobierno Nacional es que la tarjeta Sube se implemente en todo el pa\u00eds. \u201cQueremos mejorar la calidad del transporte para cada uno de los usuarios, pero tambi\u00e9n que tenga un uso eficiente y hacer los controles desde el Estado en relaci\u00f3n a los subsidios a los cuales hace frente. Eso nos va a permitir planificar en funci\u00f3n de datos\u201d, manifest\u00f3. Luego calific\u00f3 al sistema como revolucionario porque \u201ctiene un criterio federal ya que empez\u00f3 en Buenos Aires y se fue replicando en muchos lugares del pa\u00eds y llegamos a Santa Fe\u201d, dijo y agreg\u00f3: \u201cDe esta manera podemos controlar y planificar mejor el transporte\u201d.<\/p>\n<p><strong>Cuenta regresiva<\/strong><\/p>\n<p>Ante la consulta, sobre la puesta en marcha del Tren Urbano en la ciudad, Jos\u00e9 Corral dijo: \u201cEstamos con los \u00faltimos ajustes. La semana pasada termin\u00f3 la obra de se\u00f1alizaci\u00f3n. Se hicieron algunas pruebas desde las \u00e1reas t\u00e9cnicas del municipio y anduvo muy bien. Entonces en los pr\u00f3ximos d\u00edas comenzar\u00e1 a operar. Despu\u00e9s de la implementaci\u00f3n de todas las m\u00e1quinas en los colectivos, lo vamos a instalar en el tren y antes de fin de mes arrancar\u00e1. Son nada menos que cuatro kil\u00f3metros, un buen trecho de la ciudad de norte a sur y viceversa, entonces miles de usuarios lo van a aprovechar y adem\u00e1s con la Sube. El transporte p\u00fablico tiene que seguir mejorando porque es la mejor manera de que nos movamos en la ciudad\u201d.<\/p>\n<h6>Fuente: Uno, Santa Fe<\/h6>\n","protected":false},"excerpt":{"rendered":"<p>Con la presencia del secretario de Transporte de la Naci\u00f3n, este lunes se puso en marcha el sistema para el transporte p\u00fablico. Adem\u00e1s, todo est\u00e1 listo para que comience a operar el tren. La semana que viene se instalar\u00e1 el equipamiento y tambi\u00e9n tendr\u00e1 la tarjeta Sube El hall de la Municipalidad fue el escenario<\/p>\n","protected":false},"author":2,"featured_media":37652,"comment_status":"closed","ping_status":"closed","sticky":false,"template":"","format":"standard","meta":{"footnotes":""},"categories":[2],"tags":[10],"class_list":["post-37651","post","type-post","status-publish","format-standard","has-post-thumbnail","hentry","category-informe-municipal","tag-santa-fe"],"_links":{"self":[{"href":"http:\/\/argentinamunicipal.com.ar\/argentina\/wp-json\/wp\/v2\/posts\/37651","targetHints":{"allow":["GET"]}}],"collection":[{"href":"http:\/\/argentinamunicipal.com.ar\/argentina\/wp-json\/wp\/v2\/posts"}],"about":[{"href":"http:\/\/argentinamunicipal.com.ar\/argentina\/wp-json\/wp\/v2\/types\/post"}],"author":[{"embeddable":true,"href":"http:\/\/argentinamunicipal.com.ar\/argentina\/wp-json\/wp\/v2\/users\/2"}],"replies":[{"embeddable":true,"href":"http:\/\/argentinamunicipal.com.ar\/argentina\/wp-json\/wp\/v2\/comments?post=37651"}],"version-history":[{"count":0,"href":"http:\/\/argentinamunicipal.com.ar\/argentina\/wp-json\/wp\/v2\/posts\/37651\/revisions"}],"wp:featuredmedia":[{"embeddable":true,"href":"http:\/\/argentinamunicipal.com.ar\/argentina\/wp-json\/wp\/v2\/media\/37652"}],"wp:attachment":[{"href":"http:\/\/argentinamunicipal.com.ar\/argentina\/wp-json\/wp\/v2\/media?parent=37651"}],"wp:term":[{"taxonomy":"category","embeddable":true,"href":"http:\/\/argentinamunicipal.com.ar\/argentina\/wp-json\/wp\/v2\/categories?post=37651"},{"taxonomy":"post_tag","embeddable":true,"href":"http:\/\/argentinamunicipal.com.ar\/argentina\/wp-json\/wp\/v2\/tags?post=37651"}],"curies":[{"name":"wp","href":"https:\/\/api.w.org\/{rel}","templated":true}]}}