{"id":37654,"date":"2015-10-20T09:27:52","date_gmt":"2015-10-20T12:27:52","guid":{"rendered":"http:\/\/argentinamunicipal.com.ar\/argentina\/?p=37654"},"modified":"2015-10-20T09:27:52","modified_gmt":"2015-10-20T12:27:52","slug":"santo-tome-reclamo-una-deuda-millonaria-a-la-provincia","status":"publish","type":"post","link":"http:\/\/argentinamunicipal.com.ar\/argentina\/santo-tome-reclamo-una-deuda-millonaria-a-la-provincia\/","title":{"rendered":"Santo Tom\u00e9 reclam\u00f3 una deuda millonaria a la provincia"},"content":{"rendered":"<p><a href=\"http:\/\/argentinamunicipal.com.ar\/argentina\/wp-content\/uploads\/2015\/10\/palo-oliver.jpg_973718260.jpg\"><img loading=\"lazy\" decoding=\"async\" class=\"aligncenter  wp-image-37655\" src=\"http:\/\/argentinamunicipal.com.ar\/argentina\/wp-content\/uploads\/2015\/10\/palo-oliver.jpg_973718260.jpg\" alt=\"palo-oliver.jpg_973718260\" width=\"686\" height=\"478\" srcset=\"http:\/\/argentinamunicipal.com.ar\/argentina\/wp-content\/uploads\/2015\/10\/palo-oliver.jpg_973718260.jpg 789w, http:\/\/argentinamunicipal.com.ar\/argentina\/wp-content\/uploads\/2015\/10\/palo-oliver.jpg_973718260-300x209.jpg 300w\" sizes=\"auto, (max-width: 686px) 100vw, 686px\" \/><\/a><br \/>\nEl intendente de Santo Tom\u00e9, Fabi\u00e1n Palo Oliver, interpuso un reclamo administrativo formal ante el gobierno de la provincia reclamando el cumplimiento del pago de $15.188.851,49 adeudados al Estado municipal por distintos conceptos.<\/p>\n<p>En referencia a la presentaci\u00f3n, Palo Oliver explic\u00f3: \u201cLo que estamos haciendo es defender el inter\u00e9s de todos los santotomesinos y el presupuesto municipal. Se nos ha ocasionado un perjuicio importante porque es un dinero que est\u00e1 presupuestado y hay compromisos con proveedores que no podemos afrontar producto de esta situaci\u00f3n\u201d.<\/p>\n<p>\u201cEn caso de que no recibamos la respuesta favorable en el plano administrativo, no tendremos m\u00e1s remedio que recurrir a la Justicia\u201d, sostuvo el mandatario.<\/p>\n<p>M\u00e1s adelante, consider\u00f3: \u201cNadie deber\u00eda enojarse con esta situaci\u00f3n porque lo \u00fanico que estamos haciendo es defender los intereses de la ciudad\u201d.<\/p>\n<p>\u201cEn su momento, la provincia entabl\u00f3 demanda contra el Estado santotomesino por una deuda que gestiones anteriores hab\u00edan generado con la Caja de Jubilaciones. Nosotros honramos esa deuda y la afrontamos. Ahora le toca al Estado municipal asumir el rol de exigir para preservar los derechos de todos los santotomesinos\u201d, concluy\u00f3.<\/p>\n<p>Seg\u00fan se detalla en la mencionada nota, la deuda de la Provincia con la Municipalidad de Santo Tom\u00e9 se compone de los siguientes \u00edtems:<\/p>\n<p>Programa de Intervenci\u00f3n Integral en Barrios (Plan Abre), $4.522.010,82; R\u00e9gimen de Coparticipaci\u00f3n de Impuestos Nacionales y de Impuestos sobre los Ingresos Brutos, Ejercicio 2014, $3.722.037; Fondo de Financiamiento Educativo: $6.300.000; Fondos de Obras Menores 2014, $ 644.803,67.<\/p>\n<p>En la nota se destac\u00f3 que todas las sumas reclamadas est\u00e1n establecidas por ley y se encuentran vencidas y exigibles al d\u00eda de la fecha.<\/p>\n<h6>Fuente: Uno, Santa Fe<\/h6>\n","protected":false},"excerpt":{"rendered":"<p>El intendente de Santo Tom\u00e9, Fabi\u00e1n Palo Oliver, interpuso un reclamo administrativo formal ante el gobierno de la provincia reclamando el cumplimiento del pago de $15.188.851,49 adeudados al Estado municipal por distintos conceptos. En referencia a la presentaci\u00f3n, Palo Oliver explic\u00f3: \u201cLo que estamos haciendo es defender el inter\u00e9s de todos los santotomesinos y el<\/p>\n","protected":false},"author":2,"featured_media":37655,"comment_status":"closed","ping_status":"closed","sticky":false,"template":"","format":"standard","meta":{"footnotes":""},"categories":[5],"tags":[10],"class_list":["post-37654","post","type-post","status-publish","format-standard","has-post-thumbnail","hentry","category-informe-economico","tag-santa-fe"],"_links":{"self":[{"href":"http:\/\/argentinamunicipal.com.ar\/argentina\/wp-json\/wp\/v2\/posts\/37654","targetHints":{"allow":["GET"]}}],"collection":[{"href":"http:\/\/argentinamunicipal.com.ar\/argentina\/wp-json\/wp\/v2\/posts"}],"about":[{"href":"http:\/\/argentinamunicipal.com.ar\/argentina\/wp-json\/wp\/v2\/types\/post"}],"author":[{"embeddable":true,"href":"http:\/\/argentinamunicipal.com.ar\/argentina\/wp-json\/wp\/v2\/users\/2"}],"replies":[{"embeddable":true,"href":"http:\/\/argentinamunicipal.com.ar\/argentina\/wp-json\/wp\/v2\/comments?post=37654"}],"version-history":[{"count":0,"href":"http:\/\/argentinamunicipal.com.ar\/argentina\/wp-json\/wp\/v2\/posts\/37654\/revisions"}],"wp:featuredmedia":[{"embeddable":true,"href":"http:\/\/argentinamunicipal.com.ar\/argentina\/wp-json\/wp\/v2\/media\/37655"}],"wp:attachment":[{"href":"http:\/\/argentinamunicipal.com.ar\/argentina\/wp-json\/wp\/v2\/media?parent=37654"}],"wp:term":[{"taxonomy":"category","embeddable":true,"href":"http:\/\/argentinamunicipal.com.ar\/argentina\/wp-json\/wp\/v2\/categories?post=37654"},{"taxonomy":"post_tag","embeddable":true,"href":"http:\/\/argentinamunicipal.com.ar\/argentina\/wp-json\/wp\/v2\/tags?post=37654"}],"curies":[{"name":"wp","href":"https:\/\/api.w.org\/{rel}","templated":true}]}}