{"id":37663,"date":"2015-10-20T09:42:36","date_gmt":"2015-10-20T12:42:36","guid":{"rendered":"http:\/\/argentinamunicipal.com.ar\/argentina\/?p=37663"},"modified":"2015-10-20T09:42:36","modified_gmt":"2015-10-20T12:42:36","slug":"avances-por-el-puente-entre-parana-santa-fe","status":"publish","type":"post","link":"http:\/\/argentinamunicipal.com.ar\/argentina\/avances-por-el-puente-entre-parana-santa-fe\/","title":{"rendered":"Avances por el puente entre Paran\u00e1-Santa Fe"},"content":{"rendered":"<div id=\"attachment_37664\" style=\"width: 663px\" class=\"wp-caption aligncenter\"><a href=\"http:\/\/argentinamunicipal.com.ar\/argentina\/wp-content\/uploads\/2015\/10\/Puente.jpg_973718260.jpg\"><img loading=\"lazy\" decoding=\"async\" aria-describedby=\"caption-attachment-37664\" class=\" wp-image-37664\" src=\"http:\/\/argentinamunicipal.com.ar\/argentina\/wp-content\/uploads\/2015\/10\/Puente.jpg_973718260.jpg\" alt=\"Iniciativa. Pretenden que la mesa constituida logre los consensos para avanzar con el proyecto.\" width=\"653\" height=\"455\" srcset=\"http:\/\/argentinamunicipal.com.ar\/argentina\/wp-content\/uploads\/2015\/10\/Puente.jpg_973718260.jpg 789w, http:\/\/argentinamunicipal.com.ar\/argentina\/wp-content\/uploads\/2015\/10\/Puente.jpg_973718260-300x209.jpg 300w\" sizes=\"auto, (max-width: 653px) 100vw, 653px\" \/><\/a><p id=\"caption-attachment-37664\" class=\"wp-caption-text\">Iniciativa. Pretenden que la mesa constituida logre los consensos para avanzar con el proyecto.<\/p><\/div>\n<p>Establecieron una Comisi\u00f3n de Apoyo de Paran\u00e1 para las definiciones sobre la nueva conexi\u00f3n. Acompa\u00f1ar\u00e1 a Vialidad Nacional<\/p>\n<p>Realizaron una nueva reuni\u00f3n del Foro de Infraestructura y Conectividad, convocado a fin de analizar los diversos aspectos que ata\u00f1en al enlace f\u00edsico Paran\u00e1-Santa Fe. Del encuentro participaron organismos p\u00fablicos, organizaciones y colegios profesionales entre otros. Con el objetivo de darle continuidad al trabajo realizado sobre el futuro puente, \u00a0conformaron una Comisi\u00f3n de Apoyo a la Unidad T\u00e9cnica \u00a0que lleva adelante el proyecto.<\/p>\n<p>Sobre el tema, la intendenta, Blanca Osuna, sostuvo que se trat\u00f3 de una reuni\u00f3n para darle continuidad al proceso de trabajo iniciado tiempo atr\u00e1s con relaci\u00f3n a una obra p\u00fablica que transformar\u00e1 el \u00e1rea metropolitana de la ciudad. \u201cEntre R\u00edos tiene una historia de insularidad que ha tra\u00eddo muchas consecuencias nefastas, y el t\u00fanel subfluvial ha demostrado sus l\u00edmites en torno del volumen de comunicaci\u00f3n que nuestra regi\u00f3n, el pa\u00eds, y esta zona del Mercosur requieren\u201d, sostuvo.<\/p>\n<p>En su opini\u00f3n destac\u00f3 la necesidad de contar con otra v\u00eda que cruce el r\u00edo Paran\u00e1 y que permita activar y facilitar la conectividad regional. \u201cAdem\u00e1s, como paranaenses nos interesa saber que realmente beneficiar\u00e1 el desarrollo de la ciudad\u201d, aclar\u00f3 Osuna.<\/p>\n<p>Por su parte, el secretario de Planificaci\u00f3n municipal, Guillermo Federik, tambi\u00e9n se refiri\u00f3 a la magnitud de este puente: \u201cUna obra de tama\u00f1a envergadura e importancia debe ser equilibrada en los beneficios que redunden tanto para Paran\u00e1 como para Santa Fe. Se trata de un enlace ferrovial que vincular\u00e1 un corredor de exportaci\u00f3n subcontinental, que a su vez debe ser alternativo al t\u00fanel subfluvial\u201d.<\/p>\n<p>Seg\u00fan fue manifestado, la postura de la Municipalidad es que el nuevo enlace no interfiera en el desenvolvimiento de las actividades urbanas, y asimismo no est\u00e9 emplazado tan lejos de la capital del ejido para que sea una alternativa de conexi\u00f3n en el \u00e1rea metropolitana.<\/p>\n<p><strong>Novedades<\/strong><\/p>\n<p>Luego de las gestiones realizadas por Osuna ante la Direcci\u00f3n Nacional de Vialidad, se conform\u00f3 una Comisi\u00f3n de Apoyo a la Unidad T\u00e9cnica que lleva adelante el proyecto del puente.<\/p>\n<p>En esta nueva reuni\u00f3n del Foro se defini\u00f3 que la participaci\u00f3n de la Municipalidad en la comisi\u00f3n ser\u00e1 mixta. A propuesta de la intendenta de Paran\u00e1, un lugar ser\u00e1 ocupado por representantes del Foro Paran\u00e1 Entre Todos, y el otro por la comuna; as\u00ed habr\u00e1 un integrante por parte del Estado y otro de las fuerzas vivas locales. De este modo, durante las pr\u00f3ximas semanas, la comisi\u00f3n intervendr\u00e1 en las reuniones semanales en Buenos Aires, aportando los puntos de vista con el fin de arribar a un consenso en la definici\u00f3n de las trazas elegibles.<\/p>\n<p>Respecto del funcionamiento de la comisi\u00f3n, Federik destac\u00f3 que tendr\u00e1 como tarea incorporar en la planilla anal\u00edtica multicriterio \u2013que maneja actualmente Vialidad Nacional\u2013 factores que tienen que ver con el desarrollo urbano, con la inteligencia territorial y con las afectaciones a las poblaciones desde el punto de vista social.<\/p>\n<p>\u201cLas tres alternativas que hab\u00eda preseleccionado la consultora contratada por Vialidad \u2013record\u00f3\u2013 quedan en una suerte de stand by, hasta que esta Comisi\u00f3n de Apoyo incorpore estos nuevos puntos de vista, para que luego se seleccionen nuevamente tres alternativas que cuenten con el consenso de los actores locales\u201d, sostuvo Federik.<\/p>\n<p>Resalt\u00f3 tambi\u00e9n que la propuesta es que ninguna traza genere inconvenientes, interferencias o alteraciones en el desenvolvimiento de las actividades urbanas de la ciudad. \u201cPero tenemos la amplitud para considerar cualquier otra que no genere ese perjuicio. Del mismo modo pedimos la flexibilidad de Santa Fe. A nosotros no nos mueve ning\u00fan otro inter\u00e9s que no sea el leg\u00edtimo de la integraci\u00f3n urbana. Qued\u00f3 muy en claro que Entre R\u00edos y Paran\u00e1 manifiestan la importancia de continuar con los estudios avalando el proceso de Vialidad Nacional, pero tambi\u00e9n buscan que en esta mesa de apoyo se logren los consensos\u201d, agreg\u00f3.<\/p>\n<p>Esperan que para \u00a0fin de a\u00f1o se adopten las decisiones pertinentes para continuar con la segunda etapa del trabajo, que consiste en la elaboraci\u00f3n del proyecto ejecutivo y los pliegos licitatorios a fin de lograr la nueva conexi\u00f3n vial. Al momento, pretenden avanzar en este camino y lograr los consensos necesarios para conseguir el objetivo.<\/p>\n<p><strong>Integrantes del encuentro \u00a0<\/strong><\/p>\n<p>El encuentro fue coordinado por la intendenta, Blanca Osuna, y de \u00e9l participaron el presidente de la Uni\u00f3n Industrial de Entre R\u00edos, Antonio Caramagna; el titular de la Bolsa de Comercio de Entre R\u00edos, Alcides Balla; representantes del Colegio de Arquitectos de la provincia; el Consejo Empresario e Industrial; el Consejo de Ciencias Econ\u00f3micas; la Corporaci\u00f3n para el Desarrollo; el Centro Comercial e Industrial; Puertos y V\u00edas Navegables; Prefectura; la Universidad Nacional de Entre R\u00edos (UNER); la C\u00e1mara Empresaria del Transporte Automotor y del Sindicato de Dragado y Balizamiento.<\/p>\n<p>Adem\u00e1s, estuvieron presentes secretarios municipales y funcionarios provinciales entre otros actores.<\/p>\n<h6>Fuente: Uno,\u00a0Entre R\u00edos<\/h6>\n","protected":false},"excerpt":{"rendered":"<p>Establecieron una Comisi\u00f3n de Apoyo de Paran\u00e1 para las definiciones sobre la nueva conexi\u00f3n. Acompa\u00f1ar\u00e1 a Vialidad Nacional Realizaron una nueva reuni\u00f3n del Foro de Infraestructura y Conectividad, convocado a fin de analizar los diversos aspectos que ata\u00f1en al enlace f\u00edsico Paran\u00e1-Santa Fe. Del encuentro participaron organismos p\u00fablicos, organizaciones y colegios profesionales entre otros. Con<\/p>\n","protected":false},"author":2,"featured_media":37664,"comment_status":"closed","ping_status":"closed","sticky":false,"template":"","format":"standard","meta":{"footnotes":""},"categories":[1],"tags":[17,10],"class_list":["post-37663","post","type-post","status-publish","format-standard","has-post-thumbnail","hentry","category-sin-categoria","tag-entre-rios","tag-santa-fe"],"_links":{"self":[{"href":"http:\/\/argentinamunicipal.com.ar\/argentina\/wp-json\/wp\/v2\/posts\/37663","targetHints":{"allow":["GET"]}}],"collection":[{"href":"http:\/\/argentinamunicipal.com.ar\/argentina\/wp-json\/wp\/v2\/posts"}],"about":[{"href":"http:\/\/argentinamunicipal.com.ar\/argentina\/wp-json\/wp\/v2\/types\/post"}],"author":[{"embeddable":true,"href":"http:\/\/argentinamunicipal.com.ar\/argentina\/wp-json\/wp\/v2\/users\/2"}],"replies":[{"embeddable":true,"href":"http:\/\/argentinamunicipal.com.ar\/argentina\/wp-json\/wp\/v2\/comments?post=37663"}],"version-history":[{"count":0,"href":"http:\/\/argentinamunicipal.com.ar\/argentina\/wp-json\/wp\/v2\/posts\/37663\/revisions"}],"wp:featuredmedia":[{"embeddable":true,"href":"http:\/\/argentinamunicipal.com.ar\/argentina\/wp-json\/wp\/v2\/media\/37664"}],"wp:attachment":[{"href":"http:\/\/argentinamunicipal.com.ar\/argentina\/wp-json\/wp\/v2\/media?parent=37663"}],"wp:term":[{"taxonomy":"category","embeddable":true,"href":"http:\/\/argentinamunicipal.com.ar\/argentina\/wp-json\/wp\/v2\/categories?post=37663"},{"taxonomy":"post_tag","embeddable":true,"href":"http:\/\/argentinamunicipal.com.ar\/argentina\/wp-json\/wp\/v2\/tags?post=37663"}],"curies":[{"name":"wp","href":"https:\/\/api.w.org\/{rel}","templated":true}]}}