{"id":37701,"date":"2015-10-20T09:26:46","date_gmt":"2015-10-20T12:26:46","guid":{"rendered":"http:\/\/argentinamunicipal.com.ar\/argentina\/?p=37701"},"modified":"2015-10-20T10:30:57","modified_gmt":"2015-10-20T13:30:57","slug":"crece-en-neuquen-el-interes-por-elaborar-artesanias-de-origen-mapuche","status":"publish","type":"post","link":"http:\/\/argentinamunicipal.com.ar\/argentina\/crece-en-neuquen-el-interes-por-elaborar-artesanias-de-origen-mapuche\/","title":{"rendered":"Crece en Neuqu\u00e9n el inter\u00e9s por elaborar artesan\u00edas de origen mapuche"},"content":{"rendered":"<p><a href=\"http:\/\/argentinamunicipal.com.ar\/argentina\/wp-content\/uploads\/2015\/10\/artesanias_mapuches_nqn.jpg\"><img loading=\"lazy\" decoding=\"async\" class=\"alignright size-full wp-image-37702\" src=\"http:\/\/argentinamunicipal.com.ar\/argentina\/wp-content\/uploads\/2015\/10\/artesanias_mapuches_nqn.jpg\" alt=\"artesanias_mapuches_nqn\" width=\"465\" height=\"269\" srcset=\"http:\/\/argentinamunicipal.com.ar\/argentina\/wp-content\/uploads\/2015\/10\/artesanias_mapuches_nqn.jpg 465w, http:\/\/argentinamunicipal.com.ar\/argentina\/wp-content\/uploads\/2015\/10\/artesanias_mapuches_nqn-300x174.jpg 300w\" sizes=\"auto, (max-width: 465px) 100vw, 465px\" \/><\/a>En dos a\u00f1os se fortalecieron m\u00e1s de 40 talleres a cargo de Artesan\u00edas Neuquinas, la empresa del Estado que elabora dise\u00f1os con los pueblos originarios.<\/p>\n<p>La capacitaci\u00f3n y los talleres para elaborar artesan\u00edas mapuches cada vez generan m\u00e1s inter\u00e9s en la gente en alza en esta provincia, seg\u00fan indic\u00f3 la titular de Artesan\u00edas Neuquinas, Milva Piucill.<\/p>\n<p>La directora de la entidad explic\u00f3 que en dos a\u00f1os se realizaron m\u00e1s de 40 talleres de capacitaci\u00f3n, distribuidos por la zona sur, norte y centro, pero con el epicentro en Alumin\u00e9. En esa localidad hay m\u00e1s de una decena de comunidades mapuches.<\/p>\n<p>La empresa neuquina tiene la particularidad de ser la \u00fanica a nivel pa\u00eds dedicada a la comercializaci\u00f3n de la producci\u00f3n artesanal de las comunidades mapuches con certificaci\u00f3n de marca registrada.<br \/>\n\u00abLa b\u00fasqueda de promover el fortalecimiento y la recuperaci\u00f3n de t\u00e9cnicas artesanales, con talleres dentro de las comunidades, es lo que se pretende mantener\u00bb, explic\u00f3 Piucill.<\/p>\n<p>Los espacios de capacitaci\u00f3n y trabajo comunitario buscan diferentes prop\u00f3sitos, entre los que se destacan: sostener la actividad artesanal y cultural en el tiempo, revitalizar la cultura e identidad del pueblo mapuche y asegurar una producci\u00f3n sustentable e incluir m\u00e1s personas al mercado laboral artesanal.<\/p>\n<h6>Fuente: La Ma\u00f1ana Neuqu\u00e9n<\/h6>\n","protected":false},"excerpt":{"rendered":"<p>En dos a\u00f1os se fortalecieron m\u00e1s de 40 talleres a cargo de Artesan\u00edas Neuquinas, la empresa del Estado que elabora dise\u00f1os con los pueblos originarios. La capacitaci\u00f3n y los talleres para elaborar artesan\u00edas mapuches cada vez generan m\u00e1s inter\u00e9s en la gente en alza en esta provincia, seg\u00fan indic\u00f3 la titular de Artesan\u00edas Neuquinas, Milva<\/p>\n","protected":false},"author":2,"featured_media":37702,"comment_status":"closed","ping_status":"closed","sticky":false,"template":"","format":"standard","meta":{"footnotes":""},"categories":[2],"tags":[23],"class_list":["post-37701","post","type-post","status-publish","format-standard","has-post-thumbnail","hentry","category-informe-municipal","tag-neuquen"],"_links":{"self":[{"href":"http:\/\/argentinamunicipal.com.ar\/argentina\/wp-json\/wp\/v2\/posts\/37701","targetHints":{"allow":["GET"]}}],"collection":[{"href":"http:\/\/argentinamunicipal.com.ar\/argentina\/wp-json\/wp\/v2\/posts"}],"about":[{"href":"http:\/\/argentinamunicipal.com.ar\/argentina\/wp-json\/wp\/v2\/types\/post"}],"author":[{"embeddable":true,"href":"http:\/\/argentinamunicipal.com.ar\/argentina\/wp-json\/wp\/v2\/users\/2"}],"replies":[{"embeddable":true,"href":"http:\/\/argentinamunicipal.com.ar\/argentina\/wp-json\/wp\/v2\/comments?post=37701"}],"version-history":[{"count":0,"href":"http:\/\/argentinamunicipal.com.ar\/argentina\/wp-json\/wp\/v2\/posts\/37701\/revisions"}],"wp:featuredmedia":[{"embeddable":true,"href":"http:\/\/argentinamunicipal.com.ar\/argentina\/wp-json\/wp\/v2\/media\/37702"}],"wp:attachment":[{"href":"http:\/\/argentinamunicipal.com.ar\/argentina\/wp-json\/wp\/v2\/media?parent=37701"}],"wp:term":[{"taxonomy":"category","embeddable":true,"href":"http:\/\/argentinamunicipal.com.ar\/argentina\/wp-json\/wp\/v2\/categories?post=37701"},{"taxonomy":"post_tag","embeddable":true,"href":"http:\/\/argentinamunicipal.com.ar\/argentina\/wp-json\/wp\/v2\/tags?post=37701"}],"curies":[{"name":"wp","href":"https:\/\/api.w.org\/{rel}","templated":true}]}}