{"id":37723,"date":"2015-10-21T09:15:04","date_gmt":"2015-10-21T12:15:04","guid":{"rendered":"http:\/\/argentinamunicipal.com.ar\/argentina\/?p=37723"},"modified":"2015-10-21T09:15:04","modified_gmt":"2015-10-21T12:15:04","slug":"integrantes-de-la-oficina-municipal-de-empleo-de-rafaela-expusieron-la-experiencia-local","status":"publish","type":"post","link":"http:\/\/argentinamunicipal.com.ar\/argentina\/integrantes-de-la-oficina-municipal-de-empleo-de-rafaela-expusieron-la-experiencia-local\/","title":{"rendered":"Integrantes de la Oficina Municipal de Empleo de Rafaela expusieron la experiencia local"},"content":{"rendered":"<p><a href=\"http:\/\/argentinamunicipal.com.ar\/argentina\/wp-content\/uploads\/2015\/10\/multimedia.normal.a6c54180fb140925.6e6f726d616c2e6a7067-e1445429689176.jpg\"><img loading=\"lazy\" decoding=\"async\" class=\"alignleft wp-image-37724 \" src=\"http:\/\/argentinamunicipal.com.ar\/argentina\/wp-content\/uploads\/2015\/10\/multimedia.normal.a6c54180fb140925.6e6f726d616c2e6a7067-e1445429689176.jpg\" alt=\"\" width=\"392\" height=\"513\" srcset=\"http:\/\/argentinamunicipal.com.ar\/argentina\/wp-content\/uploads\/2015\/10\/multimedia.normal.a6c54180fb140925.6e6f726d616c2e6a7067-e1445429689176.jpg 442w, http:\/\/argentinamunicipal.com.ar\/argentina\/wp-content\/uploads\/2015\/10\/multimedia.normal.a6c54180fb140925.6e6f726d616c2e6a7067-e1445429689176-229x300.jpg 229w\" sizes=\"auto, (max-width: 392px) 100vw, 392px\" \/><\/a>La subsecretaria de Econom\u00eda Social y Empleo de la Municipalidad de Rafaela, Evangelina Garrappa, junto a integrantes de la Oficina Municipal de Empleo, participaron del Encuentro de la Red de Servicios P\u00fablicos de Empleo que se llev\u00f3 a cabo en la localidad de Santa Fe.<\/p>\n<p>Esta jornada, que se extendi\u00f3 a lo largo de dos d\u00edas, estuvo organizada por el Ministerio de Trabajo de la Naci\u00f3n, a trav\u00e9s de la Secretar\u00eda de Empleo, con el objetivo de analizar, en conjunto con las instituciones que integran la Red, los logros y desaf\u00edos de esta construcci\u00f3n partiendo del reconocimiento del rol de los servicios p\u00fablicos de empleo en la promoci\u00f3n sociolaboral de los segmentos con mayores dificultades, y en su derecho al trabajo decente.<\/p>\n<p>Integrantes de la Oficina de Empleo de nuestra ciudad expusieron la experiencia local en la jornada. Los encargados de realizar la exposici\u00f3n fueron Mauro Theler, coordinador de la Oficina, Carolina Albrecht, Romina Altamirano y Estefan\u00eda Vaquero.<\/p>\n<p>\u00abLa presentaci\u00f3n vers\u00f3 sobre el proceso de Evoluci\u00f3n de la Oficina como parte de Desarrollo Social hasta 2011 y de su nueva etapa como parte de la Subsecretar\u00eda de Econom\u00eda Social y Empleo. Principalmente se destac\u00f3 el trabajo de articulaci\u00f3n dentro y fuera del municipio\u00bb, explic\u00f3 Mauro Theler.<\/p>\n<p>\u00abDentro del encuentro se destaca la presentaci\u00f3n del Programa de Empleo 2020, que es una mejora sobre las herramientas de empleo que ofrece el Ministerio de Trabajo desde 2008, vigentes en Rafaela en 2009 gracias a las gestiones del municipio. Entre las mejoras destacadas se cuenta un incremento en el beneficio del Programa de Inserci\u00f3n Laboral, el cual consiste en que los empleadores pueden considerar como parte del salario el pago de la ayuda econ\u00f3mica efectuada por el MTEySS, siempre que contraten a desocupados avalados por el Ministerio de Trabajo: participantes del Programa J\u00f3venes, PROGRESAR, personas mayores de 18 a\u00f1os con certificado de discapacidad, desocupados que hayan participado en cursos avalados por el Ministerio de Trabajo, personas que participen del Seguro de Capacitaci\u00f3n y Empleo o del Fondo de Desempleo\u00bb, agreg\u00f3.<\/p>\n<p>Adem\u00e1s, aclar\u00f3 que \u00aba este beneficio puede sumarse el de la Ley 26.940, al inscribir a personas desocupadas, logrando hasta un 40 por ciento de descuento entre el aporte del Ministerio y el descuento en las cargas sociales previsto por esta Ley\u00bb.<\/p>\n<h6>Fuente: La Opini\u00f3n<\/h6>\n","protected":false},"excerpt":{"rendered":"<p>La subsecretaria de Econom\u00eda Social y Empleo de la Municipalidad de Rafaela, Evangelina Garrappa, junto a integrantes de la Oficina Municipal de Empleo, participaron del Encuentro de la Red de Servicios P\u00fablicos de Empleo que se llev\u00f3 a cabo en la localidad de Santa Fe. Esta jornada, que se extendi\u00f3 a lo largo de dos<\/p>\n","protected":false},"author":2,"featured_media":37724,"comment_status":"closed","ping_status":"closed","sticky":false,"template":"","format":"standard","meta":{"footnotes":""},"categories":[2],"tags":[10],"class_list":["post-37723","post","type-post","status-publish","format-standard","has-post-thumbnail","hentry","category-informe-municipal","tag-santa-fe"],"_links":{"self":[{"href":"http:\/\/argentinamunicipal.com.ar\/argentina\/wp-json\/wp\/v2\/posts\/37723","targetHints":{"allow":["GET"]}}],"collection":[{"href":"http:\/\/argentinamunicipal.com.ar\/argentina\/wp-json\/wp\/v2\/posts"}],"about":[{"href":"http:\/\/argentinamunicipal.com.ar\/argentina\/wp-json\/wp\/v2\/types\/post"}],"author":[{"embeddable":true,"href":"http:\/\/argentinamunicipal.com.ar\/argentina\/wp-json\/wp\/v2\/users\/2"}],"replies":[{"embeddable":true,"href":"http:\/\/argentinamunicipal.com.ar\/argentina\/wp-json\/wp\/v2\/comments?post=37723"}],"version-history":[{"count":0,"href":"http:\/\/argentinamunicipal.com.ar\/argentina\/wp-json\/wp\/v2\/posts\/37723\/revisions"}],"wp:featuredmedia":[{"embeddable":true,"href":"http:\/\/argentinamunicipal.com.ar\/argentina\/wp-json\/wp\/v2\/media\/37724"}],"wp:attachment":[{"href":"http:\/\/argentinamunicipal.com.ar\/argentina\/wp-json\/wp\/v2\/media?parent=37723"}],"wp:term":[{"taxonomy":"category","embeddable":true,"href":"http:\/\/argentinamunicipal.com.ar\/argentina\/wp-json\/wp\/v2\/categories?post=37723"},{"taxonomy":"post_tag","embeddable":true,"href":"http:\/\/argentinamunicipal.com.ar\/argentina\/wp-json\/wp\/v2\/tags?post=37723"}],"curies":[{"name":"wp","href":"https:\/\/api.w.org\/{rel}","templated":true}]}}