{"id":37726,"date":"2015-10-21T09:19:36","date_gmt":"2015-10-21T12:19:36","guid":{"rendered":"http:\/\/argentinamunicipal.com.ar\/argentina\/?p=37726"},"modified":"2015-10-21T09:19:36","modified_gmt":"2015-10-21T12:19:36","slug":"santa-fe-es-apta-para-la-generacion-y-aprovechamiento-de-energia-solar","status":"publish","type":"post","link":"http:\/\/argentinamunicipal.com.ar\/argentina\/santa-fe-es-apta-para-la-generacion-y-aprovechamiento-de-energia-solar\/","title":{"rendered":"Santa Fe es apta para la generaci\u00f3n y aprovechamiento de energ\u00eda solar"},"content":{"rendered":"<p><a href=\"http:\/\/argentinamunicipal.com.ar\/argentina\/wp-content\/uploads\/2015\/10\/EnergiaMC.jpg_973718260.jpg\"><img loading=\"lazy\" decoding=\"async\" class=\"aligncenter  wp-image-37727\" src=\"http:\/\/argentinamunicipal.com.ar\/argentina\/wp-content\/uploads\/2015\/10\/EnergiaMC.jpg_973718260.jpg\" alt=\"EnergiaMC.jpg_973718260\" width=\"660\" height=\"460\" srcset=\"http:\/\/argentinamunicipal.com.ar\/argentina\/wp-content\/uploads\/2015\/10\/EnergiaMC.jpg_973718260.jpg 789w, http:\/\/argentinamunicipal.com.ar\/argentina\/wp-content\/uploads\/2015\/10\/EnergiaMC.jpg_973718260-300x209.jpg 300w\" sizes=\"auto, (max-width: 660px) 100vw, 660px\" \/><\/a><br \/>\nEs de acuerdo al informe sobre el primer a\u00f1o de funcionamiento de la Red Solarim\u00e9trica. Alemania utiliza el 7% de energ\u00eda solar dentro de su matriz y tiene niveles de irradiaci\u00f3n menoresCompartir<\/p>\n<p>&nbsp;<\/p>\n<p>Este martes, en Casa de Gobierno, la Secretar\u00eda de Estado de la Energ\u00eda, junto con el Grupo de Energ\u00edas No Convencionales de la Universidad Nacional del Litoral, presentaron el informe del primer a\u00f1o de funcionamiento de la Red Solarim\u00e9trica de la provincia, distribuida en cinco localidades: Tostado, Reconquista, Elisa, Ca\u00f1ada Rosqu\u00edn y Firmat. Como cada estaci\u00f3n tiene un alcance de un radio de 200 kil\u00f3metros, permite cubrir la totalidad del territorio santafesino.<\/p>\n<p>Durante la presentaci\u00f3n, el secretario de Energ\u00eda, Jorge \u00c1lvarez, sostuvo que \u201cmedir el potencial de los distintos recursos que existen en la provincia es muy importante, ya que el \u00faltimo mapeo data del a\u00f1o 1997, y hab\u00eda sido realizado con datos de la Nasa\u201d.<\/p>\n<p>\u201cTener este informe anual, no solamente nos va a servir a nosotros como Estado y a los distintos especialistas en la materia, sino tambi\u00e9n le va a servir al sector privado para ejecutar proyectos propios\u201d, agreg\u00f3.<\/p>\n<p>Por su parte, Javier Schmidt, investigador del Conicet, e integrante del Grupo de Energ\u00edas No Convencionales dependiente de la Facultad de Ingenier\u00eda Qu\u00edmica y del Instituto de F\u00edsica del Litoral, destac\u00f3 que la provincia ha demostrado inter\u00e9s en sumar energ\u00edas renovables a su matriz energ\u00e9tica, y que en particular sobre la energ\u00eda solar, el primer paso que se necesitaba dar, como base para cualquier proyecto, era conocer con certeza cu\u00e1l es el recurso en la provincia.<\/p>\n<p>\u201cYa sea para elegir el lugar donde instalar una central fotovoltaica, para dimensionarla, o para calcular el tiempo de repago de la inversi\u00f3n. Cualquier persona que quiera invertir dinero en esto necesita, como primera medida conocer cu\u00e1l es el recurso con el que cuenta\u201d, explic\u00f3 Schmidt.<\/p>\n<p><strong>Las estaciones<\/strong><\/p>\n<p>Para obtener un mapa que permita medir con la mayor precisi\u00f3n posible la irradiaci\u00f3n solar, en una primera etapa, se adquirieron los equipos adecuados, y luego se decidi\u00f3 la ubicaci\u00f3n de las estaciones en predios que posee la EPE en las localidades elegidas. Cada una de ellas cubre un radio de unos 200 kil\u00f3metros permitiendo la medici\u00f3n de todo el territorio. Luego de la obtenci\u00f3n de datos, cada estaci\u00f3n env\u00eda la informaci\u00f3n a trav\u00e9s de un sistema de telefon\u00eda celular a una central de procesamiento que est\u00e1 ubicada en la ciudad de Santa Fe.<\/p>\n<p>Las estaciones cuentan con un piran\u00f3metro, que es el sensor que permite conocer la radiaci\u00f3n solar, pero como los par\u00e1metros clim\u00e1ticos tambi\u00e9n afectan el funcionamiento de las instalaciones fotovoltaicas, no solo se debe medir el impacto solar, sino tambi\u00e9n la temperatura, la humedad, la velocidad y direcci\u00f3n del viento, y presi\u00f3n atmosf\u00e9rica.<\/p>\n<p>De esta manera, cuenta con otros sensores que permiten obtener datos climatol\u00f3gicos que tambi\u00e9n pueden servir para la agricultura, u otros \u00e1mbitos.<\/p>\n<p>Los equipos registran datos cada tres minutos, y cada hora se env\u00edan paquetes de datos con esa informaci\u00f3n. Luego, sumando los datos a lo largo del d\u00eda, se obtiene la energ\u00eda que llega como radiaci\u00f3n solar, medida en unidades de kilovatio hora, por metro cuadrado y por d\u00eda.<\/p>\n<p><strong>Las conclusiones del informe<\/strong><\/p>\n<p>Seg\u00fan el promedio anual de radiaci\u00f3n solar que llega a los distintos lugares del territorio, entre el m\u00ednimo y el m\u00e1ximo hay una diferencia de tan solo el 5%, y esto significa que toda la provincia es apta para el aprovechamiento de la energ\u00eda solar. De acuerdo a las mediciones hay entre 4,89 kWh en Tostado, y 4,75 kWh en Firmat, y el promedio para toda la provincia est\u00e1 alrededor de 4,8 kWh por metro cuadrado y por d\u00eda.<\/p>\n<p>Para tener una idea de qu\u00e9 significan estos n\u00fameros, pa\u00edses que hacen un aprovechamiento intensivo del recurso solar, como Alemania, que abastece alrededor del 7% de su consumo el\u00e9ctrico con energ\u00eda solar, tiene valores de radiaci\u00f3n de entre 2,8 y 3,3 kWh. Es decir, casi un 60% menos que la provincia de Santa Fe. En tanto, Espa\u00f1a est\u00e1 entre 3,3 y 5,3 kWh y consume alrededor de un 3% de energ\u00eda fotovoltaica. All\u00ed ese porcentaje, en verano se transforma en un 6% durante el pico de consumo.<\/p>\n<p>\u201cAlgo bueno de la energ\u00eda solar es que la m\u00e1xima aceleraci\u00f3n se da en verano, y en los horarios del mediod\u00eda y la siesta, que es cuando se da tambi\u00e9n el pico de consumo en las redes el\u00e9ctricas. Entonces, en ese momento, tambi\u00e9n las centrales solares est\u00e1n generando energ\u00eda al m\u00e1ximo\u201d, explic\u00f3 Schmidt.<\/p>\n<p>En resumen, seg\u00fan la estimaci\u00f3n del especialista, con una sola planta fotovoltaica de 5 megavatios, como las propuestas en el plan estrat\u00e9gico provincial, se podr\u00eda generar alrededor de 7000 MWh, y de acuerdo a la Empresa Provincial de la Energ\u00eda, con esta cantidad de energ\u00eda se podr\u00edan abastecer unas 18.000 personas, y se evitar\u00eda la emisi\u00f3n a la atm\u00f3sfera de 3150 toneladas de di\u00f3xido de carbono.<\/p>\n<h6>Fuente: Uno, Santa Fe<\/h6>\n","protected":false},"excerpt":{"rendered":"<p>Es de acuerdo al informe sobre el primer a\u00f1o de funcionamiento de la Red Solarim\u00e9trica. Alemania utiliza el 7% de energ\u00eda solar dentro de su matriz y tiene niveles de irradiaci\u00f3n menoresCompartir &nbsp; Este martes, en Casa de Gobierno, la Secretar\u00eda de Estado de la Energ\u00eda, junto con el Grupo de Energ\u00edas No Convencionales de<\/p>\n","protected":false},"author":2,"featured_media":37727,"comment_status":"closed","ping_status":"closed","sticky":false,"template":"","format":"standard","meta":{"footnotes":""},"categories":[2],"tags":[10],"class_list":["post-37726","post","type-post","status-publish","format-standard","has-post-thumbnail","hentry","category-informe-municipal","tag-santa-fe"],"_links":{"self":[{"href":"http:\/\/argentinamunicipal.com.ar\/argentina\/wp-json\/wp\/v2\/posts\/37726","targetHints":{"allow":["GET"]}}],"collection":[{"href":"http:\/\/argentinamunicipal.com.ar\/argentina\/wp-json\/wp\/v2\/posts"}],"about":[{"href":"http:\/\/argentinamunicipal.com.ar\/argentina\/wp-json\/wp\/v2\/types\/post"}],"author":[{"embeddable":true,"href":"http:\/\/argentinamunicipal.com.ar\/argentina\/wp-json\/wp\/v2\/users\/2"}],"replies":[{"embeddable":true,"href":"http:\/\/argentinamunicipal.com.ar\/argentina\/wp-json\/wp\/v2\/comments?post=37726"}],"version-history":[{"count":0,"href":"http:\/\/argentinamunicipal.com.ar\/argentina\/wp-json\/wp\/v2\/posts\/37726\/revisions"}],"wp:featuredmedia":[{"embeddable":true,"href":"http:\/\/argentinamunicipal.com.ar\/argentina\/wp-json\/wp\/v2\/media\/37727"}],"wp:attachment":[{"href":"http:\/\/argentinamunicipal.com.ar\/argentina\/wp-json\/wp\/v2\/media?parent=37726"}],"wp:term":[{"taxonomy":"category","embeddable":true,"href":"http:\/\/argentinamunicipal.com.ar\/argentina\/wp-json\/wp\/v2\/categories?post=37726"},{"taxonomy":"post_tag","embeddable":true,"href":"http:\/\/argentinamunicipal.com.ar\/argentina\/wp-json\/wp\/v2\/tags?post=37726"}],"curies":[{"name":"wp","href":"https:\/\/api.w.org\/{rel}","templated":true}]}}