{"id":37746,"date":"2015-10-21T09:56:14","date_gmt":"2015-10-21T12:56:14","guid":{"rendered":"http:\/\/argentinamunicipal.com.ar\/argentina\/?p=37746"},"modified":"2015-10-21T09:56:14","modified_gmt":"2015-10-21T12:56:14","slug":"concepcion-del-uruguay-explican-el-impacto-de-la-arquitectura-contemporanea-en-la-estructura-urbana","status":"publish","type":"post","link":"http:\/\/argentinamunicipal.com.ar\/argentina\/concepcion-del-uruguay-explican-el-impacto-de-la-arquitectura-contemporanea-en-la-estructura-urbana\/","title":{"rendered":"Concepci\u00f3n del Uruguay: Explican el impacto de la arquitectura contempor\u00e1nea en la estructura urbana"},"content":{"rendered":"<p><a href=\"http:\/\/argentinamunicipal.com.ar\/argentina\/wp-content\/uploads\/2015\/10\/uruguay.jpg_973718260.jpg\"><img loading=\"lazy\" decoding=\"async\" class=\"aligncenter  wp-image-37747\" src=\"http:\/\/argentinamunicipal.com.ar\/argentina\/wp-content\/uploads\/2015\/10\/uruguay.jpg_973718260.jpg\" alt=\"uruguay.jpg_973718260\" width=\"621\" height=\"433\" srcset=\"http:\/\/argentinamunicipal.com.ar\/argentina\/wp-content\/uploads\/2015\/10\/uruguay.jpg_973718260.jpg 789w, http:\/\/argentinamunicipal.com.ar\/argentina\/wp-content\/uploads\/2015\/10\/uruguay.jpg_973718260-300x209.jpg 300w\" sizes=\"auto, (max-width: 621px) 100vw, 621px\" \/><\/a><br \/>\nMa\u00f1ana realizar\u00e1n un taller seminario en la Facultad de Arquitectura y Urbanismo de Concepci\u00f3n del Uruguay.<\/p>\n<p>La Facultad de Arquitectura y Urbanismo (FAU) de Universidad de Concepci\u00f3n del Uruguay (UCU) realizar\u00e1 ma\u00f1ana un seminario taller denominado \u201cImpacto de obras de arquitectura contempor\u00e1nea en la estructura urbana\u201d.<\/p>\n<p>El seminario de actualizaci\u00f3n docente, estar\u00e1 a cargo de las arquitectas Graciela Falivene y Patricia Costa, se desarrollar\u00e1 en el aula Bari de Sede Central de 17 a 21.<\/p>\n<p>Los destinatarios de la actividad son alumnos, graduados, docentes de UCU, profesionales de la arquitectura y otras disciplinas, funcionarios y empleados de la municipalidad, institutos de vivienda, sindicatos y otros organismos p\u00fablicos<\/p>\n<p>\u201cEl objetivo es encontrar un lugar para mejorar con una nueva construcci\u00f3n. Concepci\u00f3n del Uruguay lo necesita porque es una ciudad muy fragmentada\u201d, explic\u00f3 a UNO la arquitecta Graciela Falivene que es una especialista en las construcciones europeas.<\/p>\n<p>En el seminario analizar\u00e1n los impactos del Museo Guggenheim Bilbao, de La Casa da M\u00fasica, que es una sala de conciertos de Oporto en Portugal que tiene un skatepark p\u00fablico en sus instalaciones, la casa de la cultura de Graz, la segunda ciudad austr\u00edaca y \u00a0el Centro Cultural Internacional Oscar Niemeyer.<\/p>\n<h6>Fuente: Uno, Entre R\u00edos<\/h6>\n","protected":false},"excerpt":{"rendered":"<p>Ma\u00f1ana realizar\u00e1n un taller seminario en la Facultad de Arquitectura y Urbanismo de Concepci\u00f3n del Uruguay. La Facultad de Arquitectura y Urbanismo (FAU) de Universidad de Concepci\u00f3n del Uruguay (UCU) realizar\u00e1 ma\u00f1ana un seminario taller denominado \u201cImpacto de obras de arquitectura contempor\u00e1nea en la estructura urbana\u201d. El seminario de actualizaci\u00f3n docente, estar\u00e1 a cargo de<\/p>\n","protected":false},"author":2,"featured_media":37747,"comment_status":"closed","ping_status":"closed","sticky":false,"template":"","format":"standard","meta":{"footnotes":""},"categories":[2],"tags":[17],"class_list":["post-37746","post","type-post","status-publish","format-standard","has-post-thumbnail","hentry","category-informe-municipal","tag-entre-rios"],"_links":{"self":[{"href":"http:\/\/argentinamunicipal.com.ar\/argentina\/wp-json\/wp\/v2\/posts\/37746","targetHints":{"allow":["GET"]}}],"collection":[{"href":"http:\/\/argentinamunicipal.com.ar\/argentina\/wp-json\/wp\/v2\/posts"}],"about":[{"href":"http:\/\/argentinamunicipal.com.ar\/argentina\/wp-json\/wp\/v2\/types\/post"}],"author":[{"embeddable":true,"href":"http:\/\/argentinamunicipal.com.ar\/argentina\/wp-json\/wp\/v2\/users\/2"}],"replies":[{"embeddable":true,"href":"http:\/\/argentinamunicipal.com.ar\/argentina\/wp-json\/wp\/v2\/comments?post=37746"}],"version-history":[{"count":0,"href":"http:\/\/argentinamunicipal.com.ar\/argentina\/wp-json\/wp\/v2\/posts\/37746\/revisions"}],"wp:featuredmedia":[{"embeddable":true,"href":"http:\/\/argentinamunicipal.com.ar\/argentina\/wp-json\/wp\/v2\/media\/37747"}],"wp:attachment":[{"href":"http:\/\/argentinamunicipal.com.ar\/argentina\/wp-json\/wp\/v2\/media?parent=37746"}],"wp:term":[{"taxonomy":"category","embeddable":true,"href":"http:\/\/argentinamunicipal.com.ar\/argentina\/wp-json\/wp\/v2\/categories?post=37746"},{"taxonomy":"post_tag","embeddable":true,"href":"http:\/\/argentinamunicipal.com.ar\/argentina\/wp-json\/wp\/v2\/tags?post=37746"}],"curies":[{"name":"wp","href":"https:\/\/api.w.org\/{rel}","templated":true}]}}