{"id":37781,"date":"2015-10-22T07:53:43","date_gmt":"2015-10-22T10:53:43","guid":{"rendered":"http:\/\/argentinamunicipal.com.ar\/argentina\/?p=37781"},"modified":"2015-10-22T07:53:43","modified_gmt":"2015-10-22T10:53:43","slug":"carlos-paz-renovo-su-ingreso-con-un-sorprendente-sistema-de-luces","status":"publish","type":"post","link":"http:\/\/argentinamunicipal.com.ar\/argentina\/carlos-paz-renovo-su-ingreso-con-un-sorprendente-sistema-de-luces\/","title":{"rendered":"Carlos Paz renov\u00f3 su ingreso con un sorprendente sistema de luces"},"content":{"rendered":"<div id=\"attachment_37782\" style=\"width: 652px\" class=\"wp-caption aligncenter\"><a href=\"http:\/\/argentinamunicipal.com.ar\/argentina\/wp-content\/uploads\/2015\/10\/carlos_paz_3.jpg\"><img loading=\"lazy\" decoding=\"async\" aria-describedby=\"caption-attachment-37782\" class=\"size-full wp-image-37782\" src=\"http:\/\/argentinamunicipal.com.ar\/argentina\/wp-content\/uploads\/2015\/10\/carlos_paz_3.jpg\" alt=\"UN SHOW. Las luces se pueden comandar individualmente.\" width=\"642\" height=\"366\" srcset=\"http:\/\/argentinamunicipal.com.ar\/argentina\/wp-content\/uploads\/2015\/10\/carlos_paz_3.jpg 642w, http:\/\/argentinamunicipal.com.ar\/argentina\/wp-content\/uploads\/2015\/10\/carlos_paz_3-300x171.jpg 300w\" sizes=\"auto, (max-width: 642px) 100vw, 642px\" \/><\/a><p id=\"caption-attachment-37782\" class=\"wp-caption-text\">UN SHOW. Las luces se pueden comandar individualmente.<\/p><\/div>\n<p>El intendente Esteban Avil\u00e9s lo dej\u00f3 inaugurado. Se colocaron luces led en las 93 palmeras de avenida San Mart\u00edn. Permiten 16 mil colores y combinaciones.<\/p>\n<p>Con una impactante \u201calfombra roja\u201d en su ingreso recibe Villa Carlos Paz a todo el que desde ahora la visita. El intendente de la ciudad, Esteban Avil\u00e9s, dej\u00f3 inaugurado un moderno sistema de iluminaci\u00f3n ornamental tendido en el cantero central de la avenida San Mart\u00edn.<\/p>\n<p>\u201cEste es un show lum\u00ednico que es \u00fanico en el pa\u00eds. Seguimos disfrutando de una Carlos Paz que est\u00e1 muy pujante y que se debe al esfuerzo mancomunado de todos\u201d, se\u00f1al\u00f3 Avil\u00e9s.<\/p>\n<p>La obra busc\u00f3 iluminar el ingreso a la ciudad generando un efecto visual en perspectiva. Para eso se instalaron dos sistemas de luces led en la base de las 93 palmeras, ubicadas en el cantero central, con capacidad de iluminar en alta intensidad y en m\u00e1s de 16 mil colores y combinaciones.<\/p>\n<p>\u201cEsta obra es un esfuerzo de toda la comunidad, porque est\u00e1 realizada con recursos propios. Para nosotros es vanguardista no s\u00f3lo para el carlospacense del d\u00eda a d\u00eda si no para la industria tur\u00edstica\u201d, destaco el intendente.<\/p>\n<p>La inversi\u00f3n redonde\u00f3 3,6 millones de pesos de fondos propios. Comprendi\u00f3 la instalaci\u00f3n de columnas con antenas de comunicaci\u00f3n que tienen el objetivo de comandar de manera computarizada cada una de las luces, que trabajan de forma independiente entre s\u00ed.<\/p>\n<h6>Fuente: La Voz del Interior<\/h6>\n","protected":false},"excerpt":{"rendered":"<p>El intendente Esteban Avil\u00e9s lo dej\u00f3 inaugurado. Se colocaron luces led en las 93 palmeras de avenida San Mart\u00edn. Permiten 16 mil colores y combinaciones. Con una impactante \u201calfombra roja\u201d en su ingreso recibe Villa Carlos Paz a todo el que desde ahora la visita. El intendente de la ciudad, Esteban Avil\u00e9s, dej\u00f3 inaugurado un<\/p>\n","protected":false},"author":2,"featured_media":37782,"comment_status":"closed","ping_status":"closed","sticky":false,"template":"","format":"standard","meta":{"footnotes":""},"categories":[2],"tags":[3],"class_list":["post-37781","post","type-post","status-publish","format-standard","has-post-thumbnail","hentry","category-informe-municipal","tag-cordoba"],"_links":{"self":[{"href":"http:\/\/argentinamunicipal.com.ar\/argentina\/wp-json\/wp\/v2\/posts\/37781","targetHints":{"allow":["GET"]}}],"collection":[{"href":"http:\/\/argentinamunicipal.com.ar\/argentina\/wp-json\/wp\/v2\/posts"}],"about":[{"href":"http:\/\/argentinamunicipal.com.ar\/argentina\/wp-json\/wp\/v2\/types\/post"}],"author":[{"embeddable":true,"href":"http:\/\/argentinamunicipal.com.ar\/argentina\/wp-json\/wp\/v2\/users\/2"}],"replies":[{"embeddable":true,"href":"http:\/\/argentinamunicipal.com.ar\/argentina\/wp-json\/wp\/v2\/comments?post=37781"}],"version-history":[{"count":0,"href":"http:\/\/argentinamunicipal.com.ar\/argentina\/wp-json\/wp\/v2\/posts\/37781\/revisions"}],"wp:featuredmedia":[{"embeddable":true,"href":"http:\/\/argentinamunicipal.com.ar\/argentina\/wp-json\/wp\/v2\/media\/37782"}],"wp:attachment":[{"href":"http:\/\/argentinamunicipal.com.ar\/argentina\/wp-json\/wp\/v2\/media?parent=37781"}],"wp:term":[{"taxonomy":"category","embeddable":true,"href":"http:\/\/argentinamunicipal.com.ar\/argentina\/wp-json\/wp\/v2\/categories?post=37781"},{"taxonomy":"post_tag","embeddable":true,"href":"http:\/\/argentinamunicipal.com.ar\/argentina\/wp-json\/wp\/v2\/tags?post=37781"}],"curies":[{"name":"wp","href":"https:\/\/api.w.org\/{rel}","templated":true}]}}