{"id":37784,"date":"2015-10-22T07:57:44","date_gmt":"2015-10-22T10:57:44","guid":{"rendered":"http:\/\/argentinamunicipal.com.ar\/argentina\/?p=37784"},"modified":"2015-10-22T07:57:44","modified_gmt":"2015-10-22T10:57:44","slug":"buscan-replicar-los-planes-de-viviendas-de-las-varillas","status":"publish","type":"post","link":"http:\/\/argentinamunicipal.com.ar\/argentina\/buscan-replicar-los-planes-de-viviendas-de-las-varillas\/","title":{"rendered":"Buscan replicar los planes de viviendas de Las Varillas"},"content":{"rendered":"<p><a href=\"http:\/\/argentinamunicipal.com.ar\/argentina\/wp-content\/uploads\/2015\/10\/p24-f1-varillas.jpg\"><img loading=\"lazy\" decoding=\"async\" class=\"aligncenter  wp-image-37785\" src=\"http:\/\/argentinamunicipal.com.ar\/argentina\/wp-content\/uploads\/2015\/10\/p24-f1-varillas.jpg\" alt=\"p24-f1-varillas\" width=\"620\" height=\"322\" srcset=\"http:\/\/argentinamunicipal.com.ar\/argentina\/wp-content\/uploads\/2015\/10\/p24-f1-varillas.jpg 709w, http:\/\/argentinamunicipal.com.ar\/argentina\/wp-content\/uploads\/2015\/10\/p24-f1-varillas-300x156.jpg 300w\" sizes=\"auto, (max-width: 620px) 100vw, 620px\" \/><\/a><\/p>\n<p>El electo intendente de Sacanta se sum\u00f3 a la lista de municipios interesados en implementar un sistema similar para atender la demanda habitacional<\/p>\n<p>El titular del Ejecutivo de Las Varillas, Juan Pablo Rujinsky, recibi\u00f3 al intendente electo de Sacanta, Daniel Garnero, quien junto a su equipo arribaron interesados en interiorizarse sobre \u201clos exitosos planes de vivienda que implementa nuestra Municipalidad\u201d.<\/p>\n<p>\u201cSeg\u00fan relataron, si bien Sacanta cuenta con planes de vivienda vigentes, consideran que los ejecutados en nuestra ciudad se adaptan mejor a la idiosincrasia del pueblo de Sacanta y su intenci\u00f3n es concretarlos\u201d, narraron los integrantes del equipo de Rujinsky.<\/p>\n<p>La visita de Garnero se suma a la de m\u00e1s de 30 intendentes de distintos colores pol\u00edticos que toman a Las Varillas como modelo en materia de vivienda, precisaron desde el \u00e1rea de Prensa del municipio varillense.<\/p>\n<p>Cabe recordar que semanas atr\u00e1s el intendente recibi\u00f3 a Pedro Dellarossa, intendente de la ciudad de Marcos Ju\u00e1rez, \u201cquien tambi\u00e9n quiere replicar en su ciudad nuestra pol\u00edtica habitacional, que ya lleva, desde el a\u00f1o 2008, m\u00e1s de 780 hogares entregados\u201d, concluyeron.<\/p>\n<h6>Fuente: El Diario del Centro del Pa\u00eds<\/h6>\n","protected":false},"excerpt":{"rendered":"<p>El electo intendente de Sacanta se sum\u00f3 a la lista de municipios interesados en implementar un sistema similar para atender la demanda habitacional El titular del Ejecutivo de Las Varillas, Juan Pablo Rujinsky, recibi\u00f3 al intendente electo de Sacanta, Daniel Garnero, quien junto a su equipo arribaron interesados en interiorizarse sobre \u201clos exitosos planes de<\/p>\n","protected":false},"author":2,"featured_media":37785,"comment_status":"closed","ping_status":"closed","sticky":false,"template":"","format":"standard","meta":{"footnotes":""},"categories":[2],"tags":[3],"class_list":["post-37784","post","type-post","status-publish","format-standard","has-post-thumbnail","hentry","category-informe-municipal","tag-cordoba"],"_links":{"self":[{"href":"http:\/\/argentinamunicipal.com.ar\/argentina\/wp-json\/wp\/v2\/posts\/37784","targetHints":{"allow":["GET"]}}],"collection":[{"href":"http:\/\/argentinamunicipal.com.ar\/argentina\/wp-json\/wp\/v2\/posts"}],"about":[{"href":"http:\/\/argentinamunicipal.com.ar\/argentina\/wp-json\/wp\/v2\/types\/post"}],"author":[{"embeddable":true,"href":"http:\/\/argentinamunicipal.com.ar\/argentina\/wp-json\/wp\/v2\/users\/2"}],"replies":[{"embeddable":true,"href":"http:\/\/argentinamunicipal.com.ar\/argentina\/wp-json\/wp\/v2\/comments?post=37784"}],"version-history":[{"count":0,"href":"http:\/\/argentinamunicipal.com.ar\/argentina\/wp-json\/wp\/v2\/posts\/37784\/revisions"}],"wp:featuredmedia":[{"embeddable":true,"href":"http:\/\/argentinamunicipal.com.ar\/argentina\/wp-json\/wp\/v2\/media\/37785"}],"wp:attachment":[{"href":"http:\/\/argentinamunicipal.com.ar\/argentina\/wp-json\/wp\/v2\/media?parent=37784"}],"wp:term":[{"taxonomy":"category","embeddable":true,"href":"http:\/\/argentinamunicipal.com.ar\/argentina\/wp-json\/wp\/v2\/categories?post=37784"},{"taxonomy":"post_tag","embeddable":true,"href":"http:\/\/argentinamunicipal.com.ar\/argentina\/wp-json\/wp\/v2\/tags?post=37784"}],"curies":[{"name":"wp","href":"https:\/\/api.w.org\/{rel}","templated":true}]}}