{"id":37797,"date":"2015-10-22T08:14:01","date_gmt":"2015-10-22T11:14:01","guid":{"rendered":"http:\/\/argentinamunicipal.com.ar\/argentina\/?p=37797"},"modified":"2015-10-22T08:14:01","modified_gmt":"2015-10-22T11:14:01","slug":"desde-2002-mas-de-11-millones-de-consumidores-volvieron-a-la-clase-media","status":"publish","type":"post","link":"http:\/\/argentinamunicipal.com.ar\/argentina\/desde-2002-mas-de-11-millones-de-consumidores-volvieron-a-la-clase-media\/","title":{"rendered":"Desde 2002, m\u00e1s de 11 millones de consumidores volvieron a la clase media"},"content":{"rendered":"<p><a href=\"http:\/\/argentinamunicipal.com.ar\/argentina\/wp-content\/uploads\/2015\/10\/Corrientes-peatonal-quedara-Fernando-Orden_CLAIMA20141128_0319_27.jpg\"><img loading=\"lazy\" decoding=\"async\" class=\"aligncenter size-full wp-image-37798\" src=\"http:\/\/argentinamunicipal.com.ar\/argentina\/wp-content\/uploads\/2015\/10\/Corrientes-peatonal-quedara-Fernando-Orden_CLAIMA20141128_0319_27.jpg\" alt=\"Corrientes-peatonal-quedara-Fernando-Orden_CLAIMA20141128_0319_27\" width=\"600\" height=\"338\" srcset=\"http:\/\/argentinamunicipal.com.ar\/argentina\/wp-content\/uploads\/2015\/10\/Corrientes-peatonal-quedara-Fernando-Orden_CLAIMA20141128_0319_27.jpg 600w, http:\/\/argentinamunicipal.com.ar\/argentina\/wp-content\/uploads\/2015\/10\/Corrientes-peatonal-quedara-Fernando-Orden_CLAIMA20141128_0319_27-300x169.jpg 300w\" sizes=\"auto, (max-width: 600px) 100vw, 600px\" \/><\/a><br \/>\nEl especialista en an\u00e1lisis de tendencias de consumo y mercados, Guillermo Oliveto, afirm\u00f3 que \u201cla Argentina experiment\u00f3 un proceso de movilidad ascendente desde 2002, y m\u00e1s de 11 millones de consumidores regresaron a la clase media\u201d.<\/p>\n<p>El titular de la Consultora W destac\u00f3 adem\u00e1s la reciente \u201crecuperaci\u00f3n moderada\u201d de la econom\u00eda -medida a trav\u00e9s de la venta de autos, motos, electrodom\u00e9sticos, entre otros factores- y juzg\u00f3 probable que el conjunto de las capas medias \u201cexperimente una expansi\u00f3n de siete puntos en lo que queda del decenio\u201d.<\/p>\n<p>Durante una disertaci\u00f3n en la Universidad de Palermo, organizada por la C\u00e1mara Industrial de la Indumentaria, Oliveto record\u00f3 que la mitad de la poblaci\u00f3n se ubicaba en la clase \u201cbaja\u201d tras el quiebre de la convertibilidad, mientras 20% pertenec\u00eda a la clase \u201cmedia baja\u201d.<\/p>\n<p>Por el aumento del empleo y el salto del Producto Interno Bruto, en la actualidad s\u00f3lo 14,7% de los consumidores pertenece al estrato bajo (con ingresos familiares mensuales de 3.950 pesos), y 32% al medio bajo (8.500 pesos por mes), agreg\u00f3 el analista.<\/p>\n<p>Seg\u00fan Oliveto, el proceso de mejora de los \u00faltimos a\u00f1os alcanz\u00f3 a los segmentos m\u00e1s favorecidos, y hoy el 18% de los consumidores pertenece a la clase \u201cmedia alta\u201d, con ingresos familiares superiores a 34 mil pesos mensuales.<\/p>\n<p>Mientras, en el tope de la escala, la clase \u201calta\u201d, con m\u00e1s de 107.500 pesos de ingreso familiar por mes, agrupa al 5,1% de los consumidores.<\/p>\n<p>El consultor resalt\u00f3 el repunte en los \u00edndices de confianza del consumidor en lo que va de 2015, luego de la retracci\u00f3n sufrida durante el a\u00f1o pasado.<\/p>\n<p>Sostuvo despu\u00e9s que el nivel de incremento de salarios, situado este a\u00f1o en torno del 30% promedio, supera la inflaci\u00f3n prevista (de 25%, seg\u00fan distintos c\u00e1lculos), \u201clo cual implica que se recupera lo perdido en 2014\u201d.<\/p>\n<p>En materia de perspectivas, Oliveto atribuy\u00f3 mayores perspectivas a una \u201cpol\u00edtica gradualista, en vez de una de shock\u201d, lo que implicar\u00eda una inflaci\u00f3n en descenso pero \u201cen altos niveles por dos o tres a\u00f1os\u201d.<\/p>\n<p>\u201cLa chance de un ajuste ortodoxo es compleja, porque la poblaci\u00f3n espera no perder lo recuperado, mantener su calidad de vida y su condici\u00f3n de clase, y hacer rendir su poder adquisitivo\u201d, concluy\u00f3 el experto.<\/p>\n<h6>Fuente: T\u00e9lam<\/h6>\n","protected":false},"excerpt":{"rendered":"<p>El especialista en an\u00e1lisis de tendencias de consumo y mercados, Guillermo Oliveto, afirm\u00f3 que \u201cla Argentina experiment\u00f3 un proceso de movilidad ascendente desde 2002, y m\u00e1s de 11 millones de consumidores regresaron a la clase media\u201d. El titular de la Consultora W destac\u00f3 adem\u00e1s la reciente \u201crecuperaci\u00f3n moderada\u201d de la econom\u00eda -medida a trav\u00e9s de<\/p>\n","protected":false},"author":2,"featured_media":37798,"comment_status":"closed","ping_status":"closed","sticky":false,"template":"","format":"standard","meta":{"footnotes":""},"categories":[8],"tags":[21],"class_list":["post-37797","post","type-post","status-publish","format-standard","has-post-thumbnail","hentry","category-informe-nacional","tag-argentina"],"_links":{"self":[{"href":"http:\/\/argentinamunicipal.com.ar\/argentina\/wp-json\/wp\/v2\/posts\/37797","targetHints":{"allow":["GET"]}}],"collection":[{"href":"http:\/\/argentinamunicipal.com.ar\/argentina\/wp-json\/wp\/v2\/posts"}],"about":[{"href":"http:\/\/argentinamunicipal.com.ar\/argentina\/wp-json\/wp\/v2\/types\/post"}],"author":[{"embeddable":true,"href":"http:\/\/argentinamunicipal.com.ar\/argentina\/wp-json\/wp\/v2\/users\/2"}],"replies":[{"embeddable":true,"href":"http:\/\/argentinamunicipal.com.ar\/argentina\/wp-json\/wp\/v2\/comments?post=37797"}],"version-history":[{"count":0,"href":"http:\/\/argentinamunicipal.com.ar\/argentina\/wp-json\/wp\/v2\/posts\/37797\/revisions"}],"wp:featuredmedia":[{"embeddable":true,"href":"http:\/\/argentinamunicipal.com.ar\/argentina\/wp-json\/wp\/v2\/media\/37798"}],"wp:attachment":[{"href":"http:\/\/argentinamunicipal.com.ar\/argentina\/wp-json\/wp\/v2\/media?parent=37797"}],"wp:term":[{"taxonomy":"category","embeddable":true,"href":"http:\/\/argentinamunicipal.com.ar\/argentina\/wp-json\/wp\/v2\/categories?post=37797"},{"taxonomy":"post_tag","embeddable":true,"href":"http:\/\/argentinamunicipal.com.ar\/argentina\/wp-json\/wp\/v2\/tags?post=37797"}],"curies":[{"name":"wp","href":"https:\/\/api.w.org\/{rel}","templated":true}]}}