{"id":37811,"date":"2015-10-23T15:55:47","date_gmt":"2015-10-23T18:55:47","guid":{"rendered":"http:\/\/argentinamunicipal.com.ar\/argentina\/?p=37811"},"modified":"2015-10-31T08:16:26","modified_gmt":"2015-10-31T11:16:26","slug":"implementaran-en-el-tunel-subfluvial-el-sistema-de-peaje-mas-moderno-del-pais","status":"publish","type":"post","link":"http:\/\/argentinamunicipal.com.ar\/argentina\/implementaran-en-el-tunel-subfluvial-el-sistema-de-peaje-mas-moderno-del-pais\/","title":{"rendered":"Implementar\u00e1n en el T\u00fanel Subfluvial el sistema de peaje m\u00e1s moderno del pa\u00eds"},"content":{"rendered":"<p><a href=\"http:\/\/argentinamunicipal.com.ar\/argentina\/wp-content\/uploads\/2015\/10\/TunelSubfluvial.jpg\"><img loading=\"lazy\" decoding=\"async\" class=\"aligncenter  wp-image-37813\" src=\"http:\/\/argentinamunicipal.com.ar\/argentina\/wp-content\/uploads\/2015\/10\/TunelSubfluvial.jpg\" alt=\"TunelSubfluvial\" width=\"615\" height=\"410\" srcset=\"http:\/\/argentinamunicipal.com.ar\/argentina\/wp-content\/uploads\/2015\/10\/TunelSubfluvial.jpg 800w, http:\/\/argentinamunicipal.com.ar\/argentina\/wp-content\/uploads\/2015\/10\/TunelSubfluvial-300x200.jpg 300w\" sizes=\"auto, (max-width: 615px) 100vw, 615px\" \/><\/a> <a href=\"http:\/\/argentinamunicipal.com.ar\/argentina\/wp-content\/uploads\/2015\/10\/TunelSubfluvial1.jpg\"><img loading=\"lazy\" decoding=\"async\" class=\"aligncenter size-full wp-image-37814\" src=\"http:\/\/argentinamunicipal.com.ar\/argentina\/wp-content\/uploads\/2015\/10\/TunelSubfluvial1.jpg\" alt=\"TunelSubfluvial\" width=\"800\" height=\"533\" srcset=\"http:\/\/argentinamunicipal.com.ar\/argentina\/wp-content\/uploads\/2015\/10\/TunelSubfluvial1.jpg 800w, http:\/\/argentinamunicipal.com.ar\/argentina\/wp-content\/uploads\/2015\/10\/TunelSubfluvial1-300x200.jpg 300w\" sizes=\"auto, (max-width: 800px) 100vw, 800px\" \/><\/a><br \/>\nEl Ente interprovincial realizar\u00e1 una inversi\u00f3n de m\u00e1s de dos millones de pesos para un nuevo sistema de cobro y control de peaje. Se vender\u00e1n recargas a trav\u00e9s de la web y tambi\u00e9n mediante los celulares.<\/p>\n<p>El T\u00fanel Subfluvial Uranga &#8211; Sylvestre Begnis adjudic\u00f3 los trabajos para la provisi\u00f3n, instalaci\u00f3n y puesta en funcionamiento de un nuevo sistema de cobro y control de peaje, montando un nuevo hardware y software.<br \/>\n\u201cSon cuestiones administrativas que ven\u00edamos analizando desde hace un a\u00f1o, con el prop\u00f3sito de mejorar la prestaci\u00f3n del servicio\u201d, confirm\u00f3 a EL DIARIO el director del T\u00fanel Subfluvial del lado entrerriano, Juan Jos\u00e9 Mart\u00ednez.<\/p>\n<p>En este sentido, adelant\u00f3 que esta incorporaci\u00f3n de tecnolog\u00eda \u201cva a mejorar el servicio y para eso estudiamos experiencias de otras ciudades para tener el sistema m\u00e1s moderno del pa\u00eds\u201d, valor\u00f3 el funcionario entrerriano; al tiempo que previ\u00f3 un plazo de 120 d\u00edas para la puesta en marcha.<\/p>\n<p>La oferta presentada por la empresa Teing SRL fue la ganadora de la licitaci\u00f3n p\u00fablica N\u00ba388\/15. El Ente Interprovincial invertir\u00e1 $2.835.751,14 en un trabajo que implicar\u00e1 una mejora sustancial no s\u00f3lo para el usuario del viaducto sino tambi\u00e9n para el control administrativo, t\u00e9cnico, inform\u00e1tico y financiero de la instituci\u00f3n.<\/p>\n<p>\u201cPara el usuario va a ser un sistema m\u00e1s moderno y \u00e1gil que le permitir\u00e1 atravesar el peaje de manera m\u00e1s r\u00e1pida y sin complicaciones con el sistema\u201d, destac\u00f3 el director del T\u00fanel que atraviesan m\u00e1s de 11 mil veh\u00edculos por d\u00eda.<\/p>\n<p><strong>MEJORAS.<\/strong> Una de las novedades que se incorporar\u00e1 ser\u00e1 una plataforma web donde se vender\u00e1n recargas a trav\u00e9s de homebanking, interbanking y\/o sistema bancario del Banco Entre R\u00edos y el Banco Santa Fe.<br \/>\nTambi\u00e9n estar\u00e1 disponible la venta a trav\u00e9s de celulares.<\/p>\n<p>La tecnolog\u00eda implementada para obtener las funcionalidades necesarias para este proyecto no depender\u00e1 de perif\u00e9ricos que sufran desgastes mec\u00e1nicos. El nuevo sistema tendr\u00e1 tecnolog\u00eda de \u00faltima generaci\u00f3n para mecanismo de detecci\u00f3n de veh\u00edculos y mecanismo de cobros. Adem\u00e1s, contar\u00e1 con los siguientes m\u00f3dulos: v\u00eda, supervisi\u00f3n, validaci\u00f3n, centro de atenci\u00f3n al usuario, informaci\u00f3n gerencial, auditoria y administrador, se\u00f1al\u00f3 el ente interprovincial en un comunicado enviado a este medio.<\/p>\n<p>Se trata de un nuevo paso hacia la renovaci\u00f3n integral de los sistemas inform\u00e1ticos del T\u00fanel Subfluvial, un camino que la instituci\u00f3n comenz\u00f3 a recorrer en 2014 con exhaustivas auditorias t\u00e9cnicas y que apunta a modernizar integralmente el Ente Interprovincial.<\/p>\n<p>\u201cPara el usuario va a ser mas \u00e1gil porque van a tener m\u00e1s medios para adquirir la tarjeta que utilizan. Ser\u00e1 por Internet o un cajero autom\u00e1tico. Son medidas de seguridad para todos\u201d, apunt\u00f3 Mart\u00ednez.<br \/>\nAl respecto, el funcionario subray\u00f3 que llevar\u00e1 a cabo una capacitaci\u00f3n especial para los empleados, a fin de que puedan manejar de manera correcta el nuevo sistema.<\/p>\n<p>\u201cEl usuario va a encontrar un sistema m\u00e1s \u00e1gil, sin problemas por una por posible ca\u00edda del sistema; adem\u00e1s, estar\u00e1n m\u00e1s seguros porque habr\u00e1 un lector de patente instant\u00e1neo\u201d.<\/p>\n<p><strong>FUTURAS OBRAS.<\/strong> El director del T\u00fanel Subfluvial entrerriano destac\u00f3 tambi\u00e9n las obras que est\u00e1n siendo ejecutadas como la primera etapa de hormig\u00f3n y la segunda que comenzar\u00e1 pr\u00f3ximamente.<\/p>\n<p>Adem\u00e1s, ya realizaron la licitaci\u00f3n para la etapa de extensi\u00f3n de los cables de media tensi\u00f3n, que estar\u00e1n colocados dentro de 30 d\u00edas concluyendo as\u00ed la mejora en todo el sistema el\u00e9ctrico.<\/p>\n<p>\u201cEst\u00e1 presupuestado para el a\u00f1o que viene incorporar luces Led en todo el tendido de iluminaci\u00f3n interna del t\u00fanel y terminaremos de cambiar el equipamiento de veh\u00edculos, que ya fueron renovados en un 80%\u201d, enumer\u00f3. Tambi\u00e9n para 2016 tienen previsto mejorar las condiciones edilicias del complejo social de esta dependencia.<\/p>\n<h6>Fuente: El Diario de Entre R\u00edos<\/h6>\n","protected":false},"excerpt":{"rendered":"<p>El Ente interprovincial realizar\u00e1 una inversi\u00f3n de m\u00e1s de dos millones de pesos para un nuevo sistema de cobro y control de peaje. Se vender\u00e1n recargas a trav\u00e9s de la web y tambi\u00e9n mediante los celulares. <\/p>\n","protected":false},"author":2,"featured_media":37814,"comment_status":"closed","ping_status":"closed","sticky":false,"template":"","format":"standard","meta":{"footnotes":""},"categories":[2],"tags":[17],"class_list":["post-37811","post","type-post","status-publish","format-standard","has-post-thumbnail","hentry","category-informe-municipal","tag-entre-rios"],"_links":{"self":[{"href":"http:\/\/argentinamunicipal.com.ar\/argentina\/wp-json\/wp\/v2\/posts\/37811","targetHints":{"allow":["GET"]}}],"collection":[{"href":"http:\/\/argentinamunicipal.com.ar\/argentina\/wp-json\/wp\/v2\/posts"}],"about":[{"href":"http:\/\/argentinamunicipal.com.ar\/argentina\/wp-json\/wp\/v2\/types\/post"}],"author":[{"embeddable":true,"href":"http:\/\/argentinamunicipal.com.ar\/argentina\/wp-json\/wp\/v2\/users\/2"}],"replies":[{"embeddable":true,"href":"http:\/\/argentinamunicipal.com.ar\/argentina\/wp-json\/wp\/v2\/comments?post=37811"}],"version-history":[{"count":0,"href":"http:\/\/argentinamunicipal.com.ar\/argentina\/wp-json\/wp\/v2\/posts\/37811\/revisions"}],"wp:featuredmedia":[{"embeddable":true,"href":"http:\/\/argentinamunicipal.com.ar\/argentina\/wp-json\/wp\/v2\/media\/37814"}],"wp:attachment":[{"href":"http:\/\/argentinamunicipal.com.ar\/argentina\/wp-json\/wp\/v2\/media?parent=37811"}],"wp:term":[{"taxonomy":"category","embeddable":true,"href":"http:\/\/argentinamunicipal.com.ar\/argentina\/wp-json\/wp\/v2\/categories?post=37811"},{"taxonomy":"post_tag","embeddable":true,"href":"http:\/\/argentinamunicipal.com.ar\/argentina\/wp-json\/wp\/v2\/tags?post=37811"}],"curies":[{"name":"wp","href":"https:\/\/api.w.org\/{rel}","templated":true}]}}