{"id":37913,"date":"2015-10-24T09:35:42","date_gmt":"2015-10-24T12:35:42","guid":{"rendered":"http:\/\/argentinamunicipal.com.ar\/argentina\/?p=37913"},"modified":"2015-10-24T09:35:42","modified_gmt":"2015-10-24T12:35:42","slug":"parana-tambien-tiene-ley-de-talles","status":"publish","type":"post","link":"http:\/\/argentinamunicipal.com.ar\/argentina\/parana-tambien-tiene-ley-de-talles\/","title":{"rendered":"Paran\u00e1 tambi\u00e9n tiene ley de talles"},"content":{"rendered":"<p><a href=\"http:\/\/argentinamunicipal.com.ar\/argentina\/wp-content\/uploads\/2015\/10\/ley-de-talles-2.jpg\"><img loading=\"lazy\" decoding=\"async\" class=\"aligncenter  wp-image-37914\" src=\"http:\/\/argentinamunicipal.com.ar\/argentina\/wp-content\/uploads\/2015\/10\/ley-de-talles-2.jpg\" alt=\"ley-de-talles-2\" width=\"620\" height=\"439\" srcset=\"http:\/\/argentinamunicipal.com.ar\/argentina\/wp-content\/uploads\/2015\/10\/ley-de-talles-2.jpg 1280w, http:\/\/argentinamunicipal.com.ar\/argentina\/wp-content\/uploads\/2015\/10\/ley-de-talles-2-300x212.jpg 300w, http:\/\/argentinamunicipal.com.ar\/argentina\/wp-content\/uploads\/2015\/10\/ley-de-talles-2-1024x725.jpg 1024w\" sizes=\"auto, (max-width: 620px) 100vw, 620px\" \/><\/a><br \/>\nLa Municipalidad de Paran\u00e1 reglament\u00f3 la ordenanza de adhesi\u00f3n a la ley provincial N\u00ba 9.703, conocida como Ley de Talles. La norma obliga a abarcar todas las medidas antropom\u00e9tricas, tanto en la fabricaci\u00f3n como en la venta de ropa.<\/p>\n<p>Fabricantes y comerciantes tendr\u00e1n tiempo hasta mediados de febrero para adecuarse a las disposiciones que establece la iniciativa promovida por el senador provincial Natalio Gerdau, quien propone abordar \u201clas zonas grises que dej\u00f3 la ley vigente\u201d.<\/p>\n<p>La reglamentaci\u00f3n de la Municipalidad se efectu\u00f3 a trav\u00e9s del decreto N\u00ba 2.247 el 13 de octubre pasado y fue publicado en el Bolet\u00edn Oficial tres d\u00edas despu\u00e9s. All\u00ed se reglamentan algunos aspectos de la ordenanza N\u00ba 8.783, por la cual la Comuna adhiri\u00f3 a la Ley de Talles, N\u00ba 9.703, sancionada en 2006.<\/p>\n<p>Sin embargo, en la Legislatura provincial se impulsa una modificaci\u00f3n para \u201czanjar las falencias de la norma existente, que a\u00fan no se cumple\u201d.<\/p>\n<p>En tanto, los fabricantes y comerciantes deber\u00e1n adecuar la operatoria a la norma reglamentaria en un plazo de 120 d\u00edas a partir de la publicaci\u00f3n del decreto en el Bolet\u00edn Oficial. Esto significa que para mediados de febrero deben haber efectuado las adecuaciones correspondientes.<\/p>\n<p>En el decreto reglamentario tambi\u00e9n se establece que el Departamento Ejecutivo Municipal \u201ca los fines de optimizar los objetivos que se persiguen con la aplicaci\u00f3n de la presente normativa, as\u00ed como tambi\u00e9n promover la efectiva toma de conciencia de la poblaci\u00f3n acerca de los efectos adversos que genera en la salud, mayormente del sector adolescente, la inexistencia de una amplitud de talles en prendas de vestir o la falta de correspondencia entre la prenda y su etiquetado, podr\u00e1 llevar adelante las acciones que considere pertinentes, recabando al efecto la colaboraci\u00f3n, o concertando acuerdos con organismos gubernamentales y no gubernamentales o entidades intermedias vinculados a la materia que se reglamenta\u201d.<\/p>\n<p>Tambi\u00e9n podr\u00e1 \u201cdisponer medidas de distinta naturaleza (publicitario, tributario, etc.), de car\u00e1cter transitorio\u201d, con el objetivo de \u201cestimular e incentivar el cumplimiento de la presente normativa por parte de los sujetos obligados\u201d.<\/p>\n<p>En vidriera. Con idas y vueltas que fueron modificando la primera norma que se sancion\u00f3 en el Congreso Nacional, el cumplimiento de lo establecido en la Ley de Talle sigue siendo dispar por parte de los fabricantes de prendas de vestir.<\/p>\n<p>\u201cHace cinco a\u00f1os que decidimos poner el local y ya inauguramos otro en la peatonal, y eso de debe a que hemos cubierto una necesidad que muchas mujeres ve\u00edan insatisfecha\u201d, cont\u00f3 a EL DIARIO Adriana Rold\u00e1n, propietaria de un negocio dedicado a la venta de prendas confeccionadas con talles que superan los convencionales.<\/p>\n<p>\u201cSiempre fui gordita y padec\u00ed no encontrar ropa, depend\u00eda de mi hermana, que es modista, para poder vestirme con prendas que me gustaran; por eso cuando se nos dio la posibilidad de abrir un negocio apuntamos a talles m\u00e1s grandes\u201d, indic\u00f3. En este sentido, la entrevistada admiti\u00f3 las dificultades para conseguir modelos originales, coloridas y modernas, \u201cporque nos son muchos los fabricantes que deciden dise\u00f1ar modelos en talles grandes, aunque hay que destacar que en los \u00faltimos dos a\u00f1os surgieron nuevas marcas dedicadas a este sector\u201d, explic\u00f3.<\/p>\n<p>A medida que pasa el tiempo hay m\u00e1s fabricantes que deciden confeccionar talles grandes y comienzan a haber propuestas elegantes en mallas y ropa interior.<\/p>\n<p>\u201cEl p\u00fablico que tenemos es muy variado, y en su mayor\u00eda con chicas j\u00f3venes y adolescentes, ac\u00e1 vienen jovencitas desde los 14 a\u00f1os en adelante\u201d.<\/p>\n<p>Mayor demanda. Hay locales que si bien no est\u00e1n dedicados exclusivamente a la venta de prendas en talles especiales, tienen un clientela dominada por mujeres que superan los 35 a\u00f1os, y para estos casos la b\u00fasqueda de opciones implica esfuerzo por parte del due\u00f1o del comercio.<\/p>\n<p>Mar\u00eda Herrlein es due\u00f1a de un local dedicado a las prendas femeninas y en di\u00e1logo con esta Hoja consider\u00f3 que la curva de talles se est\u00e1 normalizando \u201cporque creci\u00f3 significativamente la demanda de talles m\u00e1s grandes\u201d, asegur\u00f3.<br \/>\n\u201cBusco mucho y trato de innovar con modelos que se puedan usar y est\u00e9n acordes con la tendencia; en estos dos a\u00f1os que llevo al frente del local tuve que evolucionar en cuanto a los talles, debido a la demanda de muchas mujeres que quieren usar modelos lindos y que les queden bien\u201d, explic\u00f3.<\/p>\n<p>En este sentido, hizo hincapi\u00e9 en que la complicaci\u00f3n pasa por los costos de la ropa fabricada en talles XL en adelante: \u201clos costos var\u00edan mucho, si van desde el S hasta el L y desde el XL en adelante la diferencia es importante\u201d, lament\u00f3. Al respecto ejemplific\u00f3 indicando que un vestido hasta el talle L tiene un costo de 550 pesos, pasado ese talle, el costo asciende a 700 pesos o m\u00e1s.<\/p>\n<p>\u201cHay talles grandes pero hay que buscarlos, es una decisi\u00f3n de cada comerciante salir a buscar las opciones que hay en el mercado\u201d, consider\u00f3.<\/p>\n<p><strong>El \u00f3rgano de aplicaci\u00f3n<\/strong><\/p>\n<p>\u201cA los fines de precisar y asegurar de manera efectiva la defensa de los derechos de los consumidores, y con relaci\u00f3n a las prendas de vestir y la correcta identificaci\u00f3n de talles que deber\u00eda conformar la oferta en el mercado local, se hace necesario proceder a la reglamentaci\u00f3n de ciertos aspectos de la citada ordenanza\u201d, se lee en los considerandos del decreto de reglamentaci\u00f3n.<\/p>\n<p>En primer lugar, se precisa que las \u201cmedidas antropom\u00e9tricas\u201d son \u201clas consignadas en las tablas de medidas e intervalos de la Norma IRAM o ISO que resulten de aplicaci\u00f3n\u201d.<\/p>\n<p>Se detalla que el \u00f3rgano de aplicaci\u00f3n es el Organismo de Defensa del Consumidor, el cual podr\u00e1 \u201crequerir informes y\/o solicitar el auxilio de otros organismos municipales para el cumplimiento de sus funciones\u201d.<\/p>\n<p>Respecto del etiquetado, se dispone que \u201clas prendas que el comerciante ofrece para su venta deber\u00e1n contar con etiquetas en las que, mediante pictogramas o indicadores se detallen las medidas corporales y las equivalencias seg\u00fan las distintas formas de medici\u00f3n de los talles, las que estar\u00e1n cosidas a la prenda o colgadas por separado\u201d.<\/p>\n<p>En relaci\u00f3n a la fiscalizaci\u00f3n, se indica que \u201cel \u00f3rgano de aplicaci\u00f3n a trav\u00e9s de funcionario fiscalizador deber\u00e1 constatar en el comercio el correcto etiquetado de las prendas, y la correspondencia entre el valor num\u00e9rico del talle que identifica la prenda y la medida real de la misma\u201d.<\/p>\n<p>El decreto ordena tambi\u00e9n el procedimiento. \u201cSi el funcionario actuante detectare el incumplimiento de alguna de las obligaciones, proceder\u00e1 a labrar el acta de constataci\u00f3n correspondiente\u201d, indica. En el acta deber\u00e1n figurar \u201clos datos del responsable o raz\u00f3n social del establecimiento comercial, domicilio comercial y descripci\u00f3n de la\/s irregularidad\/es detectadas\u201d. Luego se otorgar\u00e1 al presunto infractor un plazo de cinco d\u00edas h\u00e1biles a los fines de que formule su descargo ante la Justicia de Faltas Municipal. Se detalla que las actuaciones se elevar\u00e1n en el plazo de 24 horas a la Justicia de Faltas Municipal. \u201cEn lo dem\u00e1s, resultar\u00e1n de aplicaci\u00f3n al procedimiento las disposiciones de la Justicia de Faltas establecidas en la Ordenanzas N\u00ba 5.421 y N\u00b0 5.614 y sus modificatorias\u201d, se se\u00f1ala.<\/p>\n<h6>Fuente: El Diario de Entre R\u00edos<\/h6>\n","protected":false},"excerpt":{"rendered":"<p>La Municipalidad de Paran\u00e1 reglament\u00f3 la ordenanza de adhesi\u00f3n a la ley provincial N\u00ba 9.703, conocida como Ley de Talles. La norma obliga a abarcar todas las medidas antropom\u00e9tricas, tanto en la fabricaci\u00f3n como en la venta de ropa. Fabricantes y comerciantes tendr\u00e1n tiempo hasta mediados de febrero para adecuarse a las disposiciones que establece<\/p>\n","protected":false},"author":2,"featured_media":37914,"comment_status":"closed","ping_status":"closed","sticky":false,"template":"","format":"standard","meta":{"footnotes":""},"categories":[2],"tags":[17],"class_list":["post-37913","post","type-post","status-publish","format-standard","has-post-thumbnail","hentry","category-informe-municipal","tag-entre-rios"],"_links":{"self":[{"href":"http:\/\/argentinamunicipal.com.ar\/argentina\/wp-json\/wp\/v2\/posts\/37913","targetHints":{"allow":["GET"]}}],"collection":[{"href":"http:\/\/argentinamunicipal.com.ar\/argentina\/wp-json\/wp\/v2\/posts"}],"about":[{"href":"http:\/\/argentinamunicipal.com.ar\/argentina\/wp-json\/wp\/v2\/types\/post"}],"author":[{"embeddable":true,"href":"http:\/\/argentinamunicipal.com.ar\/argentina\/wp-json\/wp\/v2\/users\/2"}],"replies":[{"embeddable":true,"href":"http:\/\/argentinamunicipal.com.ar\/argentina\/wp-json\/wp\/v2\/comments?post=37913"}],"version-history":[{"count":0,"href":"http:\/\/argentinamunicipal.com.ar\/argentina\/wp-json\/wp\/v2\/posts\/37913\/revisions"}],"wp:featuredmedia":[{"embeddable":true,"href":"http:\/\/argentinamunicipal.com.ar\/argentina\/wp-json\/wp\/v2\/media\/37914"}],"wp:attachment":[{"href":"http:\/\/argentinamunicipal.com.ar\/argentina\/wp-json\/wp\/v2\/media?parent=37913"}],"wp:term":[{"taxonomy":"category","embeddable":true,"href":"http:\/\/argentinamunicipal.com.ar\/argentina\/wp-json\/wp\/v2\/categories?post=37913"},{"taxonomy":"post_tag","embeddable":true,"href":"http:\/\/argentinamunicipal.com.ar\/argentina\/wp-json\/wp\/v2\/tags?post=37913"}],"curies":[{"name":"wp","href":"https:\/\/api.w.org\/{rel}","templated":true}]}}