{"id":37916,"date":"2015-10-24T09:45:58","date_gmt":"2015-10-24T12:45:58","guid":{"rendered":"http:\/\/argentinamunicipal.com.ar\/argentina\/?p=37916"},"modified":"2015-10-24T09:45:58","modified_gmt":"2015-10-24T12:45:58","slug":"entre-rios-capacitacion-sobre-desarrollo-sostenible-de-las-ciudades","status":"publish","type":"post","link":"http:\/\/argentinamunicipal.com.ar\/argentina\/entre-rios-capacitacion-sobre-desarrollo-sostenible-de-las-ciudades\/","title":{"rendered":"Entre R\u00edos: Capacitaci\u00f3n sobre desarrollo sostenible de las ciudades"},"content":{"rendered":"<p><a href=\"http:\/\/argentinamunicipal.com.ar\/argentina\/wp-content\/uploads\/2015\/10\/m_1445458691.jpg\"><img loading=\"lazy\" decoding=\"async\" class=\"alignleft size-full wp-image-37917\" src=\"http:\/\/argentinamunicipal.com.ar\/argentina\/wp-content\/uploads\/2015\/10\/m_1445458691.jpg\" alt=\"m_1445458691\" width=\"288\" height=\"288\" srcset=\"http:\/\/argentinamunicipal.com.ar\/argentina\/wp-content\/uploads\/2015\/10\/m_1445458691.jpg 288w, http:\/\/argentinamunicipal.com.ar\/argentina\/wp-content\/uploads\/2015\/10\/m_1445458691-150x150.jpg 150w, http:\/\/argentinamunicipal.com.ar\/argentina\/wp-content\/uploads\/2015\/10\/m_1445458691-50x50.jpg 50w\" sizes=\"auto, (max-width: 288px) 100vw, 288px\" \/><\/a>\u201cLiderando el desarrollo sostenible de las ciudades\u201d es la denominaci\u00f3n del curso virtual y gratuito al que invit\u00f3 a participar la Secretar\u00eda de Gesti\u00f3n P\u00fablica del gobierno entrerriano. El plazo para preinscribirse es hasta el 29 de este mes.<\/p>\n<p>La actividad, se inform\u00f3, resultar\u00e1 especialmente de inter\u00e9s para quienes se desempe\u00f1an en \u00e1mbitos estrat\u00e9gicos en los distintos municipios entrerrianos, para profesionales que trabajan o desean perfeccionarse en desarrollo local e interesados en general.<\/p>\n<p>Es una propuesta de capacitaci\u00f3n impulsada por el Banco Interamericano de Desarrollo (BID). Su objetivo es fortalecer los conocimientos y capacidades de los gobiernos municipales para dar respuesta a los desaf\u00edos que plantea el desarrollo sostenible en la gesti\u00f3n p\u00fablica.<\/p>\n<p>Este curso analiza los principales retos que enfrentan las ciudades intermedias de Am\u00e9rica Latina y el Caribe en temas urbanos, econ\u00f3micos, fiscales, ambientales, institucionales y de gobernabilidad. Para hacer frente a estos desaf\u00edos lo contenidos re\u00fanen casos y lecciones aprendidas de m\u00e1s de 30 expertos de la regi\u00f3n y especialistas del BID. Se apoya en la herramienta de autodiagn\u00f3stico de la Iniciativa Ciudades Emergentes y Sostenibles.<\/p>\n<p>A trav\u00e9s de esta iniciativa el BID ha trabajado en m\u00e1s de 50 ciudades emergentes latinoamericanas que tienen importantes retos en las \u00e1reas de sostenibilidad ambiental, urbana y fiscal. Durante los \u00faltimos a\u00f1os, especialistas de distintas \u00e1reas y sectores del BID han trabajado de la mano con los municipios, identificando retos y oportunidades de mejora que se ajustan a la realidad concreta de cada ciudad. Esta capacitaci\u00f3n re\u00fane toda esa experiencia y ayudar\u00e1 a los cursantes a entender los retos que otras ciudades est\u00e1n enfrentando en estos d\u00edas.<\/p>\n<p><strong>A DISTANCIA.<\/strong> La actividad es online y de acceso gratuito a todos aquellos interesados en el tema. Sin embargo, est\u00e1 orientada especialmente a gestores p\u00fablicos que en su d\u00eda a d\u00eda buscan ideas innovadoras para desarrollar soluciones en sus ciudades y resultar\u00e1 de especial utilidad para los profesionales que trabajan o desean perfeccionarse en desarrollo local as\u00ed como para los responsables de dise\u00f1ar e implementar las distintas estrategias y pol\u00edticas p\u00fablicas municipales.<\/p>\n<p>Los interesados pueden comunicarse al tel\u00e9fono 0343-4208500 (Interno 1.305). Para realizar la preinscripci\u00f3n, deben enviar correo electr\u00f3nico a comunicaciongestionpublica@gmail.com, indicando: Nombre y Apellido, Mail, Tel\u00e9fono de contacto, CUIT- y si se desempe\u00f1a en la administraci\u00f3n p\u00fablica- Funci\u00f3n (o puesto que desempe\u00f1a) y dependencia a la que pertenece.<\/p>\n<h6>Fuente: El Diario; Entre R\u00edos<\/h6>\n","protected":false},"excerpt":{"rendered":"<p>\u201cLiderando el desarrollo sostenible de las ciudades\u201d es la denominaci\u00f3n del curso virtual y gratuito al que invit\u00f3 a participar la Secretar\u00eda de Gesti\u00f3n P\u00fablica del gobierno entrerriano. El plazo para preinscribirse es hasta el 29 de este mes. La actividad, se inform\u00f3, resultar\u00e1 especialmente de inter\u00e9s para quienes se desempe\u00f1an en \u00e1mbitos estrat\u00e9gicos en<\/p>\n","protected":false},"author":2,"featured_media":37917,"comment_status":"closed","ping_status":"closed","sticky":false,"template":"","format":"standard","meta":{"footnotes":""},"categories":[2],"tags":[17],"class_list":["post-37916","post","type-post","status-publish","format-standard","has-post-thumbnail","hentry","category-informe-municipal","tag-entre-rios"],"_links":{"self":[{"href":"http:\/\/argentinamunicipal.com.ar\/argentina\/wp-json\/wp\/v2\/posts\/37916","targetHints":{"allow":["GET"]}}],"collection":[{"href":"http:\/\/argentinamunicipal.com.ar\/argentina\/wp-json\/wp\/v2\/posts"}],"about":[{"href":"http:\/\/argentinamunicipal.com.ar\/argentina\/wp-json\/wp\/v2\/types\/post"}],"author":[{"embeddable":true,"href":"http:\/\/argentinamunicipal.com.ar\/argentina\/wp-json\/wp\/v2\/users\/2"}],"replies":[{"embeddable":true,"href":"http:\/\/argentinamunicipal.com.ar\/argentina\/wp-json\/wp\/v2\/comments?post=37916"}],"version-history":[{"count":0,"href":"http:\/\/argentinamunicipal.com.ar\/argentina\/wp-json\/wp\/v2\/posts\/37916\/revisions"}],"wp:featuredmedia":[{"embeddable":true,"href":"http:\/\/argentinamunicipal.com.ar\/argentina\/wp-json\/wp\/v2\/media\/37917"}],"wp:attachment":[{"href":"http:\/\/argentinamunicipal.com.ar\/argentina\/wp-json\/wp\/v2\/media?parent=37916"}],"wp:term":[{"taxonomy":"category","embeddable":true,"href":"http:\/\/argentinamunicipal.com.ar\/argentina\/wp-json\/wp\/v2\/categories?post=37916"},{"taxonomy":"post_tag","embeddable":true,"href":"http:\/\/argentinamunicipal.com.ar\/argentina\/wp-json\/wp\/v2\/tags?post=37916"}],"curies":[{"name":"wp","href":"https:\/\/api.w.org\/{rel}","templated":true}]}}