{"id":37922,"date":"2015-10-24T09:58:35","date_gmt":"2015-10-24T12:58:35","guid":{"rendered":"http:\/\/argentinamunicipal.com.ar\/argentina\/?p=37922"},"modified":"2015-10-24T09:58:35","modified_gmt":"2015-10-24T12:58:35","slug":"conoce-todo-sobre-las-elecciones-generales-de-este-domingo-25-parlasur-argentina-es-el-2-pais-en-elegir-parlamentarios","status":"publish","type":"post","link":"http:\/\/argentinamunicipal.com.ar\/argentina\/conoce-todo-sobre-las-elecciones-generales-de-este-domingo-25-parlasur-argentina-es-el-2-pais-en-elegir-parlamentarios\/","title":{"rendered":"Conoc\u00e9 todo sobre las elecciones generales de este domingo 25. Parlasur, Argentina es el 2\u00b0 pa\u00eds en elegir parlamentarios"},"content":{"rendered":"<p><a href=\"http:\/\/argentinamunicipal.com.ar\/argentina\/wp-content\/uploads\/2015\/10\/ArgentinaEleccionesMapa-23102015-640x375.jpg\"><img loading=\"lazy\" decoding=\"async\" class=\"aligncenter size-full wp-image-37924\" src=\"http:\/\/argentinamunicipal.com.ar\/argentina\/wp-content\/uploads\/2015\/10\/ArgentinaEleccionesMapa-23102015-640x375.jpg\" alt=\"ArgentinaEleccionesMapa-23102015-640x375\" width=\"640\" height=\"375\" srcset=\"http:\/\/argentinamunicipal.com.ar\/argentina\/wp-content\/uploads\/2015\/10\/ArgentinaEleccionesMapa-23102015-640x375.jpg 640w, http:\/\/argentinamunicipal.com.ar\/argentina\/wp-content\/uploads\/2015\/10\/ArgentinaEleccionesMapa-23102015-640x375-300x176.jpg 300w\" sizes=\"auto, (max-width: 640px) 100vw, 640px\" \/><\/a><br \/>\nLa integraci\u00f3n del parlamento del Mercosur deber\u00e1 surgir de la elecci\u00f3n por los propios ciudadanos de cada pa\u00eds, a trav\u00e9s del voto directo, universal y secreto.<\/p>\n<p>En las elecciones generales del pr\u00f3ximo domingo, la Argentina ser\u00e1 el segundo pa\u00eds en elegir a sus representantes en el Parlasur.<\/p>\n<p>Cuando el electorado argentino vote el pr\u00f3ximo domingo, Argentina se convertir\u00e1 en el segundo pa\u00eds en elegir a sus representantes mediante el voto popular, tras la experiencia de Paraguay, quien en el a\u00f1o 2013 realiz\u00f3 las primeras elecciones directas, para designar a sus 18 parlamentarios.<\/p>\n<p>La elecci\u00f3n de quienes representan a los intereses ciudadanos, se realiz\u00f3 de manera directa, a trav\u00e9s del voto de la gente.<\/p>\n<p>De esta manera, Argentina elegir\u00e1 a un total de 43 parlamentarios para la delegaci\u00f3n nacional: uno por provincia (24) en total, m\u00e1s 19 parlamentarios, elegidos como distrito \u00fanico.<\/p>\n<p>De este modo, Argentina cumplir\u00e1 con el Protocolo que prev\u00e9 que, la integraci\u00f3n del parlamento del Mercosur deber\u00e1 surgir de la elecci\u00f3n por los propios ciudadanos de cada pa\u00eds, a trav\u00e9s del voto directo, universal y secreto.<\/p>\n<p>As\u00ed, el Parlasur quedar\u00e1 integrado por 188 miembros: 76 parlamentarios de Brasil, 43 de Argentina, 33 de Venezuela, 18 de Uruguay y otros 18 de Paraguay.<\/p>\n<p>La elecci\u00f3n directa de parlamentarios que integrar\u00e1n el MERCOSUR, significa un paso adelante hacia la integraci\u00f3n de los pa\u00edses, y la plena representatividad de los ciudadanos, quienes podr\u00e1n elegir a sus representantes en el Parlasur, por primera vez, de manera directa, a trav\u00e9s del sufragio universal.<\/p>\n<p>La Rioja, por primera vez, tendr\u00e1 voz y protagonismo en un \u00e1mbito de debate regional, de participaci\u00f3n, para afianzar la integraci\u00f3n latinoamericana.<\/p>\n<p><strong>Qu\u00e9 es el Parlasur<\/strong><\/p>\n<p>El Parlamento del MERCOSUR es el \u00f3rgano representativo de los intereses de los ciudadanos de los Estados Partes, Paraguay, Uruguay, Brasil, Venezuela y Argentina, y recientemente integrado, Chile.<\/p>\n<p>De esta manera la conformaci\u00f3n del Parlamento, significa para la regi\u00f3n, un aporte a la calidad y equilibrio institucional del MERCOSUR.<\/p>\n<p>\u201cA trav\u00e9s del Parlamento se crea un espacio com\u00fan en el que se ve reflejado el pluralismo y las diversidades de la regi\u00f3n, que inevitablemente contribuyen a la democracia, participaci\u00f3n, la representatividad, transparencia y legitimidad social, como una nueva generaci\u00f3n de pol\u00edticas de integraci\u00f3n en clave regional\u201d, sostiene el sitio web del MERCOSUR.<\/p>\n<p>La elecci\u00f3n de candidatos al Parlasur es muy importante para la provincia porque de ese modo La Rioja buscar\u00e1 integrarse al MERCOSUR vinculando los sectores productivos, tur\u00edsticos y comerciales con toda Sudam\u00e9rica.<\/p>\n<p><strong>El MERCOSUR<\/strong><\/p>\n<p>El Mercado Com\u00fan del Sur, m\u00e1s conocido como MERCOSUR, en su conjunto representan la quinta econom\u00eda del mundo, en todo su territorio conviven diversos ecosistemas, tanto continentales, como mar\u00edtimos, que poseen una de las mayores reservas de biodiversidad del mundo.<\/p>\n<p>Asimismo, posee una de las m\u00e1s importantes reservas de agua dulce del planeta: el Acu\u00edfero Guaran\u00ed; tiene recursos energ\u00e9ticos inmensos, tanto renovables como no renovables.<\/p>\n<h6>Fuente: Nueva Rioja<\/h6>\n<p>&nbsp;<\/p>\n<hr \/>\n<p>Ma\u00f1ana los argentinos tendr\u00e1n la gran responsabilidad acudir a las urnas para votar y elegir que gobierno quieren para los pr\u00f3ximos 4 a\u00f1os.<\/p>\n<p>En todo el pa\u00eds se vota a Presidente y vicepresidente de la Na\u00adci\u00f3n. Adem\u00e1s, se elegir\u00e1n 130 diputados, 24 senadores y 43 parlamentarios del Mercosur. Simult\u00e1neamente, 11 provincias definir\u00e1n sus autoridades pro\u00advinciales.<\/p>\n<p>Tras un a\u00f1o de intensa campa\u00f1a electoral, este domingo 25 de octubre se realizar\u00e1n las elecciones generales que definir\u00e1n los destinos del pa\u00eds en los pr\u00f3ximos a\u00f1os.<\/p>\n<p>Los candidatos que se disputan la presidencia son: Daniel Scioli (Frente para la Victoria), Mauricio Macri (Cambiemos), Sergio Massa (Uni\u00f3n por una Nueva Argentina), Margarita Stolbizer (Progresistas), Nicolas Del Ca\u00f1o (FIT), y Adolfo Rodrigez Sa\u00e1 (Alianza Compromiso Federal).<\/p>\n<p>Simult\u00e1neamente, 11 provincias definir\u00e1n sus autoridades provinciales: Buenos Aires, Catamarca, Chubut, Entre R\u00edos, Formosa, Jujuy, La Pampa, Misiones, Santa Cruz, San Juan y San Luis.<\/p>\n<p><strong>\u00bfQu\u00e9 se vota el domingo en cada provincia?<\/strong><\/p>\n<p><strong>Catamarca<\/strong>: se votan los cargos de: gobernador, vicegobernador, diputados y senadores provinciales, cargos municipales y parlamentarios del Mercosur. Tambi\u00e9n se definir\u00e1n 2 bancas de diputados nacionales y 3 de senadores.<\/p>\n<p><strong>Chubut<\/strong>: gobernador y vicegobernador. Adem\u00e1s se votar\u00e1n diputados provinciales, intendentes y concejales.<\/p>\n<p><strong>Entre R\u00edos<\/strong>: se elegir\u00e1n gobernador y vicegobernador, las 34 bancas de diputados provinciales como un \u00fanico distrito, las 17 bancas de senadores provinciales y a cargos municipales.<\/p>\n<p><strong>Formosa<\/strong>: en esta provincia se elegir\u00e1n gobernador y vicegobernador de la provincia, as\u00ed como 15 diputados provinciales titulares y 8 suplentes, que reemplazar\u00e1n a aquellos cuyos mandatos caducan el 10 de diciembre de 2015. Adem\u00e1s, se votar\u00e1n 3 bancas de diputados nacionales.<\/p>\n<p><strong>Jujuy<\/strong>: se elegir\u00e1 gobernador, vice, 3 diputados nacionales y 24 diputados provinciales.<\/p>\n<p><strong>La Pampa<\/strong>: se elegir\u00e1n gobernador, vice gobernador, 30 diputados provinciales y cargos municipales.<\/p>\n<p><strong>Misiones<\/strong>: se votan los cargos de gobernador y vicegobernador, diputados provinciales y cargos municipales.<\/p>\n<p><strong>Santa Cruz<\/strong>: en la provincia patag\u00f3nica, se elegir\u00e1n los cargos de gobernador y vicegobernador, 24 diputados provinciales, 15 intendentes y m\u00e1s de 70 concejales.<\/p>\n<p><strong>San Juan<\/strong>: en la provincia se votar\u00e1n los cargos de gobernador y vicegobernador, diputados provinciales y cargos municipales. Adem\u00e1s, se definir\u00e1n 3 bancas de diputados nacionales.<\/p>\n<p><strong>San Luis<\/strong>: en la provincia puntana se votar\u00e1n gobernador y vicegobernador, 21 diputados y 5 senadores provinciales y 2 diputados nacionales. Adem\u00e1s, se definir\u00e1n los representantes de m\u00e1s de 50 municipios y concejales de 14 distritos.<\/p>\n<p><strong>CONTEO DE VOTOS<\/strong><\/p>\n<p>Los resultados estar\u00edan hacia las 23<\/p>\n<p>El director nacional electoral, Alejandro Tullio, dijo que \u201clos resultados estar\u00edan hacia las 23, pero puede ser antes si los datos que tenemos son consistentes\u201d.<\/p>\n<p>Tullio descart\u00f3 que se d\u00e9 prioridad de difusi\u00f3n a la categor\u00eda de f\u00f3rmula presidencial: \u201cEl domingo a la noche se cargar\u00e1 completa toda la informaci\u00f3n\u201d.<\/p>\n<h6>Fuente: Huarpe<\/h6>\n","protected":false},"excerpt":{"rendered":"<p>La integraci\u00f3n del parlamento del Mercosur deber\u00e1 surgir de la elecci\u00f3n por los propios ciudadanos de cada pa\u00eds, a trav\u00e9s del voto directo, universal y secreto. En las elecciones generales del pr\u00f3ximo domingo, la Argentina ser\u00e1 el segundo pa\u00eds en elegir a sus representantes en el Parlasur. Cuando el electorado argentino vote el pr\u00f3ximo domingo,<\/p>\n","protected":false},"author":2,"featured_media":37924,"comment_status":"closed","ping_status":"closed","sticky":false,"template":"","format":"standard","meta":{"footnotes":""},"categories":[8],"tags":[21],"class_list":["post-37922","post","type-post","status-publish","format-standard","has-post-thumbnail","hentry","category-informe-nacional","tag-argentina"],"_links":{"self":[{"href":"http:\/\/argentinamunicipal.com.ar\/argentina\/wp-json\/wp\/v2\/posts\/37922","targetHints":{"allow":["GET"]}}],"collection":[{"href":"http:\/\/argentinamunicipal.com.ar\/argentina\/wp-json\/wp\/v2\/posts"}],"about":[{"href":"http:\/\/argentinamunicipal.com.ar\/argentina\/wp-json\/wp\/v2\/types\/post"}],"author":[{"embeddable":true,"href":"http:\/\/argentinamunicipal.com.ar\/argentina\/wp-json\/wp\/v2\/users\/2"}],"replies":[{"embeddable":true,"href":"http:\/\/argentinamunicipal.com.ar\/argentina\/wp-json\/wp\/v2\/comments?post=37922"}],"version-history":[{"count":0,"href":"http:\/\/argentinamunicipal.com.ar\/argentina\/wp-json\/wp\/v2\/posts\/37922\/revisions"}],"wp:featuredmedia":[{"embeddable":true,"href":"http:\/\/argentinamunicipal.com.ar\/argentina\/wp-json\/wp\/v2\/media\/37924"}],"wp:attachment":[{"href":"http:\/\/argentinamunicipal.com.ar\/argentina\/wp-json\/wp\/v2\/media?parent=37922"}],"wp:term":[{"taxonomy":"category","embeddable":true,"href":"http:\/\/argentinamunicipal.com.ar\/argentina\/wp-json\/wp\/v2\/categories?post=37922"},{"taxonomy":"post_tag","embeddable":true,"href":"http:\/\/argentinamunicipal.com.ar\/argentina\/wp-json\/wp\/v2\/tags?post=37922"}],"curies":[{"name":"wp","href":"https:\/\/api.w.org\/{rel}","templated":true}]}}