{"id":3796,"date":"2014-03-13T17:11:22","date_gmt":"2014-03-13T20:11:22","guid":{"rendered":"http:\/\/argentinamunicipal.com.ar\/argentina\/?p=3796"},"modified":"2014-03-31T10:21:33","modified_gmt":"2014-03-31T13:21:33","slug":"la-nacion-dara-la-capacitacion-final-a-la-nueva-policia-comunitaria-de-rosario","status":"publish","type":"post","link":"http:\/\/argentinamunicipal.com.ar\/argentina\/la-nacion-dara-la-capacitacion-final-a-la-nueva-policia-comunitaria-de-rosario\/","title":{"rendered":"La Naci\u00f3n dar\u00e1 la capacitaci\u00f3n final a la nueva Polic\u00eda Comunitaria de Rosario"},"content":{"rendered":"<p>Los anuncios surgieron tras una nueva reuni\u00f3n entre funcionarios de la Casa Rosada y de las administraciones de Bonfatti y Fein.<\/p>\n<p>Contrarreloj, el gobierno provincial y el municipio apuran el armado de la nueva Polic\u00eda Comunitaria, que debutar\u00e1 en las pr\u00f3ximas semanas con los primeros 40 agentes en el barrio Las Flores. Muchos detalles de la compleja operaci\u00f3n a poner en marcha se cotejaron ayer en la Capital Federal durante una larga jornada de trabajo con la participaci\u00f3n de funcionarios del Ministerio de Seguridad de la Naci\u00f3n, encabezados por su titular, Mar\u00eda Cecilia Rodr\u00edguez, su par de Santa Fe, con Ra\u00fal Lamberto, y la intendenta M\u00f3nica Fein.<\/p>\n<p>Con el mismo uniforme de uso \u00absocial\u00bb (camisa, corbata y pantal\u00f3n de gabardina) que visten a los polic\u00edas provinciales, aunque con un chaleco color naranja encima, los nuevos agentes tendr\u00e1n una presencia a raz\u00f3n de uno por manzana.<\/p>\n<p>Adem\u00e1s de armas, los comunitarios usar\u00e1n exclusivamente celulares oficiales cuyos n\u00fameros estar\u00e1n a disposici\u00f3n de los vecinos y contar\u00e1n con tarjetas personales y con un entrenamiento especial que ya adquirieron durante un semestre.<\/p>\n<p>A diferencia del cl\u00e1sico blanco y azul, el color naranja tambi\u00e9n distinguir\u00e1 al m\u00f3vil (cero kil\u00f3metro) que usar\u00e1n los comunitarios, cuya base f\u00edsica de operaciones se ubicar\u00e1, en una primera etapa, en tres construcciones modulares que se desarrollar\u00e1n en otros tantos terrenos dentro de Las Flores, que la Municipalidad ceder\u00e1 en comodato mediante un convenio que a firmar hoy.<\/p>\n<p>El cambio de concepci\u00f3n de trabajo, colores y lugar f\u00edsico de operaci\u00f3n ir\u00e1 acompa\u00f1ado de una nueva conducci\u00f3n operativa y pol\u00edtica, que emana del propio Lamberto y que se concreta en Juan Manuel Neffen, director provincial de Proximidad Policial. Los comunitarios depender\u00e1n de la Jefatura de la polic\u00eda provincial s\u00f3lo en el plano \u00abadministrativo\u00bb.<\/p>\n<div id=\"attachment_3797\" style=\"width: 631px\" class=\"wp-caption aligncenter\"><a href=\"http:\/\/argentinamunicipal.com.ar\/argentina\/wp-content\/uploads\/2014\/03\/03-13-C301.jpg_88717827.jpg\"><img loading=\"lazy\" decoding=\"async\" aria-describedby=\"caption-attachment-3797\" class=\"size-full wp-image-3797\" alt=\"In situ. Bifarello, Fein y Rodr\u00edguez recorrieron ayer la villa 31, ubicada en Retiro, donde evaluaron la experiencia porte\u00f1a de prevenci\u00f3n barrial.\" src=\"http:\/\/argentinamunicipal.com.ar\/argentina\/wp-content\/uploads\/2014\/03\/03-13-C301.jpg_88717827.jpg\" width=\"621\" height=\"465\" srcset=\"http:\/\/argentinamunicipal.com.ar\/argentina\/wp-content\/uploads\/2014\/03\/03-13-C301.jpg_88717827.jpg 621w, http:\/\/argentinamunicipal.com.ar\/argentina\/wp-content\/uploads\/2014\/03\/03-13-C301.jpg_88717827-300x224.jpg 300w\" sizes=\"auto, (max-width: 621px) 100vw, 621px\" \/><\/a><p id=\"caption-attachment-3797\" class=\"wp-caption-text\">In situ. Bifarello, Fein y Rodr\u00edguez recorrieron ayer la villa 31, ubicada en Retiro, donde evaluaron la experiencia porte\u00f1a de prevenci\u00f3n barrial.<\/p><\/div>\n<p>La nueva polic\u00eda de cercan\u00eda es parte de un programa integral de intervenci\u00f3n donde tambi\u00e9n juegan lo suyo los ministerios provinciales de Desarrollo Social, Educaci\u00f3n y Justicia, lo que explica la presencia de sus respectivos titulares (M\u00f3nica Bifarello, Claudia Balagu\u00e9 y Juan Lewis) en las actividades de ayer, que incluyeron recorridas por las ya famosas villas 15 (Ciudad Oculta) y 31 (Retiro), en la Capital Federal.<\/p>\n<p>En esos dos territorios funciona desde hace dos a\u00f1os un Cuerpo de Prevenci\u00f3n Barrial, dependiente del ministerio que conduce Rodr\u00edguez, que se percibe exitoso \u00abaunque no existan a\u00fan datos duros que lo corroboren\u00bb, seg\u00fan explic\u00f3 a La Capital Neffen.<\/p>\n<p>Los 26 homicidios cada 100 mil habitantes que se registraron en Rosario en 2013, casi cuadriplicando la tasa nacional de 5,5 y triplicando la de 9,6 del partido de La Matanza (en el Gran Buenos Aires), explican la necesidad y urgencia de poner en marcha un plan integral que ahora tom\u00f3 aceleraci\u00f3n.<br \/>\nBifarello, en tanto, destac\u00f3 la importancia de \u00abla coordinaci\u00f3n entre niveles del Estado, pero principalmente entre \u00e1reas, porque no hay un problema de seguridad desvinculado de un problema social o de infraestructura\u00bb.<\/p>\n<p>Finalizada la temporada de mezquindades, chicanas y reclamos pol\u00edticos entre las administraciones santafesina y nacional, ahora emerge con fuerza una generosa integraci\u00f3n: la semana pr\u00f3xima se pondr\u00e1 en marcha un programa de instrucci\u00f3n para los polic\u00edas comunitarios \u2014comenzando por los jefes\u2014, que dictar\u00e1n sus pares porte\u00f1os experimentados en el programa que se aplica en las villas de Buenos Aires.<\/p>\n<p>La Naci\u00f3n tambi\u00e9n comprometi\u00f3 la ayuda de agencias de seguridad (principalmente Gendarmer\u00eda y Polic\u00eda Federal) en la tarea inicial de la primera camada de los agentes de proximidad.<\/p>\n<p>Los federales tendr\u00e1n presencia en los corredores principales, como la avenida de Circunvalaci\u00f3n, entre otros, aunque no caminar\u00e1n junto a lo agentes provinciales dentro de la villa. No est\u00e1 dentro de sus atribuciones.<br \/>\nFein, a su turno, celebr\u00f3 que \u00abse alcanz\u00f3 un nivel de trabajo conjunto entre los tres niveles del Estado (Naci\u00f3n, provincia y municipio) que ser\u00e1 muy beneficioso para todos\u00bb.<\/p>\n<p>Y luego ratific\u00f3 que su plan, a mediano plazo, es que la polic\u00eda de proximidad despliegue unos 500 agentes en Rosario.<\/p>\n<p>Los primeros tiempos de inserci\u00f3n territorial se dar\u00e1 sucesivamente entre fines de marzo y principios de abril en los barrios Las Flores Este, La Granada y 17 de Agosto.<\/p>\n<p>El nuevo organismo de seguridad se integrar\u00e1 a las estrategias locales de proximidad con el vecino en el marco de los programas de inclusi\u00f3n social y urbana que vienen desarrollando en forma conjunta el municipio y la provincia.<\/p>\n<h3>Clima de trabajo<\/h3>\n<p>El ministro de Gobierno provincial, Rub\u00e9n Galassi, resalt\u00f3 ayer la existencia de \u00abun clima de trabajo totalmente distinto con la Naci\u00f3n\u00bb. Y resalt\u00f3: \u00abMa\u00f1ana (por hoy) estar\u00e1 en Rosario la procuradora General de la Naci\u00f3n, Alejandra Gils Carb\u00f3. Seguramente, en esas horas de reuni\u00f3n y trabajo surgir\u00e1n nuevas l\u00edneas de acci\u00f3n que dar\u00e1n mejores resultados como Estado\u00bb.<\/p>\n<h6>Fuente: La Capital de Rosario<\/h6>\n","protected":false},"excerpt":{"rendered":"<p>Los anuncios surgieron tras una nueva reuni\u00f3n entre funcionarios de la Casa Rosada y de las administraciones de Bonfatti y Fein. Contrarreloj, el gobierno provincial y el municipio apuran el armado de la nueva Polic\u00eda Comunitaria, que debutar\u00e1 en las pr\u00f3ximas semanas con los primeros 40 agentes en el barrio Las Flores. Muchos detalles de<\/p>\n","protected":false},"author":1,"featured_media":3797,"comment_status":"closed","ping_status":"closed","sticky":false,"template":"","format":"standard","meta":{"footnotes":""},"categories":[49],"tags":[10],"class_list":["post-3796","post","type-post","status-publish","format-standard","has-post-thumbnail","hentry","category-seguridad","tag-santa-fe"],"_links":{"self":[{"href":"http:\/\/argentinamunicipal.com.ar\/argentina\/wp-json\/wp\/v2\/posts\/3796","targetHints":{"allow":["GET"]}}],"collection":[{"href":"http:\/\/argentinamunicipal.com.ar\/argentina\/wp-json\/wp\/v2\/posts"}],"about":[{"href":"http:\/\/argentinamunicipal.com.ar\/argentina\/wp-json\/wp\/v2\/types\/post"}],"author":[{"embeddable":true,"href":"http:\/\/argentinamunicipal.com.ar\/argentina\/wp-json\/wp\/v2\/users\/1"}],"replies":[{"embeddable":true,"href":"http:\/\/argentinamunicipal.com.ar\/argentina\/wp-json\/wp\/v2\/comments?post=3796"}],"version-history":[{"count":0,"href":"http:\/\/argentinamunicipal.com.ar\/argentina\/wp-json\/wp\/v2\/posts\/3796\/revisions"}],"wp:featuredmedia":[{"embeddable":true,"href":"http:\/\/argentinamunicipal.com.ar\/argentina\/wp-json\/wp\/v2\/media\/3797"}],"wp:attachment":[{"href":"http:\/\/argentinamunicipal.com.ar\/argentina\/wp-json\/wp\/v2\/media?parent=3796"}],"wp:term":[{"taxonomy":"category","embeddable":true,"href":"http:\/\/argentinamunicipal.com.ar\/argentina\/wp-json\/wp\/v2\/categories?post=3796"},{"taxonomy":"post_tag","embeddable":true,"href":"http:\/\/argentinamunicipal.com.ar\/argentina\/wp-json\/wp\/v2\/tags?post=3796"}],"curies":[{"name":"wp","href":"https:\/\/api.w.org\/{rel}","templated":true}]}}