{"id":3799,"date":"2014-03-13T17:18:43","date_gmt":"2014-03-13T20:18:43","guid":{"rendered":"http:\/\/argentinamunicipal.com.ar\/argentina\/?p=3799"},"modified":"2014-03-13T17:18:43","modified_gmt":"2014-03-13T20:18:43","slug":"en-rosario-los-taxistas-no-quieren-pagar-las-multas-de-transito-con-dinero","status":"publish","type":"post","link":"http:\/\/argentinamunicipal.com.ar\/argentina\/en-rosario-los-taxistas-no-quieren-pagar-las-multas-de-transito-con-dinero\/","title":{"rendered":"En Rosario, los taxistas no quieren pagar las multas de tr\u00e1nsito con dinero"},"content":{"rendered":"<div id=\"attachment_3800\" style=\"width: 631px\" class=\"wp-caption aligncenter\"><a href=\"http:\/\/argentinamunicipal.com.ar\/argentina\/wp-content\/uploads\/2014\/03\/03-13-C501-guillen.jpg_88717827.jpg\"><img loading=\"lazy\" decoding=\"async\" aria-describedby=\"caption-attachment-3800\" class=\"size-full wp-image-3800\" alt=\"Bolsillos flacos. Los taxistas dicen que los montos de las multas que reciben &quot;son muy abultados&quot;.\" src=\"http:\/\/argentinamunicipal.com.ar\/argentina\/wp-content\/uploads\/2014\/03\/03-13-C501-guillen.jpg_88717827.jpg\" width=\"621\" height=\"465\" srcset=\"http:\/\/argentinamunicipal.com.ar\/argentina\/wp-content\/uploads\/2014\/03\/03-13-C501-guillen.jpg_88717827.jpg 621w, http:\/\/argentinamunicipal.com.ar\/argentina\/wp-content\/uploads\/2014\/03\/03-13-C501-guillen.jpg_88717827-300x224.jpg 300w\" sizes=\"auto, (max-width: 621px) 100vw, 621px\" \/><\/a><p id=\"caption-attachment-3800\" class=\"wp-caption-text\">Bolsillos flacos. Los taxistas dicen que los montos de las multas que reciben \u00abson muy abultados\u00bb.<\/p><\/div>\n<p>El s\u00e1bado har\u00e1n una asamblea en el anfiteatro del parque Urquiza. Piden hacer viajes gratis o someterse a la probation para saldar las infracciones de tr\u00e1nsito.<\/p>\n<p>Los titulares de taxis volver\u00e1n a exigir la implementaci\u00f3n de una probation para saldar las multas de tr\u00e1nsito. Este ser\u00e1 uno de los temas \u00abprioritarios\u00bb de la concentraci\u00f3n que realizar\u00e1n el pr\u00f3ximo s\u00e1bado, a partir de las 10, en el parque Urquiza, a la altura del Anfiteatro Municipal. \u00abRecorremos 400 kil\u00f3metros por d\u00eda y, aunque seamos cuidadosos, con los nuevos valores de las infracciones podemos llegar a juntar unos 20 o 30 mil pesos de multas al a\u00f1o. Son imposibles de pagar\u00bb, sostuvo el titular de la Asociaci\u00f3n de Titulares de Taxis Independientes (Atti), Mario Cesca.<\/p>\n<p>Los due\u00f1os de las unidades sumar\u00e1n as\u00ed sus propios temas al reclamo de mejores condiciones de seguridad para el servicio, abierto tras el fallecimiento de Sergio Quinteros, el chofer agredido durante la madrugada del domingo en Felipe Mor\u00e9 y Casilda. La muerte del trabajador dispar\u00f3 un paro en el sector y la promesa oficial de fortalecer los controles nocturnos (ver aparte).<\/p>\n<p>En medio de este escenario, referentes de las cinco entidades que agrupan a los propietarios de licencias (las c\u00e1maras de titulares y de radiotaxis, Asociaci\u00f3n de Taxistas Independientes, Asociaci\u00f3n de Conductores de Taxis y la Mutual Taxistas Unidos) se reunieron ayer para analizar \u00abla realidad del sector\u00bb.<\/p>\n<p>Un r\u00f3tulo al que suman viejas problem\u00e1ticas, como la proliferaci\u00f3n de remises truchos y la falta de choferes para las unidades, con nuevas exigencias.<br \/>\nEntre ellas, la demanda de que las multas de tr\u00e1nsito se libren a nombre del conductor, no del veh\u00edculo, y de que puedan saldarse mediante la implementaci\u00f3n de un sistema de probation. Esto es, ofreciendo viajes gratis a instituciones ben\u00e9ficas o prestando la colaboraci\u00f3n de sus veh\u00edculos en situaciones de emergencia.<\/p>\n<p>El reclamo volver\u00e1 a hacerse p\u00fablico el s\u00e1bado por la ma\u00f1ana, cuando los due\u00f1os de los coches tengan una asamblea p\u00fablica en el parque Urquiza.<\/p>\n<p>El tema ya fue planteado a principios de enero tanto a las autoridades de la Secretar\u00eda de Servicios P\u00fablicos como en el Concejo Municipal. Sin embargo, desde que el precio del litro de nafta se tom\u00f3 como unidad para establecer el valor de las sanciones, incrementando su costo, \u00abdirectamente se volvieron imposibles de pagar\u00bb, advirti\u00f3 Cesca.<\/p>\n<h3>Cuesti\u00f3n de tiempo<\/h3>\n<p>Para el presidente de Atti la cantidad de multas de tr\u00e1nsito que acumulan los taxis est\u00e1 \u00edntimamente relacionada con el tiempo que pasan en la calle las unidades.<\/p>\n<p>\u00abHacemos 400 kil\u00f3metros por d\u00eda y cruzamos varias veces el microcentro. Eso es lo que hace que a veces involuntariamente, otras por negligencia, se comentan infracciones. Pasa sobre todo en los choferes del turno noche, en algunos barrios no pod\u00e9s pararte a esperar que el sem\u00e1foro d\u00e9 la luz verde porque seguro que te roban o lo mismo pasa con las barreras del tren\u00bb, explic\u00f3.<\/p>\n<p>De esta forma, \u00aben un a\u00f1o se pueden juntar unos 20 o 30 mil pesos de multas, terminan saliendo m\u00e1s que el coche\u00bb, sostuvo.<\/p>\n<h3>Asunto prioritario<\/h3>\n<p>La posibilidad de que los taxistas paguen las multas con viajes gratis se implement\u00f3 en la ciudad de Buenos Aires en mayo de 2010, a pedido de los sindicatos del sector. De acuerdo a la gravedad de la falta se fijan la cantidad de horas de trabajo comunitario que, al momento de lanzar la medida, se circunscribi\u00f3 al traslado de adultos mayores residentes en hogares municipales.<\/p>\n<p>El presidente de la C\u00e1mara de Titulares de Licencias de Taxis, Jos\u00e9 Tornamb\u00e9, consider\u00f3 que la implementaci\u00f3n de la probation para saldar multas de tr\u00e1nsito \u00abes un tema prioritario\u00bb entre los due\u00f1os de los coches de alquiler.<\/p>\n<p>\u00abQueremos que por lo menos las actas de infracci\u00f3n se puedan personalizar, para que las pague quien las comete. Adem\u00e1s tenemos el problema del transporte ilegal, que ha crecido castastr\u00f3ficamente y resulta sumamente perjudicial para nosotros. Son dos temas que necesitamos abordar con las autoridades municipales para poder mejorar la calidad del servicio\u00bb, concluy\u00f3.<\/p>\n<h2>Cr\u00edticas en el debut de los corredores seguros<\/h2>\n<p>Referentes de las asociaciones que nuclean a los choferes y los titulares de taxis volver\u00e1n a reunirse hoy con funcionarios del Ministerio de Seguridad de la provincia para analizar el funcionamiento de los corredores seguros. Desde el Sindicato de Peones de Taxi advirtieron que al menos en su primera jornada la medida \u00abfue un fracaso\u00bb.<\/p>\n<p>Los corredores seguros para los taxistas debutaron durante la noche del martes. De acuerdo a lo convenido, los patrullajes y controles a pasajeros se incrementar\u00edan en 17 avenidas y calles de distintos barrios considerados \u00abcalientes\u00bb.<\/p>\n<p>Para el titular del sindicato, Horacio Boix, la puesta en marcha de la medida dej\u00f3 que desear. \u00abPor lo que analizamos con los choferes que trabajan de noche, los controles no estuvieron presentes. Todo lo prometido fracas\u00f3, no funcion\u00f3\u00bb, evalu\u00f3 y cont\u00f3 que un grupo de choferes se tom\u00f3 el trabajo de recorrer varias zonas de Rosario y grabar 50 minutos con el celular. \u00abEn todo este tiempo no se cruz\u00f3 con ning\u00fan polic\u00eda\u00bb, apunt\u00f3.Boix se\u00f1al\u00f3 tambi\u00e9n que en la madrugada del martes hubo dos robos violentos a peones en la zona sur.<\/p>\n<p>Uno de ellos, indic\u00f3, ocurri\u00f3 en Centenario y Leiva, en barrio Saladillo Sur, y fue denunciado en la comisar\u00eda 11\u00aa.\u00bbNada de lo que nos prometieron funcion\u00f3. Estamos preocupados por el tema porque somos los trabajadores los que quedamos mal parados, nos manifestamos, repudiamos la falta de seguridad y no obtenemos respuestas\u00bb, se quej\u00f3.<\/p>\n<p>El dirigente adelant\u00f3 que intentar\u00e1n generalizar el reclamo junto a otros gremios. \u00abYa iniciamos conversaciones con la CGT para convocar a todos los sindicatos, porque es una problem\u00e1tica que padecemos todos. Y en los pr\u00f3ximos d\u00edas presentaremos un plan de lucha conjunto para reclamar m\u00e1s seguridad y m\u00e1s presencia policial\u00bb.<\/p>\n<h6>Fuente: La Capital de Rosario<\/h6>\n","protected":false},"excerpt":{"rendered":"<p>El s\u00e1bado har\u00e1n una asamblea en el anfiteatro del parque Urquiza. Piden hacer viajes gratis o someterse a la probation para saldar las infracciones de tr\u00e1nsito. Los titulares de taxis volver\u00e1n a exigir la implementaci\u00f3n de una probation para saldar las multas de tr\u00e1nsito. Este ser\u00e1 uno de los temas \u00abprioritarios\u00bb de la concentraci\u00f3n que<\/p>\n","protected":false},"author":1,"featured_media":3800,"comment_status":"closed","ping_status":"closed","sticky":false,"template":"","format":"standard","meta":{"footnotes":""},"categories":[2],"tags":[10],"class_list":["post-3799","post","type-post","status-publish","format-standard","has-post-thumbnail","hentry","category-informe-municipal","tag-santa-fe"],"_links":{"self":[{"href":"http:\/\/argentinamunicipal.com.ar\/argentina\/wp-json\/wp\/v2\/posts\/3799","targetHints":{"allow":["GET"]}}],"collection":[{"href":"http:\/\/argentinamunicipal.com.ar\/argentina\/wp-json\/wp\/v2\/posts"}],"about":[{"href":"http:\/\/argentinamunicipal.com.ar\/argentina\/wp-json\/wp\/v2\/types\/post"}],"author":[{"embeddable":true,"href":"http:\/\/argentinamunicipal.com.ar\/argentina\/wp-json\/wp\/v2\/users\/1"}],"replies":[{"embeddable":true,"href":"http:\/\/argentinamunicipal.com.ar\/argentina\/wp-json\/wp\/v2\/comments?post=3799"}],"version-history":[{"count":0,"href":"http:\/\/argentinamunicipal.com.ar\/argentina\/wp-json\/wp\/v2\/posts\/3799\/revisions"}],"wp:featuredmedia":[{"embeddable":true,"href":"http:\/\/argentinamunicipal.com.ar\/argentina\/wp-json\/wp\/v2\/media\/3800"}],"wp:attachment":[{"href":"http:\/\/argentinamunicipal.com.ar\/argentina\/wp-json\/wp\/v2\/media?parent=3799"}],"wp:term":[{"taxonomy":"category","embeddable":true,"href":"http:\/\/argentinamunicipal.com.ar\/argentina\/wp-json\/wp\/v2\/categories?post=3799"},{"taxonomy":"post_tag","embeddable":true,"href":"http:\/\/argentinamunicipal.com.ar\/argentina\/wp-json\/wp\/v2\/tags?post=3799"}],"curies":[{"name":"wp","href":"https:\/\/api.w.org\/{rel}","templated":true}]}}