{"id":37991,"date":"2015-10-26T07:14:01","date_gmt":"2015-10-26T10:14:01","guid":{"rendered":"http:\/\/argentinamunicipal.com.ar\/argentina\/?p=37991"},"modified":"2015-10-26T10:15:51","modified_gmt":"2015-10-26T13:15:51","slug":"tierra-del-fuego-da-los-primeros-pasos-para-la-instalacion-de-un-parque-eolico","status":"publish","type":"post","link":"http:\/\/argentinamunicipal.com.ar\/argentina\/tierra-del-fuego-da-los-primeros-pasos-para-la-instalacion-de-un-parque-eolico\/","title":{"rendered":"Tierra del Fuego da los primeros pasos para la instalaci\u00f3n de un parque e\u00f3lico"},"content":{"rendered":"<p><a href=\"http:\/\/argentinamunicipal.com.ar\/argentina\/wp-content\/uploads\/2015\/10\/535fcd3abda8e_760x506.jpg\"><img loading=\"lazy\" decoding=\"async\" class=\"aligncenter  wp-image-37992\" src=\"http:\/\/argentinamunicipal.com.ar\/argentina\/wp-content\/uploads\/2015\/10\/535fcd3abda8e_760x506.jpg\" alt=\"535fcd3abda8e_760x506\" width=\"647\" height=\"431\" srcset=\"http:\/\/argentinamunicipal.com.ar\/argentina\/wp-content\/uploads\/2015\/10\/535fcd3abda8e_760x506.jpg 760w, http:\/\/argentinamunicipal.com.ar\/argentina\/wp-content\/uploads\/2015\/10\/535fcd3abda8e_760x506-300x200.jpg 300w\" sizes=\"auto, (max-width: 647px) 100vw, 647px\" \/><\/a><br \/>\nINSTALAR\u00c1N OCHO TURBINAS E\u00d3LICAS DE BAJA Y MEDIA POTENCIA PARA LA GENERACI\u00d3N DE ENERG\u00cdA EL\u00c9CTRICA COMO PRIMER PASO DE UN PROYECTO FINANCIADO POR EL GOBIERNO NACIONAL, CUYO OBJETIVO FINAL ES LA CONSTRUCCI\u00d3N DE UN PARQUE E\u00d3LICO A GRAN ESCALA.<\/p>\n<p>\u00abSomos muy optimistas, y creemos que con las condiciones pol\u00edticas y econ\u00f3micas adecuadas, en no m\u00e1s de cinco a\u00f1os podemos ver instalado el primer parque e\u00f3lico de la provincia\u00bb, sostuvo el ingeniero Pablo Lerzo, coordinador del \u00c1rea de Energ\u00edas Renovables de la Universidad Nacional de Tierra del Fuego (UNTDF), en di\u00e1logo con T\u00e9lam.<\/p>\n<p>Autoridades de la UNTDF y de la Cooperativa El\u00e9ctrica de R\u00edo Grande acaban de conformar \u00abEnargat Fuego\u00bb, un consorcio destinado al desarrollo e\u00f3lico que obtuvo 13,2 millones de pesos de financiamiento otorgados por el Fondo Argentino Sectorial (FONARSEC-FITR) a trav\u00e9s del Ministerio de Ciencia, Tecnolog\u00eda e Innovaci\u00f3n Productiva de la Naci\u00f3n.<\/p>\n<p>Los fondos ser\u00e1n destinados a la adquisici\u00f3n, instalaci\u00f3n y prueba de actividad t\u00e9cnica y econ\u00f3mica de cinco turbinas de baja potencia modelo IVS4500 de 4,5Kw, y de tres equipos de media potencia, denominados \u00abEolis30&#8243; de 33Kw\u00bb, que ser\u00e1n distribuidos a lo largo de la provincia para testear la generaci\u00f3n de energ\u00eda en forma individual y en red.<\/p>\n<p>Adem\u00e1s, las turbinas ser\u00e1n construidas por la empresa estatal INVAP (la misma que construy\u00f3 los sat\u00e9lites argentinos ARSAT 1 y 2) porque ello \u00abnos garantiza, no s\u00f3lo el uso de tecnolog\u00eda nacional, sino el soporte t\u00e9cnico para la compra y los servicios de post venta\u00bb, explic\u00f3 Lerzo.<\/p>\n<p>Cuatro de las torres ser\u00e1n instaladas en la zona norte provincial: el Paso Fronterizo San Sebasti\u00e1n, el Cabo Domingo, y las estancias Sara y Catalana, mientras que una quinta ser\u00e1 ubicada en el municipio de Tolhuin y el resto en inmediaciones de la ciudad de Ushuaia, posiblemente en el Parque Nacional Tierra del Fuego o Almanza, detall\u00f3 el investigador.<\/p>\n<p>\u00abLa idea es estudiar la producci\u00f3n de los equipos en un clima de fr\u00edo extremo, con el efecto que produce la corrosi\u00f3n salina y ante comportamientos particulares del viento en Tierra del Fuego, que a veces adquiere muy alta velocidad y se convierte en turbulencia\u00bb, ampli\u00f3 el especialista de la UNTDF.<\/p>\n<p>Si bien se realizar\u00e1n tareas de estudio, como por ejemplo con unas de las turbinas de 33Kw que solo estar\u00e1 conectada a aun laboratorio, el resto de los equipos cumplir\u00e1n funciones de abastecimiento el\u00e9ctrico para viviendas individuales o colectivas.<\/p>\n<p>\u00abAs\u00ed avanzaremos en aspectos importantes como los niveles de recupero de una inversi\u00f3n econ\u00f3mica en esta tecnolog\u00eda, y en cuestiones t\u00e9cnicas como la inyecci\u00f3n de electricidad a una red convencional\u00bb, se\u00f1al\u00f3 Lerzo.<\/p>\n<p>Tambi\u00e9n anticip\u00f3 que en un segundo escal\u00f3n del proyecto, y si los resultados son los esperados, \u00abvamos a ir a una generaci\u00f3n de alta potencia, con parques e\u00f3licos de gran magnitud como los existentes en Chile, Uruguay o Brasil\u00bb.<\/p>\n<p>La presentaci\u00f3n del consorcio \u00abEnargat Fuego\u00bb, realizada la semana pasada en R\u00edo Grande, tambi\u00e9n sirvi\u00f3 para difundir la culminaci\u00f3n del denominado \u00abMapa del potencial e\u00f3lico de la zona norte de Tierra del Fuego\u00bb, una iniciativa generada en 2009 para estudiar la factibilidad de este tipo de emprendimiento en suelo fueguino.<\/p>\n<p>Los investigadores instalaron cinco antenas anemom\u00e9tricas que midieron las velocidades y direcciones predominantes de los vientos, a 10, 30 y 60 metros de altura, durante casi dos a\u00f1os, adem\u00e1s de registrar la temperatura del ambiente.<\/p>\n<p>Los 60 mil datos obtenidos fueron procesados en una computadora y analizados por los f\u00edsicos de la universidad fueguina.<\/p>\n<p>\u00abHay zonas \u00f3ptimas como Cabo Domingo o San Sebasti\u00e1n. Nos queda estudiar lo mismo en Ushuaia, donde creemos que hay zonas favorables en la costa norte del Canal Beagle\u00bb, mencion\u00f3 Lerzo.<\/p>\n<p>\u00abEs una forma de ir cambiando la matriz energ\u00e9tica del pa\u00eds, y generando una impronta mucho menor de lo que se conoce como huella de carbono o gases de efecto invernadero. Un parque e\u00f3lico puede implicar la instalaci\u00f3n de 9 turbinas, con una inversi\u00f3n total de 100 millones de d\u00f3lares, pero sin dudas que ya hemos dado un gran paso\u00bb, afirm\u00f3 el investigador.<\/p>\n<p>La energ\u00eda e\u00f3lica es parte de un proyecto de desarrollo econ\u00f3mico impulsado por autoridades fueguinas y del gobierno nacional, que incluye la construcci\u00f3n del primer electroducto submarino de Am\u00e9rica latina para transportar energ\u00eda el\u00e9ctrica desde Tierra del Fuego a la zona continental del pa\u00eds a trav\u00e9s del Estrecho de Magallanes, e inyectar cerca de 700 megavatios al sistema<br \/>\ninterconectado nacional.<\/p>\n<p>La obra que se encuentra en su etapa final de consultor\u00eda se combinar\u00e1 con el proyecto de generar electricidad a boca de pozo, utilizando el remanente de gas que se extraiga de los yacimientos hidrocarbur\u00edferos Vega Pl\u00e9yade y Carina, situados frente a la costa de la provincia insular.<\/p>\n<h6>Fuente: T\u00e9lam<\/h6>\n","protected":false},"excerpt":{"rendered":"<p>INSTALAR\u00c1N OCHO TURBINAS E\u00d3LICAS DE BAJA Y MEDIA POTENCIA PARA LA GENERACI\u00d3N DE ENERG\u00cdA EL\u00c9CTRICA COMO PRIMER PASO DE UN PROYECTO FINANCIADO POR EL GOBIERNO NACIONAL, CUYO OBJETIVO FINAL ES LA CONSTRUCCI\u00d3N DE UN PARQUE E\u00d3LICO A GRAN ESCALA. \u00abSomos muy optimistas, y creemos que con las condiciones pol\u00edticas y econ\u00f3micas adecuadas, en no m\u00e1s<\/p>\n","protected":false},"author":2,"featured_media":37992,"comment_status":"closed","ping_status":"closed","sticky":false,"template":"","format":"standard","meta":{"footnotes":""},"categories":[2],"tags":[34],"class_list":["post-37991","post","type-post","status-publish","format-standard","has-post-thumbnail","hentry","category-informe-municipal","tag-tierra-del-fuego"],"_links":{"self":[{"href":"http:\/\/argentinamunicipal.com.ar\/argentina\/wp-json\/wp\/v2\/posts\/37991","targetHints":{"allow":["GET"]}}],"collection":[{"href":"http:\/\/argentinamunicipal.com.ar\/argentina\/wp-json\/wp\/v2\/posts"}],"about":[{"href":"http:\/\/argentinamunicipal.com.ar\/argentina\/wp-json\/wp\/v2\/types\/post"}],"author":[{"embeddable":true,"href":"http:\/\/argentinamunicipal.com.ar\/argentina\/wp-json\/wp\/v2\/users\/2"}],"replies":[{"embeddable":true,"href":"http:\/\/argentinamunicipal.com.ar\/argentina\/wp-json\/wp\/v2\/comments?post=37991"}],"version-history":[{"count":0,"href":"http:\/\/argentinamunicipal.com.ar\/argentina\/wp-json\/wp\/v2\/posts\/37991\/revisions"}],"wp:featuredmedia":[{"embeddable":true,"href":"http:\/\/argentinamunicipal.com.ar\/argentina\/wp-json\/wp\/v2\/media\/37992"}],"wp:attachment":[{"href":"http:\/\/argentinamunicipal.com.ar\/argentina\/wp-json\/wp\/v2\/media?parent=37991"}],"wp:term":[{"taxonomy":"category","embeddable":true,"href":"http:\/\/argentinamunicipal.com.ar\/argentina\/wp-json\/wp\/v2\/categories?post=37991"},{"taxonomy":"post_tag","embeddable":true,"href":"http:\/\/argentinamunicipal.com.ar\/argentina\/wp-json\/wp\/v2\/tags?post=37991"}],"curies":[{"name":"wp","href":"https:\/\/api.w.org\/{rel}","templated":true}]}}