{"id":38029,"date":"2015-10-27T07:32:41","date_gmt":"2015-10-27T10:32:41","guid":{"rendered":"http:\/\/argentinamunicipal.com.ar\/argentina\/?p=38029"},"modified":"2015-10-27T07:32:41","modified_gmt":"2015-10-27T10:32:41","slug":"nueva-venta-de-materiales-reciclables-en-villa-elisa","status":"publish","type":"post","link":"http:\/\/argentinamunicipal.com.ar\/argentina\/nueva-venta-de-materiales-reciclables-en-villa-elisa\/","title":{"rendered":"Nueva venta de materiales reciclables en Villa Elisa"},"content":{"rendered":"<div id=\"attachment_38030\" style=\"width: 637px\" class=\"wp-caption aligncenter\"><a href=\"http:\/\/argentinamunicipal.com.ar\/argentina\/wp-content\/uploads\/2015\/10\/p1130904.jpg\"><img loading=\"lazy\" decoding=\"async\" aria-describedby=\"caption-attachment-38030\" class=\" wp-image-38030\" src=\"http:\/\/argentinamunicipal.com.ar\/argentina\/wp-content\/uploads\/2015\/10\/p1130904.jpg\" alt=\"Destacan el avance en materia ambiental del municipio del departamento Col\u00f3n.\" width=\"627\" height=\"355\" srcset=\"http:\/\/argentinamunicipal.com.ar\/argentina\/wp-content\/uploads\/2015\/10\/p1130904.jpg 889w, http:\/\/argentinamunicipal.com.ar\/argentina\/wp-content\/uploads\/2015\/10\/p1130904-300x170.jpg 300w\" sizes=\"auto, (max-width: 627px) 100vw, 627px\" \/><\/a><p id=\"caption-attachment-38030\" class=\"wp-caption-text\">Destacan el avance en materia ambiental del municipio del departamento Col\u00f3n.<\/p><\/div>\n<p>Desde el a\u00f1o 2010 hasta la fecha se recolectaron 517.404 kilos de cart\u00f3n, vidrio y pl\u00e1stico gracias al compromiso de toda la comunidad. Autoridades de medio ambiente destacaron el avance que la ciudad entrerriana ha logrado en material ambiental.<\/p>\n<p>La Direcci\u00f3n Municipal de Ambiente de Villa Elisa concret\u00f3 una nueva carga de materiales reciclables, que alcanza los 18.040 kilos de cart\u00f3n, vidrio y pl\u00e1stico. Seg\u00fan los registros de ventas del corriente a\u00f1o, se lograron recuperar hasta el momento unos 168.100 kilos de material reciclable.<\/p>\n<p>Con esta \u00faltima carga, la ciudad de Villa Elisa ha superado el medio mill\u00f3n de kilos de material reciclable vendidos.<\/p>\n<p>Desde el a\u00f1o 2010, el trabajo fue constante, planificado y con el compromiso de toda la comunidad, gracias a ello hasta la fecha se recolectaron 517.404 kilos de cart\u00f3n, vidrio y pl\u00e1stico.<\/p>\n<p>Durante los \u00faltimos a\u00f1os Villa Elisa \u201cha avanzado de manera significativa en materia ambiental, concretando la clausura del vertedero municipal, poniendo en funcionamiento un nuevo dep\u00f3sito de RSU, fortaleciendo la estrategia de recuperaci\u00f3n de materiales a trav\u00e9s de los Puntos Limpios y afianzando la conciencia ambiental a partir de campa\u00f1as en escuelas con chicos y j\u00f3venes\u201d, destacaron desde la comuna.<\/p>\n<h6>Fuente: El Diario; Entre R\u00edos<\/h6>\n","protected":false},"excerpt":{"rendered":"<p>Desde el a\u00f1o 2010 hasta la fecha se recolectaron 517.404 kilos de cart\u00f3n, vidrio y pl\u00e1stico gracias al compromiso de toda la comunidad. Autoridades de medio ambiente destacaron el avance que la ciudad entrerriana ha logrado en material ambiental. La Direcci\u00f3n Municipal de Ambiente de Villa Elisa concret\u00f3 una nueva carga de materiales reciclables, que<\/p>\n","protected":false},"author":2,"featured_media":38030,"comment_status":"closed","ping_status":"closed","sticky":false,"template":"","format":"standard","meta":{"footnotes":""},"categories":[2],"tags":[17],"class_list":["post-38029","post","type-post","status-publish","format-standard","has-post-thumbnail","hentry","category-informe-municipal","tag-entre-rios"],"_links":{"self":[{"href":"http:\/\/argentinamunicipal.com.ar\/argentina\/wp-json\/wp\/v2\/posts\/38029","targetHints":{"allow":["GET"]}}],"collection":[{"href":"http:\/\/argentinamunicipal.com.ar\/argentina\/wp-json\/wp\/v2\/posts"}],"about":[{"href":"http:\/\/argentinamunicipal.com.ar\/argentina\/wp-json\/wp\/v2\/types\/post"}],"author":[{"embeddable":true,"href":"http:\/\/argentinamunicipal.com.ar\/argentina\/wp-json\/wp\/v2\/users\/2"}],"replies":[{"embeddable":true,"href":"http:\/\/argentinamunicipal.com.ar\/argentina\/wp-json\/wp\/v2\/comments?post=38029"}],"version-history":[{"count":0,"href":"http:\/\/argentinamunicipal.com.ar\/argentina\/wp-json\/wp\/v2\/posts\/38029\/revisions"}],"wp:featuredmedia":[{"embeddable":true,"href":"http:\/\/argentinamunicipal.com.ar\/argentina\/wp-json\/wp\/v2\/media\/38030"}],"wp:attachment":[{"href":"http:\/\/argentinamunicipal.com.ar\/argentina\/wp-json\/wp\/v2\/media?parent=38029"}],"wp:term":[{"taxonomy":"category","embeddable":true,"href":"http:\/\/argentinamunicipal.com.ar\/argentina\/wp-json\/wp\/v2\/categories?post=38029"},{"taxonomy":"post_tag","embeddable":true,"href":"http:\/\/argentinamunicipal.com.ar\/argentina\/wp-json\/wp\/v2\/tags?post=38029"}],"curies":[{"name":"wp","href":"https:\/\/api.w.org\/{rel}","templated":true}]}}