{"id":38040,"date":"2015-10-27T13:10:26","date_gmt":"2015-10-27T16:10:26","guid":{"rendered":"http:\/\/argentinamunicipal.com.ar\/argentina\/?p=38040"},"modified":"2015-10-27T13:10:26","modified_gmt":"2015-10-27T16:10:26","slug":"el-nivel-de-actividad-economica-crecio-26-en-agosto","status":"publish","type":"post","link":"http:\/\/argentinamunicipal.com.ar\/argentina\/el-nivel-de-actividad-economica-crecio-26-en-agosto\/","title":{"rendered":"El nivel de actividad econ\u00f3mica creci\u00f3 2,6% en agosto"},"content":{"rendered":"<p><a href=\"http:\/\/argentinamunicipal.com.ar\/argentina\/wp-content\/uploads\/2015\/10\/31501.jpg\"><img loading=\"lazy\" decoding=\"async\" class=\"aligncenter  wp-image-38041\" src=\"http:\/\/argentinamunicipal.com.ar\/argentina\/wp-content\/uploads\/2015\/10\/31501.jpg\" alt=\"3150\" width=\"626\" height=\"391\" srcset=\"http:\/\/argentinamunicipal.com.ar\/argentina\/wp-content\/uploads\/2015\/10\/31501.jpg 1680w, http:\/\/argentinamunicipal.com.ar\/argentina\/wp-content\/uploads\/2015\/10\/31501-300x188.jpg 300w, http:\/\/argentinamunicipal.com.ar\/argentina\/wp-content\/uploads\/2015\/10\/31501-1024x640.jpg 1024w\" sizes=\"auto, (max-width: 626px) 100vw, 626px\" \/><\/a><\/p>\n<p>LA INDUSTRIA CRECI\u00d3 DURANTE SEPTIEMBRE EL 0,7% EN RELACI\u00d3N A IGUAL MES DEL A\u00d1O PASADO, MIENTRAS QUE EL NIVEL DE ACTIVIDAD EN SU CONJUNTO MOSTR\u00d3 UN AVANCE DE 2,6 POR CIENTO EN AGOSTO, INFORM\u00d3 HOY EL INSTITUTO NACIONAL DE ESTAD\u00cdSTICA Y CENSOS (INDEC).<\/p>\n<p>La dependencia oficial dio cuenta que el Estimador Mensual Industrial (EMI) marc\u00f3 durante septiembre una suba del 0,7% en t\u00e9rminos interanuales y una baja de igual magnitud en relaci\u00f3n a agosto.<\/p>\n<p>En la comparaci\u00f3n interanual, se destac\u00f3 la suba del 6,7% en el sector de la Industria Alimenticia, con alzas del 25% en la molienda de cereales y oleaginosas, del 2,6% en la producci\u00f3n de Carnes Rojas, del 1,6% tanto en L\u00e1cteos como en Carnes Blancas.<\/p>\n<p>Tambi\u00e9n aument\u00f3 6,4% la producci\u00f3n de materiales ligados para la construcci\u00f3n, 8,4% en Caucho y Pl\u00e1stico, y del 0,3% en productos qu\u00edmicos.<\/p>\n<p>Todas estas subas lograron asimilar las bajas del 5,2% en la producci\u00f3n de Acero Crudo; -6,5% en Aluminio; -3,2% en Procesamiento de Petr\u00f3leo: y -9,8 en el sector automotor.<\/p>\n<p>Con todo esto, la utilizaci\u00f3n de la capacidad instalada ronda el 73,6% en promedio, un nivel similar al de septiembre del a\u00f1o pasado.<br \/>\nCon estos antecedentes, el 14,7% de los empresarios consultados por el INDEC anticip\u00f3 una baja en la actividad para lo que resta del a\u00f1o contra un 12,4% que prev\u00e9 un aumento, y un 72,9% que no anticipa mayores variantes.<\/p>\n<p>Adem\u00e1s, el 18,1% de las compa\u00f1\u00edas consideran que caer\u00e1n sus ventas al exterior desde ahora y hasta fin de a\u00f1o, el 15,5% prev\u00e9 una suba, mientras que el 66,4% anticipa una mejora.<\/p>\n<p>En este marco, el 95,1% de las firmas no advierte cambios en la dotaci\u00f3n del personas, 4,3% prev\u00e9 una baja, y el 0,6% anticipa un aumento.<\/p>\n<p>En cuanto al nivel de Actividad Econ\u00f3mica, la suba del 2,6% interanual registrada en agosto estuvo impulsada por el consumo, la construcci\u00f3n y la industria.<\/p>\n<p>Sin embargo, el Estimador Mensual de la Actividad Econ\u00f3mica, que re\u00fane a varios de los componentes que se emplean para elaborar el Producto Interno Bruto (PIB) marc\u00f3 una merma del 0,2% en relaci\u00f3n a julio.<\/p>\n<p>Durante el primer semestre del a\u00f1o, el PIB registr\u00f3 una mejora de 2,2 por ciento en relaci\u00f3n a igual per\u00edodo de 2014, impulsado por el consumo, la construcci\u00f3n, la obra p\u00fablica y el sector agr\u00edcola.<\/p>\n<p>Esta mejora acumulada se dio luego que el PIB creciera durante el segundo trimestre 2,3 por ciento frente a similar lapso del a\u00f1o pasado, y 0,5 por ciento en relaci\u00f3n al primer trimestre.<\/p>\n<p>Desde el \u00faltimo trimestre del 2013, cuando la econom\u00eda en su conjunto creci\u00f3 3,3 por ciento, no se registraba una variaci\u00f3n interanual de esta envergadura.<\/p>\n<h6>Fuente: T\u00e9lam<\/h6>\n","protected":false},"excerpt":{"rendered":"<p>LA INDUSTRIA CRECI\u00d3 DURANTE SEPTIEMBRE EL 0,7% EN RELACI\u00d3N A IGUAL MES DEL A\u00d1O PASADO, MIENTRAS QUE EL NIVEL DE ACTIVIDAD EN SU CONJUNTO MOSTR\u00d3 UN AVANCE DE 2,6 POR CIENTO EN AGOSTO, INFORM\u00d3 HOY EL INSTITUTO NACIONAL DE ESTAD\u00cdSTICA Y CENSOS (INDEC). La dependencia oficial dio cuenta que el Estimador Mensual Industrial (EMI) marc\u00f3<\/p>\n","protected":false},"author":2,"featured_media":38041,"comment_status":"closed","ping_status":"closed","sticky":false,"template":"","format":"standard","meta":{"footnotes":""},"categories":[8],"tags":[21],"class_list":["post-38040","post","type-post","status-publish","format-standard","has-post-thumbnail","hentry","category-informe-nacional","tag-argentina"],"_links":{"self":[{"href":"http:\/\/argentinamunicipal.com.ar\/argentina\/wp-json\/wp\/v2\/posts\/38040","targetHints":{"allow":["GET"]}}],"collection":[{"href":"http:\/\/argentinamunicipal.com.ar\/argentina\/wp-json\/wp\/v2\/posts"}],"about":[{"href":"http:\/\/argentinamunicipal.com.ar\/argentina\/wp-json\/wp\/v2\/types\/post"}],"author":[{"embeddable":true,"href":"http:\/\/argentinamunicipal.com.ar\/argentina\/wp-json\/wp\/v2\/users\/2"}],"replies":[{"embeddable":true,"href":"http:\/\/argentinamunicipal.com.ar\/argentina\/wp-json\/wp\/v2\/comments?post=38040"}],"version-history":[{"count":0,"href":"http:\/\/argentinamunicipal.com.ar\/argentina\/wp-json\/wp\/v2\/posts\/38040\/revisions"}],"wp:featuredmedia":[{"embeddable":true,"href":"http:\/\/argentinamunicipal.com.ar\/argentina\/wp-json\/wp\/v2\/media\/38041"}],"wp:attachment":[{"href":"http:\/\/argentinamunicipal.com.ar\/argentina\/wp-json\/wp\/v2\/media?parent=38040"}],"wp:term":[{"taxonomy":"category","embeddable":true,"href":"http:\/\/argentinamunicipal.com.ar\/argentina\/wp-json\/wp\/v2\/categories?post=38040"},{"taxonomy":"post_tag","embeddable":true,"href":"http:\/\/argentinamunicipal.com.ar\/argentina\/wp-json\/wp\/v2\/tags?post=38040"}],"curies":[{"name":"wp","href":"https:\/\/api.w.org\/{rel}","templated":true}]}}