{"id":38060,"date":"2015-10-28T07:26:14","date_gmt":"2015-10-28T10:26:14","guid":{"rendered":"http:\/\/argentinamunicipal.com.ar\/argentina\/?p=38060"},"modified":"2015-10-28T07:26:14","modified_gmt":"2015-10-28T10:26:14","slug":"argentina-es-el-pais-de-sudamerica-que-mas-redujo-el-desempleo-afirman-la-cepal-y-la-oit","status":"publish","type":"post","link":"http:\/\/argentinamunicipal.com.ar\/argentina\/argentina-es-el-pais-de-sudamerica-que-mas-redujo-el-desempleo-afirman-la-cepal-y-la-oit\/","title":{"rendered":"Argentina es el pa\u00eds de Sudam\u00e9rica que m\u00e1s redujo el desempleo, afirman la Cepal y la OIT"},"content":{"rendered":"<p><a href=\"http:\/\/argentinamunicipal.com.ar\/argentina\/wp-content\/uploads\/2015\/10\/certificacion-de-carpinteros-1.jpg\"><img loading=\"lazy\" decoding=\"async\" class=\"aligncenter  wp-image-38061\" src=\"http:\/\/argentinamunicipal.com.ar\/argentina\/wp-content\/uploads\/2015\/10\/certificacion-de-carpinteros-1.jpg\" alt=\"certificacion-de-carpinteros-1\" width=\"692\" height=\"461\" srcset=\"http:\/\/argentinamunicipal.com.ar\/argentina\/wp-content\/uploads\/2015\/10\/certificacion-de-carpinteros-1.jpg 1536w, http:\/\/argentinamunicipal.com.ar\/argentina\/wp-content\/uploads\/2015\/10\/certificacion-de-carpinteros-1-300x200.jpg 300w, http:\/\/argentinamunicipal.com.ar\/argentina\/wp-content\/uploads\/2015\/10\/certificacion-de-carpinteros-1-1024x683.jpg 1024w\" sizes=\"auto, (max-width: 692px) 100vw, 692px\" \/><\/a><br \/>\nES UNO DE LOS TRES EN LOS QUE EN LATINOAM\u00c9RICA LA DESOCUPACI\u00d3N REGISTR\u00d3 UN DESCENSO, A DIFERENCIA DEL RESTO, QUE MOSTRARON AUMENTOS EN LAS TASAS DE INACTIVIDAD DE SUS TRABAJADORES.<\/p>\n<p>El informe fue presentado en forma conjunta por la Comisi\u00f3n Econ\u00f3mica para Am\u00e9rica Latina y el Caribe (Cepal) y la Organizaci\u00f3n Internacional del Trabajo (OIT).<\/p>\n<p>En el documento \u00a0\u00abCoyuntura laboral en Am\u00e9rica Latina y el Caribe\u00bb, la Cepal y la OIT indicaron que \u00abse observa un empeoramiento bastante generalizado\u00bb de la desocupaci\u00f3n en la regi\u00f3n \u00abentre el primer y el segundo trimestre de 2015, dado que, con la excepci\u00f3n de la Argentina, Jamaica y M\u00e9xico, la evoluci\u00f3n de las tasas de desempleo en el segundo trimestre ha sido m\u00e1s desfavorable que en el primero\u00bb.<\/p>\n<p>\u00abSobre la evoluci\u00f3n del empleo registrado, que representa el empleo de mejor calidad, la regi\u00f3n muestra un escenario mixto\u00bb, precisaron los organismos.<\/p>\n<p>Remarcaron que \u00aben los pa\u00edses sudamericanos, con la excepci\u00f3n de la Argentina, el desempe\u00f1o de este indicador empeor\u00f3 en el primer semestre de 2015 respecto de los a\u00f1os previos, y tambi\u00e9n lo hizo entre el primer y el segundo trimestre.<\/p>\n<p>Asimismo se\u00f1alaron que \u00aben muchos pa\u00edses se aceler\u00f3 la expansi\u00f3n del trabajo por cuenta propia\u00bb y puntualizaron que \u00aben Brasil, Costa Rica, Ecuador, M\u00e9xico, Panam\u00e1, Paraguay y Per\u00fa, esta categor\u00eda expandi\u00f3 su participaci\u00f3n en el conjunto del empleo\u00bb.<\/p>\n<p>En cambio destacaron que \u00ablas excepciones fueron la Argentina, Chile y Colombia, donde esta categor\u00eda se expandi\u00f3 menos que el empleo asalariado\u00bb.<\/p>\n<p>En ese sentido remarc\u00f3 que \u00abla tendencia de un aumento de la proporci\u00f3n del empleo asalariado se concentra en los tres pa\u00edses de mayor tama\u00f1o poblacional de la regi\u00f3n, que son Argentina, de 81,8% a 84,8%; Brasil, de 67,6% a 78,7%; y M\u00e9xico, de 67,8% a 71,4%\u00bb.<\/p>\n<p>Adem\u00e1s indicaron que \u00abla tasa de subempleo aument\u00f3, en la comparaci\u00f3n interanual, en Brasil, Costa Rica, Ecuador y Paraguay\u00bb, mientras que subrayaron que \u00abse mantuvo pr\u00e1cticamente constante en Colombia, M\u00e9xico y Uruguay; y descendi\u00f3 en Argentina, Chile y Per\u00fa.<\/p>\n<h6>Fuente: T\u00e9lam<\/h6>\n","protected":false},"excerpt":{"rendered":"<p>ES UNO DE LOS TRES EN LOS QUE EN LATINOAM\u00c9RICA LA DESOCUPACI\u00d3N REGISTR\u00d3 UN DESCENSO, A DIFERENCIA DEL RESTO, QUE MOSTRARON AUMENTOS EN LAS TASAS DE INACTIVIDAD DE SUS TRABAJADORES. El informe fue presentado en forma conjunta por la Comisi\u00f3n Econ\u00f3mica para Am\u00e9rica Latina y el Caribe (Cepal) y la Organizaci\u00f3n Internacional del Trabajo (OIT).<\/p>\n","protected":false},"author":2,"featured_media":38061,"comment_status":"closed","ping_status":"closed","sticky":false,"template":"","format":"standard","meta":{"footnotes":""},"categories":[8],"tags":[21],"class_list":["post-38060","post","type-post","status-publish","format-standard","has-post-thumbnail","hentry","category-informe-nacional","tag-argentina"],"_links":{"self":[{"href":"http:\/\/argentinamunicipal.com.ar\/argentina\/wp-json\/wp\/v2\/posts\/38060","targetHints":{"allow":["GET"]}}],"collection":[{"href":"http:\/\/argentinamunicipal.com.ar\/argentina\/wp-json\/wp\/v2\/posts"}],"about":[{"href":"http:\/\/argentinamunicipal.com.ar\/argentina\/wp-json\/wp\/v2\/types\/post"}],"author":[{"embeddable":true,"href":"http:\/\/argentinamunicipal.com.ar\/argentina\/wp-json\/wp\/v2\/users\/2"}],"replies":[{"embeddable":true,"href":"http:\/\/argentinamunicipal.com.ar\/argentina\/wp-json\/wp\/v2\/comments?post=38060"}],"version-history":[{"count":0,"href":"http:\/\/argentinamunicipal.com.ar\/argentina\/wp-json\/wp\/v2\/posts\/38060\/revisions"}],"wp:featuredmedia":[{"embeddable":true,"href":"http:\/\/argentinamunicipal.com.ar\/argentina\/wp-json\/wp\/v2\/media\/38061"}],"wp:attachment":[{"href":"http:\/\/argentinamunicipal.com.ar\/argentina\/wp-json\/wp\/v2\/media?parent=38060"}],"wp:term":[{"taxonomy":"category","embeddable":true,"href":"http:\/\/argentinamunicipal.com.ar\/argentina\/wp-json\/wp\/v2\/categories?post=38060"},{"taxonomy":"post_tag","embeddable":true,"href":"http:\/\/argentinamunicipal.com.ar\/argentina\/wp-json\/wp\/v2\/tags?post=38060"}],"curies":[{"name":"wp","href":"https:\/\/api.w.org\/{rel}","templated":true}]}}