{"id":38090,"date":"2015-10-28T08:00:44","date_gmt":"2015-10-28T11:00:44","guid":{"rendered":"http:\/\/argentinamunicipal.com.ar\/argentina\/?p=38090"},"modified":"2015-10-28T08:00:44","modified_gmt":"2015-10-28T11:00:44","slug":"habilitan-31-kilometros-mas-de-la-autovia-cordoba-rio-cuarto","status":"publish","type":"post","link":"http:\/\/argentinamunicipal.com.ar\/argentina\/habilitan-31-kilometros-mas-de-la-autovia-cordoba-rio-cuarto\/","title":{"rendered":"Habilitan 31 kil\u00f3metros m\u00e1s de la autov\u00eda C\u00f3rdoba-R\u00edo Cuarto"},"content":{"rendered":"<p><a href=\"http:\/\/argentinamunicipal.com.ar\/argentina\/wp-content\/uploads\/2015\/10\/autovia_3.jpg\"><img loading=\"lazy\" decoding=\"async\" class=\"aligncenter size-full wp-image-38091\" src=\"http:\/\/argentinamunicipal.com.ar\/argentina\/wp-content\/uploads\/2015\/10\/autovia_3.jpg\" alt=\"autovia_3\" width=\"642\" height=\"366\" srcset=\"http:\/\/argentinamunicipal.com.ar\/argentina\/wp-content\/uploads\/2015\/10\/autovia_3.jpg 642w, http:\/\/argentinamunicipal.com.ar\/argentina\/wp-content\/uploads\/2015\/10\/autovia_3-300x171.jpg 300w\" sizes=\"auto, (max-width: 642px) 100vw, 642px\" \/><\/a><br \/>\nSe trata de cuatro tramos en distintos puntos de la ruta 36. \u00a0El objetivo final es cubrir los 205 kil\u00f3metros que separan a C\u00f3rdoba Capital de R\u00edo Cuarto.<\/p>\n<p>El fin de semana se habilitaron tres nuevos tramos de la autov\u00eda C\u00f3rdoba-R\u00edo Cuarto sobre la ruta 36. Este martes se sumar\u00e1n 5,5 kil\u00f3metros que suman un total de 31,5 kil\u00f3metros, seg\u00fan detallaron en Prensa de la Provincia.<\/p>\n<p>D\u00edas atr\u00e1s, el gobernador Jos\u00e9 manuel de la Sota admiti\u00f3 que la obra, en su totalidad, no inaugurar\u00eda antes de finalizar este a\u00f1o, como se hab\u00eda anunciado, por asl demoras que se observan sobre todo en los desv\u00edos que se construyen sobre Elena y el lago Piedras Moras.De la Sota dijo que \u00abal cien por ciento\u00bb estar\u00eda lista para ser habilitada hacia febrero de 2016, ya durante el gobierno de Juan Schiaretti.<\/p>\n<p><strong>Los nuevos tramos que se suman desde ayer a la autov\u00eda son:<\/strong><\/p>\n<p>Variante Coronel Baigorria: 6 kil\u00f3metros<br \/>\nVariante Coronel Baigorria hasta comienzo de Alcira Gigena: 5 kil\u00f3metros de la mano que va hacia C\u00f3rdoba.<br \/>\nAltos Fierros-Despe\u00f1aderos: 15 kil\u00f3metros de la mano que va a R\u00edo Cuarto<br \/>\nVariante Los C\u00f3ndores: 5,5 kil\u00f3metros se habilitar\u00e1n el martes<\/p>\n<h6>Fuente: La Voz del Interior<\/h6>\n","protected":false},"excerpt":{"rendered":"<p>Se trata de cuatro tramos en distintos puntos de la ruta 36. \u00a0El objetivo final es cubrir los 205 kil\u00f3metros que separan a C\u00f3rdoba Capital de R\u00edo Cuarto. El fin de semana se habilitaron tres nuevos tramos de la autov\u00eda C\u00f3rdoba-R\u00edo Cuarto sobre la ruta 36. Este martes se sumar\u00e1n 5,5 kil\u00f3metros que suman un<\/p>\n","protected":false},"author":2,"featured_media":38091,"comment_status":"closed","ping_status":"closed","sticky":false,"template":"","format":"standard","meta":{"footnotes":""},"categories":[2],"tags":[3],"class_list":["post-38090","post","type-post","status-publish","format-standard","has-post-thumbnail","hentry","category-informe-municipal","tag-cordoba"],"_links":{"self":[{"href":"http:\/\/argentinamunicipal.com.ar\/argentina\/wp-json\/wp\/v2\/posts\/38090","targetHints":{"allow":["GET"]}}],"collection":[{"href":"http:\/\/argentinamunicipal.com.ar\/argentina\/wp-json\/wp\/v2\/posts"}],"about":[{"href":"http:\/\/argentinamunicipal.com.ar\/argentina\/wp-json\/wp\/v2\/types\/post"}],"author":[{"embeddable":true,"href":"http:\/\/argentinamunicipal.com.ar\/argentina\/wp-json\/wp\/v2\/users\/2"}],"replies":[{"embeddable":true,"href":"http:\/\/argentinamunicipal.com.ar\/argentina\/wp-json\/wp\/v2\/comments?post=38090"}],"version-history":[{"count":0,"href":"http:\/\/argentinamunicipal.com.ar\/argentina\/wp-json\/wp\/v2\/posts\/38090\/revisions"}],"wp:featuredmedia":[{"embeddable":true,"href":"http:\/\/argentinamunicipal.com.ar\/argentina\/wp-json\/wp\/v2\/media\/38091"}],"wp:attachment":[{"href":"http:\/\/argentinamunicipal.com.ar\/argentina\/wp-json\/wp\/v2\/media?parent=38090"}],"wp:term":[{"taxonomy":"category","embeddable":true,"href":"http:\/\/argentinamunicipal.com.ar\/argentina\/wp-json\/wp\/v2\/categories?post=38090"},{"taxonomy":"post_tag","embeddable":true,"href":"http:\/\/argentinamunicipal.com.ar\/argentina\/wp-json\/wp\/v2\/tags?post=38090"}],"curies":[{"name":"wp","href":"https:\/\/api.w.org\/{rel}","templated":true}]}}